{"id":80528,"date":"2025-11-06T23:44:09","date_gmt":"2025-11-06T23:44:09","guid":{"rendered":"https:\/\/www.europesays.com\/no\/80528\/"},"modified":"2025-11-06T23:44:09","modified_gmt":"2025-11-06T23:44:09","slug":"julia-simon-utestengt-i-seks-maneder-etter-dommen","status":"publish","type":"post","link":"https:\/\/www.europesays.com\/no\/80528\/","title":{"rendered":"Julia Simon utestengt i seks m\u00e5neder etter dommen"},"content":{"rendered":"\n<p class=\"_lead_o9xde_2 _lead_xtcu6_50 layout-component text-serif-m layout-normal text-serif-l layout-component layout-wide layout-padded _wide_17hqh_1 layout-padded\">Skiskytterdronningen Julia Simon er av disiplin\u00e6rkomiteen i Frankrikes skiforbund utestengt i seks m\u00e5neder, men fem m\u00e5neder er gjort betinget.<\/p>\n<p><img alt=\"Julia Simon tok fire gull i VM i skiskyting i Sveits sist vinter.  Foto: Petr David Josek \/ AP \/ NTB.\" class=\"_image_qp4xg_65 layout-component layout-wide\" data-fullscreen- data-track-element-type=\"Article image fullscreen\" data-track-name=\"ImageFullscreen\" fetchpriority=\"high\" decoding=\"sync\" loading=\"eager\" height=\"3513\" itemprop=\"image\"  src=\"https:\/\/www.europesays.com\/no\/wp-content\/uploads\/2025\/11\/0103da4c-03bd-473d-bddf-c28cf54e7203\"  style=\"object-position:0% 0%\" width=\"5271\"\/>Julia Simon tok fire gull i VM i skiskyting i Sveits sist vinter.  Foto: Petr David Josek \/ AP \/ NTB.<\/p>\n<ul aria-hidden=\"true\" class=\"_images_18f0k_111\">\n<li><a class=\"_link_18f0k_116\" href=\"https:\/\/www.vg.no\/forfatter\/ntb\" style=\"z-index:1\" title=\"NTB\" rel=\"nofollow noopener\" target=\"_blank\"><img alt=\"Bilde av NTB\" class=\"_image_18f0k_93\" fetchpriority=\"low\" loading=\"lazy\" decoding=\"async\" itemprop=\"image\"  src=\"https:\/\/www.europesays.com\/no\/wp-content\/uploads\/2025\/11\/1762472649_616_c33980b0-5d07-4027-84a1-813f90a7c8d6\"  width=\"480\"\/><\/a><\/li>\n<\/ul>\n<p> Oppdatert fredag 7. november kl. 00:08     <\/p>\n<p class=\"_paragraph_o9xde_4 _paragraph_xtcu6_10 layout-component text-serif-m layout-normal text-serif-m layout-padded\"> Straffen er ilagt etter at hun nylig ble d\u00f8mt for kredittkortsvindel og tyveri. Hun trenger bare \u00e5 sone \u00e9n m\u00e5ned av utelukkelsen og mister verdenscup\u00e5pningen i \u00d6stersund, men vil v\u00e6re fri til \u00e5 delta i OL. Det melder <a href=\"https:\/\/www.lequipe.fr\/Biathlon\/Actualites\/Une-suspension-d-un-mois-ferme-et-une-amende-la-federation-francaise-de-ski-a-sanctionne-julia-simon\/1607937\" class=\"_link_o9xde_39\" rel=\"nofollow noopener\" target=\"_blank\">L&#8217;Equipe<\/a> og andre franske medier.<\/p>\n<p class=\"_paragraph_o9xde_4 _paragraph_xtcu6_10 layout-component text-serif-m layout-normal text-serif-m layout-padded\">Simon er ogs\u00e5 ilagt en bot p\u00e5 30.000 euro, hvorav halvparten er gjort betinget. Det resterende bel\u00f8pet m\u00e5 betales til Frankrikes skiforbund (FFS) innen seks m\u00e5neder og skal brukes til ungdomsarbeid.<\/p>\n<p class=\"_paragraph_o9xde_4 _paragraph_xtcu6_10 layout-component text-serif-m layout-normal text-serif-m layout-padded\">Simon ble for to uker siden d\u00f8mt til tre m\u00e5neders betinget fengsel og en bot p\u00e5 15.000 euro (rundt 175.000 kroner) for tyveri og bedrageri mot blant andre lagvenninnen Justine Braisaz-Bouchet.<\/p>\n<p class=\"_paragraph_o9xde_4 _paragraph_xtcu6_10 layout-component text-serif-m layout-normal text-serif-m layout-padded\">Dommen i en rettsinstans i Albertville kom kort tid etter at Simon overraskende for mange hadde lagt alle kort p\u00e5 bordet i retten og innr\u00f8mmet de faktiske forholdene i tiltalen.<\/p>\n<p>Endret forklaring<\/p>\n<p class=\"_paragraph_o9xde_4 _paragraph_xtcu6_10 layout-component text-serif-m layout-normal text-serif-m layout-padded\">I etterkant av dommen opplyste Frankrikes skiforbund, som ogs\u00e5 har ansvar for skiskyting, at medlemmene av disiplin\u00e6rkomiteen raskt skulle m\u00f8tes for \u00e5 vurdere hvilke disiplin\u00e6rtiltak forbundet eventuelt skulle iverksette.<\/p>\n<p class=\"_paragraph_o9xde_4 _paragraph_xtcu6_10 layout-component text-serif-m layout-normal text-serif-m layout-padded\">Torsdag m\u00f8ttes den seks medlemmer store komiteen, og sent p\u00e5 kvelden ble straffen offentliggjort. Hun er utestengt i seks m\u00e5neder \u00abfra deltakelse i konkurranser og trening organisert eller autorisert av FFS og IBU\u00bb, men fem m\u00e5neder er alts\u00e5 gjort betinget.<\/p>\n<p class=\"_paragraph_o9xde_4 _paragraph_xtcu6_10 layout-component text-serif-m layout-normal text-serif-m layout-padded\">Simon hadde f\u00f8r rettssaken flere ganger hevdet at hun m\u00e5tte ha blitt utsatt for identitetstyveri. I rettssalen sa hun at hun ikke kunne forklare hvorfor hun hadde handlet som hun gjorde.<\/p>\n<p class=\"_paragraph_o9xde_4 _paragraph_xtcu6_10 layout-component text-serif-m layout-normal text-serif-m layout-padded\">\u2013 Det fantes ingen \u00f8konomiske motiver for handlingene mine. I dag tar jeg bare dag for dag, fordi det \u00e5 st\u00e5 foran dere vil f\u00e5 konsekvenser for karrieren min. Det var latterlig og dumt, for jeg trengte det ikke, sa Simon if\u00f8lge avisen Dauphin\u00e9 Lib\u00e9r\u00e9.<\/p>\n<p>Brukte kredittkort<\/p>\n<p class=\"_paragraph_o9xde_4 _paragraph_xtcu6_10 layout-component text-serif-m layout-normal text-serif-m layout-padded\">Den franske skiskytterstjernen ble i 2022 anmeldt for \u00e5 ha stj\u00e5let kredittkortet til landslagsvenninnen Braisaz-Bouchet. Med det skal hun ha bestilt varer for mange tusen kroner.<\/p>\n<p class=\"_paragraph_o9xde_4 _paragraph_xtcu6_10 layout-component text-serif-m layout-normal text-serif-m layout-padded\">Hun skal ogs\u00e5 ha gjort seg skyldig i bedrageri mot en fysioterapeut p\u00e5 det franske landslaget.<\/p>\n<p class=\"_paragraph_o9xde_4 _paragraph_xtcu6_10 layout-component text-serif-m layout-normal text-serif-m layout-padded\">\u2013 Jeg f\u00f8ler meg som om jeg er i et svart hull, sa Simon foran dommeren etter \u00e5 ha innr\u00f8mmet de faktiske forhold.<\/p>\n<p class=\"_paragraph_o9xde_4 _paragraph_xtcu6_10 layout-component text-serif-m layout-normal text-serif-m layout-padded\">Simon tok s\u00e5 mange som fire gullmedaljer under skiskytter-VM i Sveits tidligere i \u00e5r. 28-\u00e5ringen er dermed en av de st\u00f8rste favorittene under OL i Italia kommende vinter.<\/p>\n<p class=\"_paragraph_o9xde_4 _paragraph_xtcu6_10 layout-component text-serif-m layout-normal text-serif-m layout-padded\">Den franske jenta har i en \u00e5rrekke v\u00e6rt blant skiskyttersirkusets st\u00f8rste profiler.<\/p>\n","protected":false},"excerpt":{"rendered":"Skiskytterdronningen Julia Simon er av disiplin\u00e6rkomiteen i Frankrikes skiforbund utestengt i seks m\u00e5neder, men fem m\u00e5neder er gjort&hellip;\n","protected":false},"author":2,"featured_media":80529,"comment_status":"","ping_status":"","sticky":false,"template":"","format":"standard","meta":{"footnotes":""},"categories":[59],"tags":[9742,30,28,29,526,83,82],"class_list":{"0":"post-80528","1":"post","2":"type-post","3":"status-publish","4":"format-standard","5":"has-post-thumbnail","7":"category-sport","8":"tag-julia-simon","9":"tag-no","10":"tag-norge","11":"tag-norway","12":"tag-ol","13":"tag-sport","14":"tag-sports"},"share_on_mastodon":{"url":"https:\/\/pubeurope.com\/@no\/115505415145848275","error":""},"_links":{"self":[{"href":"https:\/\/www.europesays.com\/no\/wp-json\/wp\/v2\/posts\/80528","targetHints":{"allow":["GET"]}}],"collection":[{"href":"https:\/\/www.europesays.com\/no\/wp-json\/wp\/v2\/posts"}],"about":[{"href":"https:\/\/www.europesays.com\/no\/wp-json\/wp\/v2\/types\/post"}],"author":[{"embeddable":true,"href":"https:\/\/www.europesays.com\/no\/wp-json\/wp\/v2\/users\/2"}],"replies":[{"embeddable":true,"href":"https:\/\/www.europesays.com\/no\/wp-json\/wp\/v2\/comments?post=80528"}],"version-history":[{"count":0,"href":"https:\/\/www.europesays.com\/no\/wp-json\/wp\/v2\/posts\/80528\/revisions"}],"wp:featuredmedia":[{"embeddable":true,"href":"https:\/\/www.europesays.com\/no\/wp-json\/wp\/v2\/media\/80529"}],"wp:attachment":[{"href":"https:\/\/www.europesays.com\/no\/wp-json\/wp\/v2\/media?parent=80528"}],"wp:term":[{"taxonomy":"category","embeddable":true,"href":"https:\/\/www.europesays.com\/no\/wp-json\/wp\/v2\/categories?post=80528"},{"taxonomy":"post_tag","embeddable":true,"href":"https:\/\/www.europesays.com\/no\/wp-json\/wp\/v2\/tags?post=80528"}],"curies":[{"name":"wp","href":"https:\/\/api.w.org\/{rel}","templated":true}]}}