{"id":80530,"date":"2025-11-06T23:51:08","date_gmt":"2025-11-06T23:51:08","guid":{"rendered":"https:\/\/www.europesays.com\/no\/80530\/"},"modified":"2025-11-06T23:51:08","modified_gmt":"2025-11-06T23:51:08","slug":"tromso-kommune-kommuneokonomi-skremmende-lesning-fra-politisk-redaktor-i-nordlys","status":"publish","type":"post","link":"https:\/\/www.europesays.com\/no\/80530\/","title":{"rendered":"Troms\u00f8 kommune, Kommune\u00f8konomi | Skremmende lesning fra politisk redakt\u00f8r i Nordlys \u200b\u00a0"},"content":{"rendered":"\n<p><b>Det er visst ikke lov \u00e5 smile, if\u00f8lge politisk redakt\u00f8r Maja Sojtaric. Det bekymrer meg ikke. <\/b><\/p>\n<p>Det som derimot skremmer meg, er at Sojtaric ikke har oversikt over de store kuttene Troms\u00f8 kommune allerede har gjennomf\u00f8rt i innev\u00e6rende \u00e5r.<\/p>\n<p>Sojtaric skriver i sin kommentar at \u00abn\u00e5 m\u00e5 det kuttes\u00bb, og at den politiske ledelsen ikke har villet omprioritere, kutte eller omstille Troms\u00f8 kommune.<\/p>\n<p>  <a href=\"https:\/\/www.nordnorskdebatt.no\/5-124-395879\" class=\"related-teaser has-image default-opinion-teaser article--c-eRUmMG article--c-eRUmMG-jKCPdD-design-default\" rel=\"nofollow noopener\" target=\"_blank\"><\/p>\n<p>    <img decoding=\"async\" loading=\"lazy\"  src=\"https:\/\/www.europesays.com\/no\/wp-content\/uploads\/2025\/11\/1762473068_8_20250611_Tromsoefondet_OLE02298.jpg\" alt=\"\" class=\"brick-c-cFOWSL\" style=\"\"\/><\/p>\n<p>\n            Les ogs\u00e5<\/p>\n<p>              Styrer rett mot ROBEK med et smil<\/p>\n<p>  <\/a><\/p>\n<p>Det er oppsiktsvekkende at den politiske redakt\u00f8ren i Nord-Norges st\u00f8rste avis, Nordlys, ikke har f\u00e5tt med seg hvordan over 6000 ansatte i Troms\u00f8 kommune allerede i innev\u00e6rende budsjett\u00e5r har omstilt og redusert driften med rundt 300 millioner kroner \u2013 og at vi st\u00e5r foran en ny omstillingsperiode de neste fire \u00e5rene, med like store eller st\u00f8rre bel\u00f8p.<\/p>\n<p>Og hvem var det som vedtok nedtrekkene for 2025? Det var samarbeidspartiene som i desember i fjor vedtok et ansvarlig budsjett for omstilling. Vi la blant annet inn et omstillingsvedtak p\u00e5 30 millioner kroner bare p\u00e5 sentraladministrasjonen \u2013 noe kommunedirekt\u00f8ren ikke hadde foresl\u00e5tt. Det er v\u00e5rt budsjett kommuneadministrasjonen n\u00e5 styrer etter.<\/p>\n<p>Det er ogs\u00e5 vi som skal vedta det endelige budsjettet for 2026. Kommunedirekt\u00f8ren la fram sitt forslag onsdag. Der foresl\u00e5s det alene innen helse- og omsorgssektoren omstillinger og nedtrekk p\u00e5 n\u00e6rmere 300 millioner kroner. Da holder det ikke \u00e5 kutte l\u00f8rdagsgodteri.<\/p>\n<p>Sojtaric kan forsikre seg selv om at det allerede er gjort store innsparinger. Husker hun ikke ansettelsesstopp, vikarstopp og innkj\u00f8psstopp? Eller de store kuttene i administrative stillinger, bymilj\u00f8 og skoleadministrasjon som er gjennomf\u00f8rt i \u00e5r?<\/p>\n<p>Vi m\u00e5 alle ta inn over oss alvoret i den \u00f8konomiske situasjonen Troms\u00f8 kommune st\u00e5r i. Siden underskuddene i 2023 har vi v\u00e6rt n\u00f8dt til \u00e5 gj\u00f8re store nedtrekk i drift og tjenestetilbud. Og de neste \u00e5rene blir det mer \u2013 til tross for \u00f8kt rammetilskudd fra staten. Vi st\u00e5r overfor demografiske endringer som vil vare i uoverskuelig framtid: Vi blir flere eldre enn unge. Derfor m\u00e5 vi ogs\u00e5 gj\u00f8re ting annerledes og mer effektivt enn vi har kunnet gj\u00f8re fram til n\u00e5.<\/p>\n<p>Men jeg har klokkertro p\u00e5 at vi skal klare det! For vi har dyktige, kompetente og innovative ansatte og ledere som ikke handler p\u00e5 bakgrunn av synsing, men som legger reelle tall og fakta til grunn.<\/p>\n","protected":false},"excerpt":{"rendered":"Det er visst ikke lov \u00e5 smile, if\u00f8lge politisk redakt\u00f8r Maja Sojtaric. Det bekymrer meg ikke. Det som&hellip;\n","protected":false},"author":2,"featured_media":80531,"comment_status":"","ping_status":"","sticky":false,"template":"","format":"standard","meta":{"footnotes":""},"categories":[10],"tags":[36,20,21,24,25,1574,15,806,22,23,10944,13,30,28,29,14,1533,16,10902,26,27,1424],"class_list":{"0":"post-80530","1":"post","2":"type-post","3":"status-publish","4":"format-standard","5":"has-post-thumbnail","7":"category-norge","8":"tag-art","9":"tag-breaking-news","10":"tag-breakingnews","11":"tag-featured-news","12":"tag-featurednews","13":"tag-gunnar-wilhelmsen","14":"tag-headlines","15":"tag-kommuneokonomi","16":"tag-latest-news","17":"tag-latestnews","18":"tag-maja-sojtaric","19":"tag-news","20":"tag-no","21":"tag-norge","22":"tag-norway","23":"tag-nyheter","24":"tag-opinion","25":"tag-overskrifter","26":"tag-robek","27":"tag-top-stories","28":"tag-topstories","29":"tag-tromso-kommune"},"share_on_mastodon":{"url":"https:\/\/pubeurope.com\/@no\/115505442612213948","error":""},"_links":{"self":[{"href":"https:\/\/www.europesays.com\/no\/wp-json\/wp\/v2\/posts\/80530","targetHints":{"allow":["GET"]}}],"collection":[{"href":"https:\/\/www.europesays.com\/no\/wp-json\/wp\/v2\/posts"}],"about":[{"href":"https:\/\/www.europesays.com\/no\/wp-json\/wp\/v2\/types\/post"}],"author":[{"embeddable":true,"href":"https:\/\/www.europesays.com\/no\/wp-json\/wp\/v2\/users\/2"}],"replies":[{"embeddable":true,"href":"https:\/\/www.europesays.com\/no\/wp-json\/wp\/v2\/comments?post=80530"}],"version-history":[{"count":0,"href":"https:\/\/www.europesays.com\/no\/wp-json\/wp\/v2\/posts\/80530\/revisions"}],"wp:featuredmedia":[{"embeddable":true,"href":"https:\/\/www.europesays.com\/no\/wp-json\/wp\/v2\/media\/80531"}],"wp:attachment":[{"href":"https:\/\/www.europesays.com\/no\/wp-json\/wp\/v2\/media?parent=80530"}],"wp:term":[{"taxonomy":"category","embeddable":true,"href":"https:\/\/www.europesays.com\/no\/wp-json\/wp\/v2\/categories?post=80530"},{"taxonomy":"post_tag","embeddable":true,"href":"https:\/\/www.europesays.com\/no\/wp-json\/wp\/v2\/tags?post=80530"}],"curies":[{"name":"wp","href":"https:\/\/api.w.org\/{rel}","templated":true}]}}