{"id":80532,"date":"2025-11-06T23:59:24","date_gmt":"2025-11-06T23:59:24","guid":{"rendered":"https:\/\/www.europesays.com\/no\/80532\/"},"modified":"2025-11-06T23:59:24","modified_gmt":"2025-11-06T23:59:24","slug":"er-situasjonen-ved-raelingen-videregaende-skole-ute-av-kontroll","status":"publish","type":"post","link":"https:\/\/www.europesays.com\/no\/80532\/","title":{"rendered":"Er situasjonen ved R\u00e6lingen videreg\u00e5ende skole ute av kontroll?"},"content":{"rendered":"<p><strong>Sikkerhetssituasjonen ved R\u00e6lingen VGS har v\u00e6rt i fritt fall.<\/strong><\/p>\n<p>Politiet rykket tirsdag ut til R\u00e6lingen videreg\u00e5ende skole etter melding om en voldshendelse mellom flere elever. En 18-\u00e5ring ble fraktet til Ullev\u00e5l sykehus med mulige alvorlige skader.<\/p>\n<p>If\u00f8lge <a href=\"https:\/\/www.rb.no\/siktet-for-skolevold-skal-mote-i-retten-for-angrep-med-saks\/s\/5-43-2603666\" rel=\"nofollow noopener\" target=\"_blank\">Romerikes Blad<\/a> skal volden ha skjedd i et fellesareal inne p\u00e5 skolen, og flere personer skal ha v\u00e6rt vitne til hendelsen. Etter det iNyheter kjenner til ble offeret utsatt for gjentatte slag og spark.<\/p>\n<p>\u2013 De ble p\u00e5grepet og siktet for grov kroppskrenkelse, sier jourhavende jurist Maren Moe til RB.<\/p>\n<p>Tre gutter er p\u00e5grepet i saken. To av de siktede \u2013 begge 19 \u00e5r gamle \u2013 skal ha tilknytning til et kriminelt milj\u00f8 p\u00e5 Nedre Romerike som politiet har fulgt over tid. Herunder nevnes svenske Foxtrot sier kilder iNyheter har snakket med.<\/p>\n<p>Alle tre skal ha afrikansk bakgrunn.<\/p>\n<p>En av 19-\u00e5ringene m\u00e5 m\u00f8te i retten til v\u00e5ren, sammen med fire andre. De er tiltalt for \u00e5 ha sl\u00e5tt og sparket en ung mann p\u00e5 Jessheim 24. februar i \u00e5r. Under angrepet ble forn\u00e6rmede stukket i ryggen med en saks.<\/p>\n<p>Den samme 19-\u00e5ringen er tidligere d\u00f8mt for \u00e5 ha oppbevart n\u00e6rmere 100 gram cannabis og for \u00e5 ha truet to vektere, samt for kj\u00f8ring uten gyldig f\u00f8rerkort i rusp\u00e5virket tilstand.<\/p>\n<p>Ogs\u00e5 den andre 19-\u00e5ringen er kjent for politiet. Han ble p\u00e5grepet 7. oktober, mistenkt for \u00e5 ha deltatt i angrepet p\u00e5 en sushirestaurant p\u00e5 Str\u00f8mmen. Han ble l\u00f8slatt dagen etter, og er sjekket ut av saken.<\/p>\n<p>I januar skal han m\u00f8te i Romerike og Gl\u00e5mdal tingrett, tiltalt for ulovlig oppbevaring av cannabis og for \u00e5 ha kj\u00f8rt en bil gjennom et gjerde og inn i en husvegg p\u00e5 Str\u00f8mmen.<\/p>\n<p>If\u00f8lge RB skal minst to av de p\u00e5grepne v\u00e6re del av et milj\u00f8 som b\u00e5de politiet og skolen har uttrykt bekymring for. Milj\u00f8et skal ha v\u00e6rt involvert i \u00e5penlys bruk og omsetning av narkotika p\u00e5 skolens omr\u00e5de.<\/p>\n<p>Politiet skal ha gjennomf\u00f8rt spaning ved skolen over tre dager, og hver dag observert at en st\u00f8rre gruppe elever \u00e5penlyst brukte narkotika.<\/p>\n<p>Omr\u00e5dedirekt\u00f8r for Romerike i Akershus fylkeskommune, Christian Andresen, sier funnene er alvorlige:<\/p>\n<p>\u2013 Vi ser det har v\u00e6rt en tilsvarende utvikling p\u00e5 flere skoler p\u00e5 Romerike knyttet til narkotikabruk, men at det har v\u00e6rt et st\u00f8rre omfang p\u00e5 R\u00e6lingen denne gangen. Det kan v\u00e6re at vi m\u00e5 tenke nytt om disse utfordringene, sier Andresen til RB.<\/p>\n<p><strong>Enormt problem<\/strong><\/p>\n<p>Etter det iNyheter kjenner til er ikke problemet med narkotikasalg og infiltrasjon av kriminelle gjenger isolert til R\u00e6lingen videreg\u00e5ende skole. Det er et problem i hele regionen Stor-Oslo. <\/p>\n<p>De kriminelle ungdommene har rett p\u00e5 utdannelsen og oppgir ikke skoleplassene sine, de gir tilgang til omr\u00e5der \u00e5 selge narkotika. Tilstedev\u00e6relsen p\u00e5virker alle elevene. Etter det iNyheter kjenner til er det utbredt usikkerhet blant andre elever. De t\u00f8r ikke fortelle av frykt for \u00e5 bli anklaget for snitching. <\/p>\n<p>De kriminelle elevene p\u00e5virker skolemilj\u00f8et p\u00e5 m\u00e5ter man knapt kan overdrive den negative betydningen av. Ikke bare elever, men ogs\u00e5 l\u00e6rere lever i et fryktregime. <\/p>\n<p>Heller ikke l\u00e6rere t\u00f8r snakke om det de opplever i timene. Ingen iNyheter har snakket med om situasjonen p\u00e5 disse Oslo-skolene t\u00f8r st\u00e5 frem. De er redde for represalier.<\/p>\n<p>J\u00f8rgen Granberg bidro til denne saken.<\/p>\n<p>iNyheter trenger din st\u00f8tte.\u00a0<a style=\"background-color: #ffff00;\" href=\"https:\/\/inyheter.no\/abonnement\/\" rel=\"nofollow noopener\" target=\"_blank\">Tegn abonnement<\/a>\u00a0eller st\u00f8tt oss p\u00e5 Vipps\u00a0<strong>763291<\/strong>\u00a0bank\u00a0<strong>1506.80.92768\u00a0<\/strong>eller\u00a0<a style=\"background-color: #ffff00;\" href=\"https:\/\/www.paypal.com\/donate\/?hosted_button_id=UN7V8VFJ5QA38\" rel=\"nofollow noopener\" target=\"_blank\">PayPal<\/a><\/p>\n","protected":false},"excerpt":{"rendered":"Sikkerhetssituasjonen ved R\u00e6lingen VGS har v\u00e6rt i fritt fall. Politiet rykket tirsdag ut til R\u00e6lingen videreg\u00e5ende skole etter&hellip;\n","protected":false},"author":2,"featured_media":80533,"comment_status":"","ping_status":"","sticky":false,"template":"","format":"standard","meta":{"footnotes":""},"categories":[10],"tags":[20,21,24,25,15,22,23,13,30,28,29,14,16,1823,10945,26,27],"class_list":{"0":"post-80532","1":"post","2":"type-post","3":"status-publish","4":"format-standard","5":"has-post-thumbnail","7":"category-norge","8":"tag-breaking-news","9":"tag-breakingnews","10":"tag-featured-news","11":"tag-featurednews","12":"tag-headlines","13":"tag-latest-news","14":"tag-latestnews","15":"tag-news","16":"tag-no","17":"tag-norge","18":"tag-norway","19":"tag-nyheter","20":"tag-overskrifter","21":"tag-raelingen","22":"tag-raelingen-vgs","23":"tag-top-stories","24":"tag-topstories"},"share_on_mastodon":{"url":"https:\/\/pubeurope.com\/@no\/115505473990752453","error":""},"_links":{"self":[{"href":"https:\/\/www.europesays.com\/no\/wp-json\/wp\/v2\/posts\/80532","targetHints":{"allow":["GET"]}}],"collection":[{"href":"https:\/\/www.europesays.com\/no\/wp-json\/wp\/v2\/posts"}],"about":[{"href":"https:\/\/www.europesays.com\/no\/wp-json\/wp\/v2\/types\/post"}],"author":[{"embeddable":true,"href":"https:\/\/www.europesays.com\/no\/wp-json\/wp\/v2\/users\/2"}],"replies":[{"embeddable":true,"href":"https:\/\/www.europesays.com\/no\/wp-json\/wp\/v2\/comments?post=80532"}],"version-history":[{"count":0,"href":"https:\/\/www.europesays.com\/no\/wp-json\/wp\/v2\/posts\/80532\/revisions"}],"wp:featuredmedia":[{"embeddable":true,"href":"https:\/\/www.europesays.com\/no\/wp-json\/wp\/v2\/media\/80533"}],"wp:attachment":[{"href":"https:\/\/www.europesays.com\/no\/wp-json\/wp\/v2\/media?parent=80532"}],"wp:term":[{"taxonomy":"category","embeddable":true,"href":"https:\/\/www.europesays.com\/no\/wp-json\/wp\/v2\/categories?post=80532"},{"taxonomy":"post_tag","embeddable":true,"href":"https:\/\/www.europesays.com\/no\/wp-json\/wp\/v2\/tags?post=80532"}],"curies":[{"name":"wp","href":"https:\/\/api.w.org\/{rel}","templated":true}]}}