{"id":80534,"date":"2025-11-07T00:14:14","date_gmt":"2025-11-07T00:14:14","guid":{"rendered":"https:\/\/www.europesays.com\/no\/80534\/"},"modified":"2025-11-07T00:14:14","modified_gmt":"2025-11-07T00:14:14","slug":"mann-kollapset-i-det-ovale-kontor","status":"publish","type":"post","link":"https:\/\/www.europesays.com\/no\/80534\/","title":{"rendered":"Mann kollapset i Det ovale kontor"},"content":{"rendered":"<p class=\"kicker \" style=\"\">Bologna &#8211; Brann 0 &#8211; 0 Europa League<\/p>\n<p>  Pengene str\u00f8mmer inn etter totalt uventet norsk suksess.<\/p>\n<p>\n    BERGENSK GLEDE: En fullpakket bortetribune i Bologna hyller unge Markus Haaland etter Branns sensasjonelle poeng i Bologna. N\u00e5 blir det mer Europa-spill i Bergen. FOTO: AP\/Luca Bruno.\n  <\/p>\n<p>ET italiensk hjemmelag i kjempeform var storfavoritter mot Brann, men s\u00e5 snudde alt.<\/p>\n<p>En keitete Bologna-stempling, en modig dommer, r\u00f8dt kort og med ett fikk dette ganske ukjente norske bortelaget spille med en mann mer i nesten hele kampen.<\/p>\n<p>Det var alt Brann-spillerne trengte for \u00e5 sjokkere hjemmefansen til det gamle storlaget\u00a0 p\u00e5 museumsklare\u00a0 <a href=\"https:\/\/www.google.com\/search?sca_esv=1d5ae73f0554544d&amp;sxsrf=AE3TifN2BvdxKYWctMgnzxo68zgpEMTwkg:1762462791855&amp;q=Stadio+Renato+Dall%27Ara&amp;si=AMgyJEveiRpRWbYSNPkEPxCUbItHSvun4xkRgDDPLmrOjDx35B6GenPqaKA8mKPh-dNKdGJ0KaSU0gIcjERv77IXc0_IY8gLnXnrIxKAvMPdOiI54po9F-lPTkn6z3KEcUZI3blzaGRXLXWwwSVR74NWTbIBowbsS-w7-iMhFGW6wsV3THsM5s7HUSIh9I9HNTtDdVgFYjHQUb0A2ajczfjDroNm_YIcjIuufkU3kkqZ4mUXao3kasLoJWoygkftjV55nEZhcb6MFmZANdXOd8f3SYp_0OZIGygBN4QYeuS8pDQwFTVxdOo%3D&amp;sa=X&amp;ved=2ahUKEwi_vI3Ftd6QAxViUVUIHfefLkgQmxN6BAgsEAI\" rel=\"nofollow noopener\" target=\"_blank\">Renato Dall&#8217;Ara Stadion<\/a>, og enda mer seg:<\/p>\n<p>For med 0 &#8211; 0 fikk Brann det ene poenget som gj\u00f8r at denne Europa League-muligheten mer og mer ligner et fotballeventyr Norges villeste fotballby aldri har sett maken til.<\/p>\n<p>Det er vel fortjent, og gir klubben rekordstore inntekter.<\/p>\n<p>DETTE tidlige r\u00f8de kortet kom jo ikke av seg selv. Det var derimot resultatet av et h\u00f8yt Brann-press hjemmelaget ikke likte, og flere modige angrep:<\/p>\n<p>P\u00e5 bare 23 minutter med like mange spillere p\u00e5 banen, var de to lagene jevnbyrdige.<\/p>\n<p>Dette innledende kampbildet var det egentlige sjokket p\u00e5 den stadion i Bologna som med sitt tunge, dystre overdimensjonerte preg mest av alt speiler den italienske fascismens gjennombrudd for hundre \u00e5r siden.<\/p>\n<p>Motet ble ogs\u00e5<a href=\"https:\/\/www.corrieredellosport.it\/news\/calcio\/europa-league\/2025\/11\/06-144369157\/bologna_il_cuore_non_basta_lotta_in_dieci_ma_non_va_oltre_lo_0-0_con_il_brann\" rel=\"nofollow noopener\" target=\"_blank\"> hyllet i Corriere dello Sport<\/a> som understreket Branns offensive \u00e5pning p\u00e5 kampen.<\/p>\n<p>    <a itemprop=\"url\" href=\"https:\/\/www.dagbladet.no\/sport\/italia-drama\/83819688\" rel=\"nofollow noopener\" target=\"_blank\"><\/p>\n<p>      <img loading=\"lazy\" decoding=\"async\" src=\"https:\/\/www.europesays.com\/no\/wp-content\/uploads\/2025\/11\/1762474449_129_83820313.webp\" width=\"980\" height=\"441\" title=\"R\u00f8dt drama\" alt=\"\" class=\"lazyload\" style=\"--aspect-ratio-image: 2.22; \"\/><\/p>\n<p>        R\u00f8dt drama<\/p>\n<p>    <\/a><\/p>\n<p>FOR\u00a0dette h\u00f8ye norske presset fra start som overrasket et seierssikkert hjemmelag, skyldtes en modig Brann-trener.<\/p>\n<p>I god tid f\u00f8r denne kampen <a href=\"https:\/\/www.ba.no\/brann-treneren-gar-i-strupen-pa-ekspertene\/s\/5-8-3210892\" rel=\"nofollow noopener\" target=\"_blank\">avfeide<\/a> Freyr Alexandersson de lokale ekspertene, som krevde at Brann skulle nedprioritere denne bortekampen i Bologna for heller \u00e5 konsentrere seg om s\u00f8ndagens hjemmekamp i Eliteserien mot KFUM:<\/p>\n<p class=\"font-weight-normal m-font-weight-normal\" data-lab-font_weight=\"font-weight-normal\">&#8211; Jeg respekterer meningen, men samtidig glemmer vi kanskje litt hvor vi kommer fra, og hvor vi skal som klubb. Om vi skal nedprioritere Europa League \u2013 hvorfor kjemper vi s\u00e5 hardt for \u00e5 v\u00e6re med, <a href=\"https:\/\/www.ba.no\/brann-treneren-gar-i-strupen-pa-ekspertene\/s\/5-8-3210892\" rel=\"nofollow noopener\" target=\"_blank\">spurte<\/a> trener Alexandersson retorisk i Bergensavisen, og fortsatte:<\/p>\n<p class=\"no_italic m-no_italic\" data-lab-italic=\"\">&#8211; Vi har kjempet med alt vi har for \u00e5 delta i turneringen, og det er 2300 bergensere som reiser. For meg sier det seg selv at vi ikke kommer til \u00e5 nedprioritere Europa, <a href=\"https:\/\/www.ba.no\/brann-treneren-gar-i-strupen-pa-ekspertene\/s\/5-8-3210892\" rel=\"nofollow noopener\" target=\"_blank\">fastslo<\/a> han.<\/p>\n<p>Og fikk betalt for motet med titalls millioner ekstra til klubben sin.<\/p>\n<p>TANKEGANGEN bak dette destruktive forslaget var at det \u00e5 sikre tredjeplassen og bronse i den hjemlige serien, ville gi en ny Europa League sjanse neste sesong.<\/p>\n<p>Da l\u00e5 det i teorien st\u00f8rre inntekter i Europa i 2026\/27 enn det gjorde i denne utgaven av turneringen.<\/p>\n<p>Men slik er det jo ikke lenger.<\/p>\n<p>For n\u00e5 kan et klokt Brann-milj\u00f8 hente store penger allerede i \u00e5r.<\/p>\n<p>    <a itemprop=\"url\" href=\"https:\/\/www.dagbladet.no\/sport\/sokkrike-over-natta\/83763484\" rel=\"nofollow noopener\" target=\"_blank\"><\/p>\n<p>      <img loading=\"lazy\" decoding=\"async\" src=\"https:\/\/www.europesays.com\/no\/wp-content\/uploads\/2025\/11\/1762474450_918_83763952.webp\" width=\"980\" height=\"441\" title=\"S\u00f8kkrike over natta\" alt=\"\" class=\"lazyload\" style=\"--aspect-ratio-image: 2.22; \"\/><\/p>\n<p>        S\u00f8kkrike over natta<\/p>\n<p>    <\/a><\/p>\n<p>DETTE sensasjonelle poenget i Bologna snur opp ned p\u00e5 alle beregninger for hvordan Brann kan komme seg til det \u00f8konomisk l\u00f8nnsomme sluttspillet i Europa League. Det norske laget er n\u00e5 <a href=\"https:\/\/www.nifs.no\/tabell.php?countryId=14&amp;tournamentId=50&amp;stageId=700390\" rel=\"nofollow noopener\" target=\"_blank\">nummer 11 i grunnserien<\/a> der 24 klubber g\u00e5r videre:<\/p>\n<p class=\"italic m-italic\" data-lab-italic=\"italic\">N\u00e5 kreves det kanskje bare en seier i de to gjenv\u00e6rende hjemmekampene for \u00e5 n\u00e5 det m\u00e5let.<\/p>\n<p>Da peker <a href=\"https:\/\/www.dagbladet.no\/sport\/sokkrike-over-natta\/83763484\" rel=\"nofollow noopener\" target=\"_blank\">f\u00f8rjulskampen<\/a> mot tyrkiske Fenerbache seg ut. Midt i desember kan det bli v\u00e6r som passer tr\u00f8kket p\u00e5 Brann Stadion.<\/p>\n<p>Uansett garantert folkefest i Bergen 11.desember.<\/p>\n<p>    <a itemprop=\"url\" href=\"https:\/\/www.dagbladet.no\/sport\/et-kupp-for-norge\/83674137\" rel=\"nofollow noopener\" target=\"_blank\"><\/p>\n<p>      <img loading=\"lazy\" decoding=\"async\" src=\"https:\/\/www.europesays.com\/no\/wp-content\/uploads\/2025\/11\/1762474451_458_83674667.webp\" width=\"980\" height=\"441\" title=\"Et kupp for Norge\" alt=\"\" class=\"lazyload\" style=\"--aspect-ratio-image: 2.22; \"\/><\/p>\n<p>        Et kupp for Norge<\/p>\n<p>    <\/a><\/p>\n<p>DEN \u00f8konomiske festen er allerede i gang. Brann kommer ikke opp i de <a href=\"https:\/\/www.dagbladet.no\/sport\/sokkrike-over-natta\/83763484\" rel=\"nofollow noopener\" target=\"_blank\">400 millionene<\/a> som Bod\u00f8\/Glimt spilte inn p\u00e5 sin Europa League forrige internasjonale klubbsesong, men dette ble l\u00f8nnsom l\u00e6ring.<\/p>\n<p>For der Brann-spillerne var for slitne til \u00e5 ta ut hele fordelen av \u00e5 spille 70 minutter med en mann mer p\u00e5 banen, klarte de \u00e5 holde hjemmefavorittene unna da det r\u00f8ynet p\u00e5 som verst utover i andre omgang.<\/p>\n<p>Ingen tvil om at Brann var det d\u00e5rligste laget i Bologna, men utbyttet ble desto st\u00f8rre ved \u00e5 holde nullen.<\/p>\n<p>          <img loading=\"lazy\" decoding=\"async\" src=\"https:\/\/www.europesays.com\/no\/wp-content\/uploads\/2025\/11\/83820673.webp\" width=\"980\" height=\"559\" title=\"MODIG TRENER: Brann-sjef Freyr Alexandersson f\u00e5r skikkelig godt betalt for den offensive starten i Bologna. FOTO: Jennifer Lorenzini\/Reuters.\" alt=\"\" class=\"\" style=\"--aspect-ratio-image: 1.75; \"\/><\/p>\n<p>\n          MODIG TRENER: Brann-sjef Freyr Alexandersson f\u00e5r skikkelig godt betalt for den offensive starten i Bologna. FOTO: Jennifer Lorenzini\/Reuters.\n      <\/p>\n<p>DET skjedde takket v\u00e6re to feberredninger fra keeper Mathias Dyngeland rett f\u00f8r slutt. Da var det lite som minnet om sluttspill i Europa League fra lagkameratene foran landslagsreserven, men den svikten skyldtes mest bergensernes skadetr\u00f8bbel og knallharde kampprogram.<\/p>\n<p>Egentlig var Brann like preget som Bod\u00f8\/Glimt av det som <a href=\"https:\/\/www.dagbladet.no\/sport\/sviktet-glimt\/83810216\" rel=\"nofollow noopener\" target=\"_blank\">ble feil<\/a> med kampoppsettet denne h\u00f8sten i Eliteserien.<\/p>\n<p>Alt det er til \u00e5 rette p\u00e5 mot jul og utover vinterens Europa-spill.<\/p>\n<p>    <a itemprop=\"url\" href=\"https:\/\/www.dagbladet.no\/sport\/ga-bort-400-millioner\/83785934\" rel=\"nofollow noopener\" target=\"_blank\"><\/p>\n<p>      <img loading=\"lazy\" decoding=\"async\" src=\"https:\/\/www.europesays.com\/no\/wp-content\/uploads\/2025\/11\/1762474453_573_83787035.webp\" width=\"980\" height=\"441\" title=\"Ga bort 400 millioner\" alt=\"\" class=\"lazyload\" style=\"--aspect-ratio-image: 2.22; \"\/><\/p>\n<p>        Ga bort 400 millioner<\/p>\n<p>    <\/a><\/p>\n<p>S\u00c5 f\u00e5r det bare v\u00e6re at Brann gj\u00f8r suksess i Europa uten at noen der ute i den store fotballverdenen er det minste imponert:<\/p>\n<p class=\"no_italic m-no_italic\" data-lab-italic=\"\">&#8211; Bologna manglet bare m\u00e5let, <a href=\"https:\/\/www.gazzetta.it\/Calcio\/Europa-League\/06-11-2025\/bologna-brann-risultato-e-gol-in-diretta-europa-league.shtml\" rel=\"nofollow noopener\" target=\"_blank\">sl\u00e5r<\/a> legendariske Gazetta Dello Sport fast etter en kamp som hjemmelaget i undertall alts\u00e5 dominerte mer og mer.<\/p>\n<p>Ingen tvil om at landslagets Bologna-stopper Torbj\u00f8rn Heggem har kommet i et godt sportslig treningsmilj\u00f8. Med tanke p\u00e5 Norges avslutning i VM-kvaliken neste uke, var det betryggende \u00e5 se hvordan Heggem n\u00f8ytraliserte s\u00e5 og si hvert eneste Brann-fors\u00f8k i de duellene der han var involvert.<\/p>\n<p>MEN for norsk klubbfotball ble dette uansett en stor kveld. Der er Brann ogs\u00e5 i ferd med \u00e5 gi Norge <a href=\"https:\/\/www.dagbladet.no\/sport\/sokkrike-over-natta\/83763484\" rel=\"nofollow noopener\" target=\"_blank\">viktige rankingpoeng <\/a>for Europa-sesongen 2027\/28.<\/p>\n<p>I beste fall er det hjelp til selvhjelp. Etter \u00e5 ha rotet f\u00e6lt i innledningen til dette Europa-spillet, har Brann f\u00e5tt satt sammen et fysisk robust lag som konkurrerer bra.<\/p>\n<p>Det er plattform for noe virkelig moro i Bergen.<\/p>\n<p>    <a itemprop=\"url\" href=\"https:\/\/www.dagbladet.no\/sport\/sviktet-glimt\/83810216\" rel=\"nofollow noopener\" target=\"_blank\"><\/p>\n<p>      <img loading=\"lazy\" decoding=\"async\" src=\"https:\/\/www.europesays.com\/no\/wp-content\/uploads\/2025\/11\/1762474454_244_83811087.webp\" width=\"980\" height=\"441\" title=\"Sviktet Glimt\" alt=\"\" class=\"lazyload\" style=\"--aspect-ratio-image: 2.22; \"\/><\/p>\n<p>        Sviktet Glimt<\/p>\n<p>    <\/a><\/p>\n<p>\u00a0<\/p>\n<p>\u00a0\u00a0<\/p>\n","protected":false},"excerpt":{"rendered":"Bologna &#8211; Brann 0 &#8211; 0 Europa League Pengene str\u00f8mmer inn etter totalt uventet norsk suksess. BERGENSK GLEDE:&hellip;\n","protected":false},"author":2,"featured_media":80535,"comment_status":"","ping_status":"","sticky":false,"template":"","format":"standard","meta":{"footnotes":""},"categories":[5],"tags":[20,21,24,25,15,19,22,23,17,18,13,30,28,29,14,16,26,27,412],"class_list":{"0":"post-80534","1":"post","2":"type-post","3":"status-publish","4":"format-standard","5":"has-post-thumbnail","7":"category-overskrifter","8":"tag-breaking-news","9":"tag-breakingnews","10":"tag-featured-news","11":"tag-featurednews","12":"tag-headlines","13":"tag-hovedoppslag","14":"tag-latest-news","15":"tag-latestnews","16":"tag-main-news","17":"tag-mainnews","18":"tag-news","19":"tag-no","20":"tag-norge","21":"tag-norway","22":"tag-nyheter","23":"tag-overskrifter","24":"tag-top-stories","25":"tag-topstories","26":"tag-utenriks"},"share_on_mastodon":{"url":"https:\/\/pubeurope.com\/@no\/115505533222943191","error":""},"_links":{"self":[{"href":"https:\/\/www.europesays.com\/no\/wp-json\/wp\/v2\/posts\/80534","targetHints":{"allow":["GET"]}}],"collection":[{"href":"https:\/\/www.europesays.com\/no\/wp-json\/wp\/v2\/posts"}],"about":[{"href":"https:\/\/www.europesays.com\/no\/wp-json\/wp\/v2\/types\/post"}],"author":[{"embeddable":true,"href":"https:\/\/www.europesays.com\/no\/wp-json\/wp\/v2\/users\/2"}],"replies":[{"embeddable":true,"href":"https:\/\/www.europesays.com\/no\/wp-json\/wp\/v2\/comments?post=80534"}],"version-history":[{"count":0,"href":"https:\/\/www.europesays.com\/no\/wp-json\/wp\/v2\/posts\/80534\/revisions"}],"wp:featuredmedia":[{"embeddable":true,"href":"https:\/\/www.europesays.com\/no\/wp-json\/wp\/v2\/media\/80535"}],"wp:attachment":[{"href":"https:\/\/www.europesays.com\/no\/wp-json\/wp\/v2\/media?parent=80534"}],"wp:term":[{"taxonomy":"category","embeddable":true,"href":"https:\/\/www.europesays.com\/no\/wp-json\/wp\/v2\/categories?post=80534"},{"taxonomy":"post_tag","embeddable":true,"href":"https:\/\/www.europesays.com\/no\/wp-json\/wp\/v2\/tags?post=80534"}],"curies":[{"name":"wp","href":"https:\/\/api.w.org\/{rel}","templated":true}]}}