{"id":80538,"date":"2025-11-07T00:21:12","date_gmt":"2025-11-07T00:21:12","guid":{"rendered":"https:\/\/www.europesays.com\/no\/80538\/"},"modified":"2025-11-07T00:21:12","modified_gmt":"2025-11-07T00:21:12","slug":"brann-spilte-0-0-borte-mot-bologna-i-europa-league-etter-utvisning","status":"publish","type":"post","link":"https:\/\/www.europesays.com\/no\/80538\/","title":{"rendered":"Brann spilte 0\u20130 borte mot Bologna i Europa League etter utvisning"},"content":{"rendered":"\n<p class=\"_lead_o9xde_2 _lead_xtcu6_50 layout-component text-serif-m layout-normal text-serif-l layout-component layout-wide layout-padded _wide_17hqh_1 layout-padded\">Brann fortsetter den imponerende Europa League-starten, men utnyttet de 70 minutter med en mann mer bra nok?<\/p>\n<p> <img class=\"_image_qp4xg_65 layout-component layout-wide\" data-fullscreen- data-track-element-type=\"Article image fullscreen\" data-track-name=\"ImageFullscreen\" fetchpriority=\"high\" decoding=\"sync\" loading=\"eager\" height=\"102\" itemprop=\"image\"  src=\"https:\/\/www.europesays.com\/no\/wp-content\/uploads\/2025\/11\/f8610946fe1e5b95ce1312fd3b35c206.jpg\"  style=\"object-position:50% 50%;aspect-ratio:1.75;height:auto;object-fit:cover;width:100%\" width=\"102\"\/>  Rapporterer fra Bologna, Italia Oppdatert fredag 7. november kl. 00:47    <\/p>\n<ul class=\"_list_o9xde_3 _list_64s2r_85 _unordered_o9xde_106 text-sans-m\">\n<li class=\"_item_o9xde_30\">Brann tok et sterkt 0\u20130 borte mot Italias cupmester Bologna, men slet med \u00e5 utnytte 70 minutter i overtall etter at Charalampos \u00abBabis\u00bb Lykogiannis ble utvist.<\/li>\n<li class=\"_item_o9xde_30\">Huseklepp kalte poenget \u00abfantastisk\u00bb, mens Helland var kritisk.<\/li>\n<li class=\"_item_o9xde_30\">Dyngeland reddet to store sjanser og svarte kritikerne.<\/li>\n<li class=\"_item_o9xde_30\">Brann har sju poeng etter fire runder.<\/li>\n<\/ul>\n<p>Vis mer <\/p>\n<p class=\"_paragraph_o9xde_4 _paragraph_xtcu6_10 layout-component text-serif-m layout-normal text-serif-m layout-padded\">Det endte 0\u20130 borte mot den italienske cupmesteren. Isolert sett et meget imponerende resultat.<\/p>\n<p class=\"_paragraph_o9xde_4 _paragraph_xtcu6_10 layout-component text-serif-m layout-normal text-serif-m layout-padded\">Og det var nok faktisk en liten lettelse for de over 2000 tilreisende bergenserne til slutt. Bologna var n\u00e6rmest seieren med flere muligheter p\u00e5 tampen. <\/p>\n<p class=\"_paragraph_o9xde_4 _paragraph_xtcu6_10 layout-component text-serif-m layout-normal text-serif-m layout-padded\">\u2013 Et fantastisk poeng for Brann, sier Erik Huseklepp i Viaplay-studio. <\/p>\n<p class=\"_paragraph_o9xde_4 _paragraph_xtcu6_10 layout-component text-serif-m layout-normal text-serif-m layout-padded\">\u2013 Men prestasjonen elleve mot ti var direkte svak, mener jeg, sier P\u00e5l Andr\u00e9 Helland.<\/p>\n<p class=\"_paragraph_o9xde_4 _paragraph_xtcu6_10 layout-component text-serif-m layout-normal text-serif-m layout-padded\">Brann-trener Freyr Alexandersson er uenig med Hellands vurdering.<\/p>\n<p class=\"_paragraph_o9xde_4 _paragraph_xtcu6_10 layout-component text-serif-m layout-normal text-serif-m layout-padded\">\u2013 De f\u00f8rste 25 minuttene etter utvisningen spiller vi fremdragende, mener Alexandersson i prat med VG.<\/p>\n<p class=\"_paragraph_o9xde_4 _paragraph_xtcu6_10 layout-component text-serif-m layout-normal text-serif-m layout-padded\">\u2013 Jeg er veldig, veldig stolt. <\/p>\n<p class=\"_paragraph_o9xde_4 _paragraph_xtcu6_10 layout-component text-serif-m layout-normal text-serif-m layout-padded\">Brann, p\u00e5 11. plass av 36 lagp\u00e5 11. plass av 36 lagTopp 8 etter ligaspillet i Europa League g\u00e5r til \u00e5ttedelsfinale. Nr. 9-24 skal spille play off. Nr. 25-36 ryker ut. , st\u00e5r n\u00e5 med syv poeng p\u00e5 de f\u00f8rste fire rundene av ligaspillet i Europa League. I fjor holdt ti for \u00e5 g\u00e5 videre til utslagsrundene.<\/p>\n<p>Branns kampprogram i EL<\/p>\n<p class=\"_paragraph_o9xde_4 _paragraph_xtcu6_10 _paragraph_16v91_10 layout-component text-serif-m layout-normal text-sans-m layout-padded\">27.11: PAOK (B)<\/p>\n<p class=\"_paragraph_o9xde_4 _paragraph_xtcu6_10 _paragraph_16v91_10 layout-component text-serif-m layout-normal text-sans-m layout-padded\">11.12: Fenerbache (H)<\/p>\n<p class=\"_paragraph_o9xde_4 _paragraph_xtcu6_10 _paragraph_16v91_10 layout-component text-serif-m layout-normal text-sans-m layout-padded\">22.01: Midtjylland (H) <\/p>\n<p class=\"_paragraph_o9xde_4 _paragraph_xtcu6_10 _paragraph_16v91_10 layout-component text-serif-m layout-normal text-sans-m layout-padded\">29.01: Sturm Graz (B) <\/p>\n<p>Vis mer<\/p>\n<p class=\"_paragraph_o9xde_4 _paragraph_xtcu6_10 layout-component text-serif-m layout-normal text-serif-m layout-padded\">Det var et vanvittig leven med fyrverkeri, r\u00f8yk, smell og bluss da lagene entret Stadio Renato Dall\u2019Ara.<\/p>\n<p class=\"_paragraph_o9xde_4 _paragraph_xtcu6_10 layout-component text-serif-m layout-normal text-serif-m layout-padded\">Ute p\u00e5 gresset gikk det derimot noks\u00e5 forsiktig for seg i \u00e5pningen. Eivind Helland var n\u00e6r et selvm\u00e5l i 17. minutt da den falmende stjernespilleren Federico Bernardeschi slo et guffent innlegg inn mot Branns femmeter. <\/p>\n<p class=\"_paragraph_o9xde_4 _paragraph_xtcu6_10 layout-component text-serif-m layout-normal text-serif-m layout-padded\"><strong class=\"_strong_o9xde_25\">Noen minutter senere tok det fullstendig fyr og kampen ble totalt forandret. Bolognas venstreback Charalampos \u00abBabis\u00bb Lykogiannis ble direkte utvist av dommer Daniel Schlager for en sen stempling h\u00f8yt oppe p\u00e5 leggen til Branns Emil Kornvig i 23. minutt.<\/strong><\/p>\n<p class=\"_paragraph_o9xde_4 _paragraph_xtcu6_10 layout-component text-serif-m layout-normal text-serif-m layout-padded\">Italienerne protesterte bastant nede p\u00e5 gresset, sidelinjen og tribunen. Schlager fikk ikke fred rundt noen av sine avgj\u00f8relser resten av kvelden. <\/p>\n<p class=\"_paragraph_o9xde_4 _paragraph_xtcu6_10 layout-component text-serif-m layout-normal text-serif-m layout-padded\">Da han gikk i dommergarderoben ble det kastet drikke-krus mot ham. <\/p>\n<p class=\"_paragraph_o9xde_4 _paragraph_xtcu6_10 layout-component text-serif-m layout-normal text-serif-m layout-padded\"><strong class=\"_strong_o9xde_25\">Greske Lykogiannis var s\u00e5 oppr\u00f8rt at han knapt lot seg true til \u00e5 tusle av gresset.<\/strong><\/p>\n<p><img alt=\"Dommer Daniel Schlager.  Foto: Gianluca Ricci\/IPA Sport \/ ipa-agency.net \/ Pa Photos \/ NTB\" class=\"_image_qp4xg_65 layout-component layout-normal\" data-fullscreen- data-track-element-type=\"Article image fullscreen\" data-track-name=\"ImageFullscreen\" decoding=\"async\" loading=\"lazy\" height=\"2731\" itemprop=\"image\"  src=\"https:\/\/www.europesays.com\/no\/wp-content\/uploads\/2025\/11\/93ebf184-15c0-4f3d-959e-535eb337760a\"  style=\"object-position:0% 0%\" width=\"4096\"\/>Dommer Daniel Schlager.  Foto: Gianluca Ricci\/IPA Sport \/ ipa-agency.net \/ Pa Photos \/ NTB<\/p>\n<p class=\"_paragraph_o9xde_4 _paragraph_xtcu6_10 layout-component text-serif-m layout-normal text-serif-m layout-padded\">Overraskende nok var ikke Alexandersson overlykkelig over det r\u00f8de kortet til Bologna.<\/p>\n<p class=\"_paragraph_o9xde_4 _paragraph_xtcu6_10 layout-component text-serif-m layout-normal text-serif-m layout-padded\">\u2013 Vi spiller godt elleve mot elleve. Da Lykogiannis ble utvist tenkte jeg \u00abhelvete, mann\u00bb. Det var ikke noen \u00f8nskesituasjon, men da tenkte jeg ogs\u00e5 at det kunne v\u00e6re mulig \u00e5 ta med seg tre poeng, sier han til Viaplay.<\/p>\n<p><img alt=\"Freyr Alexandersson.  Foto: Jennifer Lorenzini \/ Reuters \/ NTB\" class=\"_image_qp4xg_65 layout-component layout-normal\" data-fullscreen- data-track-element-type=\"Article image fullscreen\" data-track-name=\"ImageFullscreen\" decoding=\"async\" loading=\"lazy\" height=\"1678\" itemprop=\"image\"  src=\"https:\/\/www.europesays.com\/no\/wp-content\/uploads\/2025\/11\/7c6dc184-5a8d-48c4-ba8e-c2a88dc33b45\"  style=\"object-position:0% 0%\" width=\"2447\"\/>Freyr Alexandersson.  Foto: Jennifer Lorenzini \/ Reuters \/ NTB<\/p>\n<p class=\"_paragraph_o9xde_4 _paragraph_xtcu6_10 layout-component text-serif-m layout-normal text-serif-m layout-padded\">Bolognas trener Vincenzo Italiano gjorde comeback etter \u00e5 ha v\u00e6rt frav\u00e6rende fra sidelinjen et par uker og innlagt p\u00e5 sykehuset med lungebetennelse. I starten s\u00e5 det ut som han ga sine instrukser via assistenttreneren. Men i takt med at temperaturen steg, tok Italiano fullstendig styrepinen og var stort sett utenfor denne tekniske sonen. <\/p>\n<p class=\"_paragraph_o9xde_4 _paragraph_xtcu6_10 layout-component text-serif-m layout-normal text-serif-m layout-padded\">Rett f\u00f8r slutt kjeftet Italiano p\u00e5 seg det gule kortet. <\/p>\n<p><img alt=\"Charalampos \u00abBabis\u00bb Lykogiannis ble utvist og gjorde kampen t\u00f8ff for Torbj\u00f8rn Heggem og Bologna.   Foto: ELISABETTA BARACCHI \/ EPA \/ NTB\" class=\"_image_qp4xg_65 layout-component layout-normal\" data-fullscreen- data-track-element-type=\"Article image fullscreen\" data-track-name=\"ImageFullscreen\" decoding=\"async\" loading=\"lazy\" height=\"2055\" itemprop=\"image\"  src=\"https:\/\/www.europesays.com\/no\/wp-content\/uploads\/2025\/11\/c24ee459-0e8d-4ec2-ba04-0ca3b5e34dd6\"  style=\"object-position:0% 0%\" width=\"3072\"\/>Charalampos \u00abBabis\u00bb Lykogiannis ble utvist og gjorde kampen t\u00f8ff for Torbj\u00f8rn Heggem og Bologna.   Foto: ELISABETTA BARACCHI \/ EPA \/ NTB<\/p>\n<p class=\"_paragraph_o9xde_4 _paragraph_xtcu6_10 layout-component text-serif-m layout-normal text-serif-m layout-padded\">Brann styrte resten av f\u00f8rste omgang. Emil Kornvig var farlig fremp\u00e5 i 41. minutt, men den helt store sjansen lot vente p\u00e5 seg.<\/p>\n<p class=\"_paragraph_o9xde_4 _paragraph_xtcu6_10 layout-component text-serif-m layout-normal text-serif-m layout-padded\">Bolognas norske landslagsstopper Torbj\u00f8rn Heggem var skummel p\u00e5 en d\u00f8dball i f\u00f8rsteomgangens overtid.<\/p>\n<p class=\"_paragraph_o9xde_4 _paragraph_xtcu6_10 layout-component text-serif-m layout-normal text-serif-m layout-padded\">\u2013 Det er t\u00f8ft \u00e5 spille med en mann mindre. Og det er selvf\u00f8lgelig tre poeng vi hadde \u00f8nsket f\u00f8r kampen, men n\u00e5r det blir som det blir, er prestasjonen ganske bra, sier Heggem til VG.<\/p>\n<p>Foto: Luca Bruno \/ AP \/ NTB<\/p>\n<p class=\"_paragraph_o9xde_4 _paragraph_xtcu6_10 layout-component text-serif-m layout-normal text-serif-m layout-padded\">Etter pausen ble det mer oppstykket for Brann. De slet med \u00e5 utnytte overtallet. Faktisk tok Bolognas ti mann mer over med en rekke d\u00f8dballer og kampens klareste sjanser i 85. minutt.<\/p>\n<p class=\"_paragraph_o9xde_4 _paragraph_xtcu6_10 layout-component text-serif-m layout-normal text-serif-m layout-padded\">Brann-m\u00e5lvakt Mathias Dyngeland har v\u00e6rt heftig debattert etter de to tabbene i 1\u20132-tapet for Bryne, men han reiste seg i Italia.<\/p>\n<p class=\"_paragraph_o9xde_4 _paragraph_xtcu6_10 layout-component text-serif-m layout-normal text-serif-m layout-padded\"><strong class=\"_strong_o9xde_25\">F\u00f8rst stoppet Dyngeland Lewis Ferguson p\u00e5 volley, deretter headingen fra Jhon Lucimi ved det p\u00e5f\u00f8lgende hj\u00f8rnesparket. <\/strong><\/p>\n<p class=\"_paragraph_o9xde_4 _paragraph_xtcu6_10 layout-component text-serif-m layout-normal text-serif-m layout-padded\">\u2013 Han svarer ikke bare Brann og Bergen, men absolutt alle som har diskutert om han har v\u00e6rt god nok, sier Viaplay-kommentator Kasper Wikestad. <\/p>\n","protected":false},"excerpt":{"rendered":"Brann fortsetter den imponerende Europa League-starten, men utnyttet de 70 minutter med en mann mer bra nok? Rapporterer&hellip;\n","protected":false},"author":2,"featured_media":80539,"comment_status":"","ping_status":"","sticky":false,"template":"","format":"standard","meta":{"footnotes":""},"categories":[5],"tags":[2118,20,21,86,24,25,15,19,22,23,17,18,13,30,28,29,14,16,418,26,27],"class_list":{"0":"post-80538","1":"post","2":"type-post","3":"status-publish","4":"format-standard","5":"has-post-thumbnail","7":"category-overskrifter","8":"tag-bologna-fc-1909","9":"tag-breaking-news","10":"tag-breakingnews","11":"tag-europa-league","12":"tag-featured-news","13":"tag-featurednews","14":"tag-headlines","15":"tag-hovedoppslag","16":"tag-latest-news","17":"tag-latestnews","18":"tag-main-news","19":"tag-mainnews","20":"tag-news","21":"tag-no","22":"tag-norge","23":"tag-norway","24":"tag-nyheter","25":"tag-overskrifter","26":"tag-sk-brann","27":"tag-top-stories","28":"tag-topstories"},"share_on_mastodon":{"url":"https:\/\/pubeurope.com\/@no\/115505560537136827","error":""},"_links":{"self":[{"href":"https:\/\/www.europesays.com\/no\/wp-json\/wp\/v2\/posts\/80538","targetHints":{"allow":["GET"]}}],"collection":[{"href":"https:\/\/www.europesays.com\/no\/wp-json\/wp\/v2\/posts"}],"about":[{"href":"https:\/\/www.europesays.com\/no\/wp-json\/wp\/v2\/types\/post"}],"author":[{"embeddable":true,"href":"https:\/\/www.europesays.com\/no\/wp-json\/wp\/v2\/users\/2"}],"replies":[{"embeddable":true,"href":"https:\/\/www.europesays.com\/no\/wp-json\/wp\/v2\/comments?post=80538"}],"version-history":[{"count":0,"href":"https:\/\/www.europesays.com\/no\/wp-json\/wp\/v2\/posts\/80538\/revisions"}],"wp:featuredmedia":[{"embeddable":true,"href":"https:\/\/www.europesays.com\/no\/wp-json\/wp\/v2\/media\/80539"}],"wp:attachment":[{"href":"https:\/\/www.europesays.com\/no\/wp-json\/wp\/v2\/media?parent=80538"}],"wp:term":[{"taxonomy":"category","embeddable":true,"href":"https:\/\/www.europesays.com\/no\/wp-json\/wp\/v2\/categories?post=80538"},{"taxonomy":"post_tag","embeddable":true,"href":"https:\/\/www.europesays.com\/no\/wp-json\/wp\/v2\/tags?post=80538"}],"curies":[{"name":"wp","href":"https:\/\/api.w.org\/{rel}","templated":true}]}}