{"id":80540,"date":"2025-11-07T00:28:14","date_gmt":"2025-11-07T00:28:14","guid":{"rendered":"https:\/\/www.europesays.com\/no\/80540\/"},"modified":"2025-11-07T00:28:14","modified_gmt":"2025-11-07T00:28:14","slug":"solberg-roser-soreide-god-kandidat","status":"publish","type":"post","link":"https:\/\/www.europesays.com\/no\/80540\/","title":{"rendered":"Solberg roser S\u00f8reide: \u2013 God kandidat"},"content":{"rendered":"\n<p class=\"_lead_o9xde_2 _lead_xtcu6_50 layout-component text-serif-m layout-normal text-serif-l layout-component layout-wide layout-padded _wide_17hqh_1 layout-padded\">Avtroppende H\u00f8yre-leder Erna Solberg skryter av sin trolige etterf\u00f8lger i sine f\u00f8rste kommentarer. Men hun vil ikke krone henne f\u00f8r landsm\u00f8tet har sagt sitt. <\/p>\n<p><img alt=\" Foto: Ole Berg-Rusten \/ NTB\" class=\"_image_qp4xg_65 layout-component layout-wide\" data-fullscreen- data-track-element-type=\"Article image fullscreen\" data-track-name=\"ImageFullscreen\" fetchpriority=\"high\" decoding=\"sync\" loading=\"eager\" height=\"3488\" itemprop=\"image\"  src=\"https:\/\/www.europesays.com\/no\/wp-content\/uploads\/2025\/11\/d759713f-66dd-45e9-bc50-6570ce706781\"  style=\"object-position:0% 0%\" width=\"5232\"\/> Foto: Ole Berg-Rusten \/ NTB<\/p>\n<ul aria-hidden=\"true\" class=\"_images_18f0k_111\">\n<li><a class=\"_link_18f0k_116\" href=\"https:\/\/www.vg.no\/forfatter\/bjoern-haugan\" style=\"z-index:2\" title=\"Bj\u00f8rn Haugan\" rel=\"nofollow noopener\" target=\"_blank\"><img alt=\"Bilde av Bj\u00f8rn Haugan\" class=\"_image_18f0k_93\" fetchpriority=\"low\" loading=\"lazy\" decoding=\"async\" itemprop=\"image\"  src=\"https:\/\/www.europesays.com\/no\/wp-content\/uploads\/2025\/11\/6e157728-9e48-4dce-80f0-802581687058\"  width=\"480\"\/><\/a><\/li>\n<li><a class=\"_link_18f0k_116\" href=\"https:\/\/www.vg.no\/forfatter\/isak-loeve-pilskog-loe\" style=\"z-index:1\" title=\"Isak L\u00f8ve Pilskog Loe\" rel=\"nofollow noopener\" target=\"_blank\"><img alt=\"Bilde av Isak L\u00f8ve Pilskog Loe\" class=\"_image_18f0k_93\" fetchpriority=\"low\" loading=\"lazy\" decoding=\"async\" itemprop=\"image\"  src=\"https:\/\/www.europesays.com\/no\/wp-content\/uploads\/2025\/11\/1762475291_425_8b0354e3-bf53-460c-9c1c-790321a0c923\"  width=\"480\"\/><\/a><\/li>\n<\/ul>\n<p> Oppdatert torsdag 6. november kl. 21:03     <\/p>\n<p class=\"_paragraph_o9xde_4 _paragraph_xtcu6_10 layout-component text-serif-m layout-normal text-serif-m layout-padded\">Etter at Ine Eriksen S\u00f8reide endelig har bekreftet at hun \u00f8nsker \u00e5 bli ny partileder i H\u00f8yre, f\u00e5r hun full st\u00f8tte fra avtroppende leder Erna Solberg.<\/p>\n<p class=\"_paragraph_o9xde_4 _paragraph_xtcu6_10 layout-component text-serif-m layout-normal text-serif-m layout-padded\">\u2013 Ine er en ordentlig dyktig dame og det er ingen tvil om at hun er en god kandidat til \u00e5 bli ny leder i H\u00f8yre, sier Solberg til VG. <\/p>\n<p><img decoding=\"async\" alt=\"Bilde av Erna Solberg\" class=\"_image_ygndg_42\" height=\"27\" itemprop=\"image\" loading=\"lazy\"  src=\"https:\/\/www.europesays.com\/no\/wp-content\/uploads\/2025\/11\/38989817-f9c5-475e-8b35-27b731b8f866\"  width=\"40\"\/><strong class=\"_name_ygndg_51 title-serif-xs\">Erna Solberg<\/strong><\/p>\n<p class=\"_paragraph_o9xde_4 text-sans-m _description_ygndg_56\">Avtroppende H\u00f8yre-leder<\/p>\n<p class=\"_paragraph_o9xde_4 _paragraph_xtcu6_10 layout-component text-serif-m layout-normal text-serif-m layout-padded\">S\u00f8reide har lenge v\u00e6rt regnet som den soleklare favoritten til \u00e5 ta over etter Solberg, men har holdt kortene tett til brystet. Torsdag morgen bekreftet hun at hun \u00f8nsker jobben.<\/p>\n<p class=\"_paragraph_o9xde_4 _paragraph_xtcu6_10 layout-component text-serif-m layout-normal text-serif-m layout-padded\">Solberg understreker at valgkomiteen n\u00e5 m\u00e5 f\u00e5 gj\u00f8re sitt arbeid f\u00f8r landsm\u00f8tet i februar skal velge ny partileder.<\/p>\n<p>Mange kandidater<\/p>\n<p class=\"_paragraph_o9xde_4 _paragraph_xtcu6_10 layout-component text-serif-m layout-normal text-serif-m layout-padded\">Den avtroppende H\u00f8yre-lederen roser ogs\u00e5 partiets bredde n\u00e5r det gjelder potensielle lederkandidater.<\/p>\n<p class=\"_paragraph_o9xde_4 _paragraph_xtcu6_10 layout-component text-serif-m layout-normal text-serif-m layout-padded\">\u2013 I tillegg til Ine er det mange og kompetente kandidater som har sagt de har lyst til \u00e5 bidra inn i ulike roller i ledelsen. Jeg er stolt og glad over den flotte etterveksten vi har i partiet v\u00e5rt, sier Solberg.<\/p>\n<p class=\"_paragraph_o9xde_4 _paragraph_xtcu6_10 layout-component text-serif-m layout-normal text-serif-m layout-padded\">N\u00e5r hun blir spurt om hva hun tror S\u00f8reide kan f\u00e5 til som hun selv ikke klarte, vil ikke Solberg spekulere.<\/p>\n<p class=\"_paragraph_o9xde_4 _paragraph_xtcu6_10 layout-component text-serif-m layout-normal text-serif-m layout-padded\">\u2013 N\u00e5 skal Ine f\u00e5 stille til valg og eventuelt bli valgt, f\u00f8r jeg som har v\u00e6rt partileder skal komme med mine sp\u00e5dommer om fremtiden. Jeg er opptatt av \u00e5 ha respekt for den prosessen partiet n\u00e5 har, svarer hun.<\/p>\n<p>Sp\u00f8rsm\u00e5l om komit\u00e9lederskap<\/p>\n<p class=\"_paragraph_o9xde_4 _paragraph_xtcu6_10 layout-component text-serif-m layout-normal text-serif-m layout-padded\">Solberg sitter i dag i utenriks- og forsvarskomiteen p\u00e5 Stortinget, som ledes av nettopp Ine Eriksen S\u00f8reide. Sp\u00f8rsm\u00e5let om hvem som eventuelt skal overta komit\u00e9ledervervet n\u00e5r S\u00f8reide blir partileder, er fortsatt uavklart.<\/p>\n<p class=\"_paragraph_o9xde_4 _paragraph_xtcu6_10 layout-component text-serif-m layout-normal text-serif-m layout-padded\">\u2013 Hvem som har ulike verv i stortingsgruppen er opp til stortingsgruppen \u00e5 bestemme. S\u00e5 langt tror jeg ingen av oss har tenkt, sier Solberg.<\/p>\n<p class=\"_paragraph_o9xde_4 _paragraph_xtcu6_10 layout-component text-serif-m layout-normal text-serif-m layout-padded\">\u2013 Fabian Stang har v\u00e6rt ute i dag og sagt at han tror det ser ryddigere ut p\u00e5 Ines kj\u00f8kken enn p\u00e5 ditt. Kommentar?<\/p>\n<p class=\"_paragraph_o9xde_4 _paragraph_xtcu6_10 layout-component text-serif-m layout-normal text-serif-m layout-padded\">\u2013 Hehe. Det gjenst\u00e5r jo \u00e5 se. Jeg gleder meg til \u00e5 se kj\u00f8kkenet hennes! sier Solberg.<\/p>\n<p>    <img decoding=\"async\" alt=\"Tips oss illustrasjon\" src=\"https:\/\/www.europesays.com\/no\/wp-content\/uploads\/2025\/10\/pssst-small.webp.webp\"\/>    <\/p>\n<p class=\"title-serif-s\">Har du tips?<\/p>\n<p class=\"text-sans-m\">Send oss informasjon, bilder eller video.<\/p>\n<p>  <a href=\"https:\/\/www.vg.no\/tips-oss\" rel=\"nofollow noopener\" target=\"_blank\"> Tips oss <\/a>      <\/p>\n","protected":false},"excerpt":{"rendered":"Avtroppende H\u00f8yre-leder Erna Solberg skryter av sin trolige etterf\u00f8lger i sine f\u00f8rste kommentarer. Men hun vil ikke krone&hellip;\n","protected":false},"author":2,"featured_media":80541,"comment_status":"","ping_status":"","sticky":false,"template":"","format":"standard","meta":{"footnotes":""},"categories":[5],"tags":[31,20,21,327,9799,24,25,15,19,1213,2218,22,23,17,18,13,30,28,29,14,16,26,27],"class_list":{"0":"post-80540","1":"post","2":"type-post","3":"status-publish","4":"format-standard","5":"has-post-thumbnail","7":"category-overskrifter","8":"tag-breaking","9":"tag-breaking-news","10":"tag-breakingnews","11":"tag-erna-solberg","12":"tag-fabian-stang","13":"tag-featured-news","14":"tag-featurednews","15":"tag-headlines","16":"tag-hovedoppslag","17":"tag-hoyre-h","18":"tag-ine-eriksen-soreide","19":"tag-latest-news","20":"tag-latestnews","21":"tag-main-news","22":"tag-mainnews","23":"tag-news","24":"tag-no","25":"tag-norge","26":"tag-norway","27":"tag-nyheter","28":"tag-overskrifter","29":"tag-top-stories","30":"tag-topstories"},"share_on_mastodon":{"url":"https:\/\/pubeurope.com\/@no\/115505588299085510","error":""},"_links":{"self":[{"href":"https:\/\/www.europesays.com\/no\/wp-json\/wp\/v2\/posts\/80540","targetHints":{"allow":["GET"]}}],"collection":[{"href":"https:\/\/www.europesays.com\/no\/wp-json\/wp\/v2\/posts"}],"about":[{"href":"https:\/\/www.europesays.com\/no\/wp-json\/wp\/v2\/types\/post"}],"author":[{"embeddable":true,"href":"https:\/\/www.europesays.com\/no\/wp-json\/wp\/v2\/users\/2"}],"replies":[{"embeddable":true,"href":"https:\/\/www.europesays.com\/no\/wp-json\/wp\/v2\/comments?post=80540"}],"version-history":[{"count":0,"href":"https:\/\/www.europesays.com\/no\/wp-json\/wp\/v2\/posts\/80540\/revisions"}],"wp:featuredmedia":[{"embeddable":true,"href":"https:\/\/www.europesays.com\/no\/wp-json\/wp\/v2\/media\/80541"}],"wp:attachment":[{"href":"https:\/\/www.europesays.com\/no\/wp-json\/wp\/v2\/media?parent=80540"}],"wp:term":[{"taxonomy":"category","embeddable":true,"href":"https:\/\/www.europesays.com\/no\/wp-json\/wp\/v2\/categories?post=80540"},{"taxonomy":"post_tag","embeddable":true,"href":"https:\/\/www.europesays.com\/no\/wp-json\/wp\/v2\/tags?post=80540"}],"curies":[{"name":"wp","href":"https:\/\/api.w.org\/{rel}","templated":true}]}}