{"id":80548,"date":"2025-11-07T01:19:20","date_gmt":"2025-11-07T01:19:20","guid":{"rendered":"https:\/\/www.europesays.com\/no\/80548\/"},"modified":"2025-11-07T01:19:20","modified_gmt":"2025-11-07T01:19:20","slug":"kultur-festival-slipper-de-forste-artistene-til-byens-nye-festival-han-spiller-vanligvis-pa-mye-storre-scener","status":"publish","type":"post","link":"https:\/\/www.europesays.com\/no\/80548\/","title":{"rendered":"Kultur, Festival | Slipper de f\u00f8rste artistene til byens nye festival: \u2013\u00a0Han spiller vanligvis p\u00e5 mye st\u00f8rre scener"},"content":{"rendered":"\n<p>Datoene er 7. og 8. august neste \u00e5r.<\/p>\n<p>\u2013 Hovedprogrammet vil g\u00e5 over to kvelder, fredag og l\u00f8rdag, men ting har en tendens til \u00e5 ese litt ut n\u00e5r vi f\u00f8rst setter i gang. Vi har noen tanker om torsdagen ogs\u00e5, men det m\u00e5 vi heller komme tilbake til, sier Frode Str\u00f8mstad, som har ansvar for bookingen.<\/p>\n<p>Den nye festivalen blir sentrert rundt Turnhallen i Strandgaten.<\/p>\n<p>\u2013 Vi satser p\u00e5 \u00e5 ha \u00e9n scene til. Den blir p\u00e5 Grand Hotell. Men vi vil uansett legge opp programmet litt annerledes enn f\u00f8r, slik at det blir f\u00e5 eller ingen kollisjoner av betydning, forklarer Str\u00f8mstad.<\/p>\n<p>  <a href=\"https:\/\/www.dalane-tidende.no\/5-101-793588\" class=\"related-teaser has-image default-story-teaser article--c-eRUmMG article--c-eRUmMG-jKCPdD-design-default\" rel=\"nofollow noopener\" target=\"_blank\"><\/p>\n<p>    <img decoding=\"async\" loading=\"lazy\"  src=\"https:\/\/www.europesays.com\/no\/wp-content\/uploads\/2025\/08\/1754914094_6_att.6sHjVLAbHN-GIeq-ECafY_Ba0NjtiM0ZUEPH2izXH-U.jpeg\" alt=\"\" class=\"brick-c-cFOWSL\" style=\"\"\/><\/p>\n<p>\n            Les ogs\u00e5<\/p>\n<p>              N\u00e5 har den nye festivalen ogs\u00e5 f\u00e5tt et navn: \u2013 H\u00e5per \u00e5 trekke enda flere tilreisende til byen\n        <\/p>\n<p>  <\/a><br \/>\n  \u2013 Bruddstykker av et st\u00f8rre bilde<\/p>\n<p>Totalt ser arrang\u00f8rene for seg cirka 15 konserter.<\/p>\n<p>\u2013 Det vil komme flere navn de neste ukene. Forel\u00f8pig er det cirka halvparten av programmet vi g\u00e5r ut med. Men litt av ideen er ogs\u00e5 \u00e5 bruke enkelte av artistene i flere formater og sammenhenger, siden flere av dem har sideprosjekter. Dermed f\u00e5r vi noen ekstra \u00abtreats\u00bb for dem som liker en artist eller et band ekstra godt, sier Frode Str\u00f8mstad, som har lang fartstid fra blant annet Egersund Visefestival og bandet I Was a King.<\/p>\n<p><b>\u2013 Hvorfor Sivert H\u00f8yem, og hvordan har dere klart \u00e5 f\u00e5 ham til \u00e5 gj\u00f8re en s\u00e5pass intim konsert i Egersund?<\/b><\/p>\n<p>\u2013 Et par av bandmedlemmene hans har v\u00e6rt p\u00e5 festivalen tidligere og snakket varmt om den. Han hadde derfor veldig lyst til \u00e5 komme til Egersund selv. Sivert H\u00f8yem er en artist som har klart \u00e5 holde seg aktuell gjennom mange \u00e5r, og han trekker mye folk b\u00e5de i Norge og utlandet. Han har samtidig musikalske r\u00f8tter som ligner p\u00e5 mye av det vi ellers booker til festivalen. Det er en slags r\u00f8d tr\u00e5d i det vi vil presentere, og de f\u00f8rste artistene som slippes n\u00e5, er bruddstykker av et st\u00f8rre bilde, svarer Str\u00f8mstad.<\/p>\n<p>Spilte for fulle hus i Flekkefjord og Stavanger<\/p>\n<p>Sivert H\u00f8yem har en lang historie, blant annet fra Madrugada, samtidig som han fortsatt leverer musikk av h\u00f8y kvalitet som soloartist, poengterer han videre.<\/p>\n<p>\u2013 Det blir kult \u00e5 se ham i en s\u00e5 intim setting. Han spiller vanligvis p\u00e5 mye st\u00f8rre scener. Vi har tro p\u00e5 at det blir kamp om billettene. H\u00f8yem spilte i b\u00e5de Flekkefjord og Stavanger i forrige uke, og begge disse konsertene var utsolgt. Det er et navn vi lenge har hatt lyst til \u00e5 ha p\u00e5 festivalen. Noen vil sikkert ogs\u00e5 huske at han gjorde en legendarisk konsert med Madrugada i Grand Kjelleren i Egersund tilbake i 1999.<\/p>\n<p>Sivert H\u00f8yem spiller fredagen under Tideless, og han stiller med fullt band.<\/p>\n<p>Flaggermus p\u00e5 sjeldent bes\u00f8k<\/p>\n<p>Nordlendingen er nok bedre kjent blant folk flest, men for kjennere av klassisk rock er ogs\u00e5 The Bats et stort navn med et historisk sus.<\/p>\n<p>\u2013 Vi har et m\u00e5l om \u00e5 by p\u00e5 en god blanding av nytt og gammelt. The Bats er et legendarisk band fra New Zealand, som har v\u00e6rt viktig for veldig mange. Sist gang de spilte i Norge, mener jeg var p\u00e5 Folken i Stavanger i 1988. The Bats er fortsatt aktive og ga ut ei ny plate for bare et par uker siden.<\/p>\n<p><b>\u2013 De gj\u00f8r alts\u00e5 sin f\u00f8rste konsert i Norge p\u00e5 n\u00e6rmere 40 \u00e5r? Hvordan er det mulig?<\/b><\/p>\n<p>\u2013 Det er ikke verre enn at jeg finner band jeg har lyst til \u00e5 ha p\u00e5 festivalen og tar kontakt. Dette blir den eneste konserten gruppa skal ha i Norge, men de har booket en turn\u00e9 i Europa rundt denne festivaljobben. The Bats spiller gitarbasert popmusikk, men de har gjort utrolig mye forskjellig og spilt med den samme besetningen helt siden 1982. Det har blant annet v\u00e6rt et av favorittbandene til R.E.M., som de ogs\u00e5 spilte support for i \u00abgamle dager\u00bb. Det er et band som har mange fans rundt forbi, s\u00e5 jeg har tro p\u00e5 at dette er et navn som vil trekke en hel del tilreisende til byen, sier Frode Str\u00f8mstad.<\/p>\n<p>   <img decoding=\"async\" width=\"2999\" height=\"1988\" fetchpriority=\"low\"  loading=\"lazy\"  src=\"https:\/\/www.europesays.com\/no\/wp-content\/uploads\/2025\/11\/girlikemineapple.jpg\" alt=\"\" class=\"brick-c-cFOWSL\" style=\"--brick-image-ratio: 2999 \/ 1988;\"\/><\/p>\n<p>      P\u00c5 VEI OPP: Kai Slater er hjernen og hjertet i Chicago-bandet Sharp Pins, som har rukket \u00e5 f\u00e5 mange tilhengere. <\/p>\n<p>  \u2013 Musikk slik musikk skal h\u00f8res ut<\/p>\n<p>Personlig er han er kanskje aller mest forn\u00f8yd med \u00e5 kunne bekrefte at Sharps Pins er klare for festivalen.<\/p>\n<p>\u2013 Det er mitt favorittband akkurat n\u00e5. Jeg har pr\u00f8vd \u00e5 f\u00e5 dem til Egersund et par \u00e5r allerede, men har ikke klart \u00e5 n\u00e5 gjennom tidligere. Sharp Pins er superfans av en annen kjenning av meg, Robyn Hitchcock, som ogs\u00e5 kommer til \u00e5rets festival. Det er via ham jeg har f\u00e5tt kontakt.<\/p>\n<p><b>\u2013 Hva slags musikk snakker vi om?<\/b><\/p>\n<p>\u2013 Medlemmene av Sharp Pins er rundt 20 \u00e5r, har masse overskudd og kreativitet og leverer en perfekt blanding av alt jeg synes er bra. Musikken er 60-tallsinspirert, men med tydelige ekko av nyere ting. De er fra Chicago, og det er egentlig et slags soloprosjekt, men med fire stykker i et fast liveband. I forrige uke hadde magasinet Rolling Stone en stor sak om dem, s\u00e5 det er virkelig et band p\u00e5 vei opp. Den fjerde plata kommer n\u00e5 i november. Etter min mening er dette musikk slik musikk skal h\u00f8res ut.<\/p>\n<p>Britene er godt representert<\/p>\n<p>Videre blir det gjenh\u00f8r med Bill Ryder Jones, som spilte p\u00e5 Egersund Visefestival i 2024. Engelskmannen har ei fortid i The Coral og har produsert den siste plata til I Was a King.<\/p>\n<p>Skotske The Cords kommer ogs\u00e5 tilbake til Egersund, etter \u00e5 ha spilt p\u00e5 visefestivalen i sommer.<\/p>\n<p>   <img decoding=\"async\" width=\"1375\" height=\"1960\" fetchpriority=\"low\"  loading=\"lazy\"  src=\"https:\/\/www.europesays.com\/no\/wp-content\/uploads\/2025\/11\/1000041913.jpg\" alt=\"\" class=\"brick-c-cFOWSL\" style=\"--brick-image-ratio: 1375 \/ 1960;\"\/><\/p>\n<p>      TREKKER NED SNITTALDEREN: Duoen The Cords best\u00e5r av to s\u00f8stre, Grace and Eva, som begge er i ten\u00e5ra. Gruppa spilte p\u00e5 \u00e5rets Egersund Visefestival og kommer tilbake neste sommer.<\/p>\n<p>\u2013 Det er et band vi har plukket opp veldig tidlig. De har n\u00e5 sluppet debutplata si og f\u00e5tt masse vind i seilene. Dette er litt som Sharp Pins \u2013 unge folk som holder liv i den gode, klassiske gitarpop-tradisjonen, sier Frode Str\u00f8mstad.<\/p>\n<p>Den sjette artisten som bekreftes til Tideless i denne omgang, er et annet innslag fra Storbritannia, Robyn Hitchcock, som for noen \u00e5r siden fikk sin egen stjerne i brosteinen utenfor Mocca i g\u00e5gata.<\/p>\n<p>\u2013 Robyn hadde lyst til \u00e5 komme tilbake etter \u00e5 ha spilt p\u00e5 Egersund Visefestival flere ganger. Han er p\u00e5 mange m\u00e5ter et musikalsk bindeledd mellom mange av artistene vi har p\u00e5 programmet. Han er konstant aktiv og en person som liker \u00e5 samarbeide med andre, i tillegg til \u00e5 gj\u00f8re sykt bra ting p\u00e5 egen h\u00e5nd. N\u00e5r vi vet at Robyn for eksempel har store tilhengere i Sharp Pins, tror vi at vi kan f\u00e5 til noen spennende m\u00f8ter rundt det, forklarer Str\u00f8mstad.<\/p>\n<p>Arrang\u00f8rene har lagt ut til sammen 400 billetter til Tideless. Det er n\u00e5 i underkant av 300 igjen.<\/p>\n<p>  <a href=\"https:\/\/www.dalane-tidende.no\/5-101-783339\" class=\"related-teaser has-image default-feature-teaser article--c-eRUmMG article--c-eRUmMG-jKCPdD-design-default\" rel=\"nofollow noopener\" target=\"_blank\"><\/p>\n<p>    <img decoding=\"async\" loading=\"lazy\"  src=\"https:\/\/www.europesays.com\/no\/wp-content\/uploads\/2025\/11\/Steve+Keen+5.jpg\" alt=\"\" class=\"brick-c-cFOWSL\" style=\"\"\/><\/p>\n<p>\n            Les ogs\u00e5<\/p>\n<p>              \u00abVerdens mest produktive kunstner\u00bb har denne uka atelier i g\u00e5gata\n        <\/p>\n<p>  <\/a><\/p>\n","protected":false},"excerpt":{"rendered":"Datoene er 7. og 8. august neste \u00e5r. \u2013 Hovedprogrammet vil g\u00e5 over to kvelder, fredag og l\u00f8rdag,&hellip;\n","protected":false},"author":2,"featured_media":80549,"comment_status":"","ping_status":"","sticky":false,"template":"","format":"standard","meta":{"footnotes":""},"categories":[58],"tags":[36,88,71,497,410,30,28,29,1510,72],"class_list":{"0":"post-80548","1":"post","2":"type-post","3":"status-publish","4":"format-standard","5":"has-post-thumbnail","7":"category-underholdning","8":"tag-art","9":"tag-eigersund","10":"tag-entertainment","11":"tag-festival","12":"tag-kultur","13":"tag-no","14":"tag-norge","15":"tag-norway","16":"tag-story","17":"tag-underholdning"},"share_on_mastodon":{"url":"https:\/\/pubeurope.com\/@no\/115505788793907115","error":""},"_links":{"self":[{"href":"https:\/\/www.europesays.com\/no\/wp-json\/wp\/v2\/posts\/80548","targetHints":{"allow":["GET"]}}],"collection":[{"href":"https:\/\/www.europesays.com\/no\/wp-json\/wp\/v2\/posts"}],"about":[{"href":"https:\/\/www.europesays.com\/no\/wp-json\/wp\/v2\/types\/post"}],"author":[{"embeddable":true,"href":"https:\/\/www.europesays.com\/no\/wp-json\/wp\/v2\/users\/2"}],"replies":[{"embeddable":true,"href":"https:\/\/www.europesays.com\/no\/wp-json\/wp\/v2\/comments?post=80548"}],"version-history":[{"count":0,"href":"https:\/\/www.europesays.com\/no\/wp-json\/wp\/v2\/posts\/80548\/revisions"}],"wp:featuredmedia":[{"embeddable":true,"href":"https:\/\/www.europesays.com\/no\/wp-json\/wp\/v2\/media\/80549"}],"wp:attachment":[{"href":"https:\/\/www.europesays.com\/no\/wp-json\/wp\/v2\/media?parent=80548"}],"wp:term":[{"taxonomy":"category","embeddable":true,"href":"https:\/\/www.europesays.com\/no\/wp-json\/wp\/v2\/categories?post=80548"},{"taxonomy":"post_tag","embeddable":true,"href":"https:\/\/www.europesays.com\/no\/wp-json\/wp\/v2\/tags?post=80548"}],"curies":[{"name":"wp","href":"https:\/\/api.w.org\/{rel}","templated":true}]}}