{"id":80556,"date":"2025-11-07T01:42:04","date_gmt":"2025-11-07T01:42:04","guid":{"rendered":"https:\/\/www.europesays.com\/no\/80556\/"},"modified":"2025-11-07T01:42:04","modified_gmt":"2025-11-07T01:42:04","slug":"nora-dasnes-bare-si-ja-lages-det-bedre-barneboker-pa-norsk","status":"publish","type":"post","link":"https:\/\/www.europesays.com\/no\/80556\/","title":{"rendered":"Nora D\u00e5snes \u00abBare si ja\u00bb. Lages det bedre barneb\u00f8ker p\u00e5 norsk?"},"content":{"rendered":"<p class=\"kicker align-center mobile_text_align_align-center\" style=\"\">Anmeldelse<\/p>\n<p>    \u00c5 lese Nora D\u00e5snes f\u00f8les som \u00e5 bli tolv \u00e5r igjen. Derfor leser jeg boken sammen med en tolv\u00e5ring.<\/p>\n<p>\n        Deler sin begeistring: Morgenbladets anmelder og anmelderens datter er begge vilt begeistret for Nora D\u00e5snes seneste bok.<br \/>\n        Nora D\u00e5snes \/ Aschehoug\n    <\/p>\n<p>                Bestill abonnement her<\/p>\n<p>\n                    <a href=\"https:\/\/kampanje.morgenbladet.no\/selvbestilling-2\" rel=\"nofollow noopener\" target=\"_blank\">KJ\u00d8P<\/a>\n                <\/p>\n","protected":false},"excerpt":{"rendered":"Anmeldelse \u00c5 lese Nora D\u00e5snes f\u00f8les som \u00e5 bli tolv \u00e5r igjen. Derfor leser jeg boken sammen med&hellip;\n","protected":false},"author":2,"featured_media":80557,"comment_status":"","ping_status":"","sticky":false,"template":"","format":"standard","meta":{"footnotes":""},"categories":[58],"tags":[71,30,28,29,72],"class_list":{"0":"post-80556","1":"post","2":"type-post","3":"status-publish","4":"format-standard","5":"has-post-thumbnail","7":"category-underholdning","8":"tag-entertainment","9":"tag-no","10":"tag-norge","11":"tag-norway","12":"tag-underholdning"},"share_on_mastodon":{"url":"https:\/\/pubeurope.com\/@no\/115505878970497300","error":""},"_links":{"self":[{"href":"https:\/\/www.europesays.com\/no\/wp-json\/wp\/v2\/posts\/80556","targetHints":{"allow":["GET"]}}],"collection":[{"href":"https:\/\/www.europesays.com\/no\/wp-json\/wp\/v2\/posts"}],"about":[{"href":"https:\/\/www.europesays.com\/no\/wp-json\/wp\/v2\/types\/post"}],"author":[{"embeddable":true,"href":"https:\/\/www.europesays.com\/no\/wp-json\/wp\/v2\/users\/2"}],"replies":[{"embeddable":true,"href":"https:\/\/www.europesays.com\/no\/wp-json\/wp\/v2\/comments?post=80556"}],"version-history":[{"count":0,"href":"https:\/\/www.europesays.com\/no\/wp-json\/wp\/v2\/posts\/80556\/revisions"}],"wp:featuredmedia":[{"embeddable":true,"href":"https:\/\/www.europesays.com\/no\/wp-json\/wp\/v2\/media\/80557"}],"wp:attachment":[{"href":"https:\/\/www.europesays.com\/no\/wp-json\/wp\/v2\/media?parent=80556"}],"wp:term":[{"taxonomy":"category","embeddable":true,"href":"https:\/\/www.europesays.com\/no\/wp-json\/wp\/v2\/categories?post=80556"},{"taxonomy":"post_tag","embeddable":true,"href":"https:\/\/www.europesays.com\/no\/wp-json\/wp\/v2\/tags?post=80556"}],"curies":[{"name":"wp","href":"https:\/\/api.w.org\/{rel}","templated":true}]}}