{"id":80564,"date":"2025-11-07T02:51:15","date_gmt":"2025-11-07T02:51:15","guid":{"rendered":"https:\/\/www.europesays.com\/no\/80564\/"},"modified":"2025-11-07T02:51:15","modified_gmt":"2025-11-07T02:51:15","slug":"eneste-overlevende-forteller-om-preget-hverdag","status":"publish","type":"post","link":"https:\/\/www.europesays.com\/no\/80564\/","title":{"rendered":"Eneste overlevende forteller om preget hverdag"},"content":{"rendered":"\n<ul class=\"_list_o9xde_3 _list_64s2r_85 _unordered_o9xde_106 text-sans-m\">\n<li class=\"_item_o9xde_30\">Viswashkumar Ramesh (40) var den eneste som overlevde Air India-flystyrten som tok 242 liv i juni.<\/li>\n<li class=\"_item_o9xde_30\">Ramesh sliter med posttraumatisk stress og fysiske skader, og f\u00f8ler seg alene.<\/li>\n<li class=\"_item_o9xde_30\">Broren hans d\u00f8de i ulykken, og familiefirmaet deres har kollapset.<\/li>\n<li class=\"_item_o9xde_30\">R\u00e5dgivere mener Air India og britiske myndigheter ikke har gitt tilstrekkelig st\u00f8tte.<\/li>\n<\/ul>\n<p>Vis mer <\/p>\n<p class=\"_paragraph_o9xde_4 _paragraph_xtcu6_10 layout-component text-serif-m layout-normal text-serif-m layout-padded\">Ramesh (40) satt i sete 11A, like ved en n\u00f8dutgang, og klarte p\u00e5 utrolig vis \u00e5 klatre ut av flyet med bare mindre skader, samtidig som 242 andre d\u00f8de. <\/p>\n<p class=\"_paragraph_o9xde_4 _paragraph_xtcu6_10 layout-component text-serif-m layout-normal text-serif-m layout-padded\">Ulykken skjedde 12. juni under avgang, og flyet krasjet i et omr\u00e5de utenfor flyplassen. <\/p>\n<p class=\"_paragraph_o9xde_4 _paragraph_xtcu6_10 layout-component text-serif-m layout-normal text-serif-m layout-padded\">Det ble sendt ut maydaymelding fra flyet, men s\u00e5 det kom ikke noe mer kommunikasjon.<\/p>\n<p class=\"_paragraph_o9xde_4 _paragraph_xtcu6_10 layout-component text-serif-m layout-normal text-serif-m layout-padded\">If\u00f8lge Flightradar mistet de signaler fra flyet kun sekunder etter avgang, klokken 11.08 norsk tid. Da var flyet i 625 fots h\u00f8yde, omtrent 190 meter over bakken.<\/p>\n<p><img alt=\"Viswashkumar Ramesh forteller at hver dag er veldig smertefull for hele familien.   Foto: Jacob King \/ Pa Photos \/ NTB\" class=\"_image_qp4xg_65 layout-component layout-normal\" data-fullscreen- data-track-element-type=\"Article image fullscreen\" data-track-name=\"ImageFullscreen\" decoding=\"async\" loading=\"lazy\" height=\"4000\" itemprop=\"image\"  src=\"https:\/\/www.europesays.com\/no\/wp-content\/uploads\/2025\/11\/84519aeb-1848-4740-8fad-443e51eeb605\"  style=\"object-position:0% 0%\" width=\"6000\"\/>Viswashkumar Ramesh forteller at hver dag er veldig smertefull for hele familien.   Foto: Jacob King \/ Pa Photos \/ NTB\u2013 Jeg f\u00f8ler meg alene<\/p>\n<p class=\"_paragraph_o9xde_4 _paragraph_xtcu6_10 layout-component text-serif-m layout-normal text-serif-m layout-padded\">If\u00f8lge indisk politi skal Ramesh ha hoppet ut fra n\u00f8dutgangen p\u00e5 flyet, skriver Reuters.<\/p>\n<p class=\"_paragraph_o9xde_4 _paragraph_xtcu6_10 layout-component text-serif-m layout-normal text-serif-m layout-padded\">Selv beskriver han det hele som et mirakel.<\/p>\n<p class=\"_paragraph_o9xde_4 _paragraph_xtcu6_10 layout-component text-serif-m layout-normal text-serif-m layout-padded\">\u2013 Jeg reiste meg opp og l\u00f8p, og noen tok meg med inn i en ambulanse og til sykehuset, skal han ha sagt til avisen.<\/p>\n<p class=\"_paragraph_o9xde_4 _paragraph_xtcu6_10 layout-component text-serif-m layout-normal text-serif-m layout-padded\">Men til tross for at han f\u00f8ler seg heldig som overlevde, preges han fortsatt sterkt av ulykken.<\/p>\n<p class=\"_paragraph_o9xde_4 _paragraph_xtcu6_10 layout-component text-serif-m layout-normal text-serif-m layout-padded\">Siden han kom hjem til Leicester, har han slitt med posttraumatisk stress. Han klarer ikke \u00e5 snakke med kona og den fire \u00e5r gamle s\u00f8nnen sin.<\/p>\n<p class=\"_paragraph_o9xde_4 _paragraph_xtcu6_10 layout-component text-serif-m layout-normal text-serif-m layout-padded\"> \u2013 Jeg f\u00f8ler meg alene. Jeg sitter bare p\u00e5 rommet mitt alene. Jeg bare liker \u00e5 v\u00e6re alene i huset, sier han til <a href=\"https:\/\/www.bbc.com\/news\/articles\/cp85zvne1m3o\" class=\"_link_o9xde_39\" rel=\"nofollow noopener\" target=\"_blank\">BBC<\/a> i huset sitt i Leicester i Storbritannia. <\/p>\n<p class=\"_paragraph_o9xde_4 _paragraph_xtcu6_10 layout-component text-serif-m layout-normal text-serif-m layout-padded\">\u2013 Jeg tenker hele natten. Jeg lider mentalt. Hver dag er veldig smertefull for hele familien, legger han til.<\/p>\n<p class=\"_paragraph_o9xde_4 _paragraph_xtcu6_10 layout-component text-serif-m layout-normal text-serif-m layout-padded\">Flyet var p\u00e5 vei til London, men styrtet i et boligomr\u00e5de ikke langt fra flyplassen. If\u00f8lge indiske medier krasjet flyet inn i en hybelblokk for legestudenter.<\/p>\n<p>Mistet broren<\/p>\n<p class=\"_paragraph_o9xde_4 _paragraph_xtcu6_10 layout-component text-serif-m layout-normal text-serif-m layout-padded\">Blant de 242 som d\u00f8de i flystyrten, som skjedde i Ahmedabad i India, var Rameshs bror Ajaykumar. <\/p>\n<p class=\"_paragraph_o9xde_4 _paragraph_xtcu6_10 layout-component text-serif-m layout-normal text-serif-m layout-padded\">Sammen drev de en fiskebedrift i Diu i India. Siden ulykken har bedriften kollapset.<\/p>\n<p class=\"_paragraph_o9xde_4 _paragraph_xtcu6_10 layout-component text-serif-m layout-normal text-serif-m layout-padded\"> \u2013 Jeg tenker bare p\u00e5 broren min. Han var alt for meg, sier han til <a href=\"https:\/\/news.sky.com\/story\/sole-survivor-of-air-india-crash-tells-sky-news-the-trauma-broke-him-13460691\" class=\"_link_o9xde_39\" rel=\"nofollow noopener\" target=\"_blank\">Sky News<\/a>.<\/p>\n<p><img alt=\"Viswashkumar Ramesh, bilde tatt 27. oktober 2025.   Foto: Jacob King \/ Pa Photos \/ NTB\" class=\"_image_qp4xg_65 layout-component layout-normal\" data-fullscreen- data-track-element-type=\"Article image fullscreen\" data-track-name=\"ImageFullscreen\" decoding=\"async\" loading=\"lazy\" height=\"4000\" itemprop=\"image\"  src=\"https:\/\/www.europesays.com\/no\/wp-content\/uploads\/2025\/11\/d81937ac-954a-4083-b1f9-7fc59eb1e74f\"  style=\"object-position:0% 0%\" width=\"6000\"\/>Viswashkumar Ramesh, bilde tatt 27. oktober 2025.   Foto: Jacob King \/ Pa Photos \/ NTB<\/p>\n<p class=\"_paragraph_o9xde_4 _paragraph_xtcu6_10 layout-component text-serif-m layout-normal text-serif-m layout-padded\">I tillegg til psykiske lidelser har Ramesh ogs\u00e5 fysiske skader i bein, skuldre, kn\u00e6r og rygg. <\/p>\n<p class=\"_paragraph_o9xde_4 _paragraph_xtcu6_10 layout-component text-serif-m layout-normal text-serif-m layout-padded\">Han har ikke v\u00e6rt i stand til \u00e5 jobbe siden ulykken, og ble i etterkant diagnostisert med PTSD PTSD En psykisk helsetilstand som kan oppst\u00e5 etter \u00e5 ha opplevd eller v\u00e6rt vitne til en traumatisk hendelse, og som kan f\u00f8re til symptomer som angst, flashbacks og f\u00f8lelsesmessig nummenhet.(posttraumatisk stresslidelse).<\/p>\n<p>Krever mer av Air India<\/p>\n<p class=\"_paragraph_o9xde_4 _paragraph_xtcu6_10 layout-component text-serif-m layout-normal text-serif-m layout-padded\">Rameshs r\u00e5dgivere mener <a href=\"https:\/\/www.vg.no\/tag\/air-india?utm_source=vg-article&amp;utm_medium=auto-tagger&amp;utm_campaign=dRg55J\" class=\"_link_o9xde_39\" rel=\"nofollow noopener\" target=\"_blank\">Air India<\/a> og den britiske regjeringen ikke har gjort nok for \u00e5 hjelpe ham.<\/p>\n<p class=\"_paragraph_o9xde_4 _paragraph_xtcu6_10 layout-component text-serif-m layout-normal text-serif-m layout-padded\">Etter ulykken ble han tilbudt 21.500 pund, som tilsvarer rundt 250.000 kroner, fra Air India, noe han takket ja til. <\/p>\n<p class=\"_paragraph_o9xde_4 _paragraph_xtcu6_10 layout-component text-serif-m layout-normal text-serif-m layout-padded\">R\u00e5dgiverne hans mener imidlertid at det ikke er i n\u00e6rheten av nok.<\/p>\n<p class=\"_paragraph_o9xde_4 _paragraph_xtcu6_10 layout-component text-serif-m layout-normal text-serif-m layout-padded\">De mener flyselskapet b\u00f8r m\u00f8te med Ramesh og andre som er ber\u00f8rt av ulykken, slik at de kan f\u00f8lges opp skikkelig.<\/p>\n<p class=\"_paragraph_o9xde_4 _paragraph_xtcu6_10 layout-component text-serif-m layout-normal text-serif-m layout-padded\">\u2013 M\u00f8t folkene. Pr\u00f8v \u00e5 forst\u00e5 hva de g\u00e5r gjennom, sier Sanjiv Patel til Sky News.<\/p>\n<p class=\"_paragraph_o9xde_4 _paragraph_xtcu6_10 layout-component text-serif-m layout-normal text-serif-m layout-padded\">En talsperson for Air India sier til kanalen at ivaretagelsen av Ramesh og andre p\u00e5r\u00f8rende er en prioritet.<\/p>\n<p class=\"_paragraph_o9xde_4 _paragraph_xtcu6_10 layout-component text-serif-m layout-normal text-serif-m layout-padded\">\u2013 Vi er klar over v\u00e5rt ansvar for \u00e5 st\u00f8tte Ramesh gjennom det som m\u00e5 ha v\u00e6rt en ufattelig periode.<\/p>\n<p class=\"_paragraph_o9xde_4 _paragraph_xtcu6_10 layout-component text-serif-m layout-normal text-serif-m layout-padded\">Omsorgen for ham \u2013 og alle familiene som er ber\u00f8rt av tragedien \u2013 er fortsatt v\u00e5r absolutte prioritet, heter det i uttalelsen.<\/p>\n<p>Mener motorene sviktet<\/p>\n<p class=\"_paragraph_o9xde_4 _paragraph_xtcu6_10 layout-component text-serif-m layout-normal text-serif-m layout-padded\">If\u00f8lge Reuters som siterer avisen T<a href=\"https:\/\/www.wsj.com\/business\/airlines\/boeing-787s-emergency-power-system-likely-active-before-air-india-crash-148b7e02\" class=\"_link_o9xde_39\" rel=\"nofollow noopener\" target=\"_blank\">he Wall Street Journal,<\/a>\u00a0kan n\u00f8dstr\u00f8mssystemet n\u00f8dstr\u00f8mssystemet Et system i fly som gir str\u00f8m i n\u00f8dsituasjoner, ofte ved hjelp av en liten propell kalt \u00abram air turbine\u00bb (RAT) som aktiveres hvis motorene svikter.ha v\u00e6rt p\u00e5 f\u00f8r flyet krasjet. <\/p>\n<p class=\"_paragraph_o9xde_4 _paragraph_xtcu6_10 layout-component text-serif-m layout-normal text-serif-m layout-padded\">N\u00f8dsystemet, kjent som en \u00abram air turbineram air turbineEn liten propell som felles ut fra undersiden av et fly for \u00e5 fungere som en reservegenerator i tilfelle motor- eller hydraulikksvikt.\u00bb (RAT), er en liten propell som felles ut fra undersiden av flyet for \u00e5 fungere som en reservegenerator.<\/p>\n<p class=\"_paragraph_o9xde_4 _paragraph_xtcu6_10 layout-component text-serif-m layout-normal text-serif-m layout-padded\">Systemet aktiveres automatisk hvis begge motorene svikter eller hvis det oppst\u00e5r problemer med flyets hydraulikksystemer. <\/p>\n<p class=\"_paragraph_o9xde_4 _paragraph_xtcu6_10 layout-component text-serif-m layout-normal text-serif-m layout-padded\">I juli omtalte VG en <a href=\"https:\/\/www.vg.no\/nyheter\/i\/3MAPlA\/foreloepig-granskningsrapport-har-avklart-aarsaken-til-flystyrten-med-air-india\" data-track-element-type=\"Link\" data-track-id=\"link:3MAPlA\" class=\"_link_o9xde_39\" rel=\"nofollow noopener\" target=\"_blank\">rapport <\/a>produsert av Indias havarikommisjon. <\/p>\n<p class=\"_paragraph_o9xde_4 _paragraph_xtcu6_10 layout-component text-serif-m layout-normal text-serif-m layout-padded\">If\u00f8lge rapporten skal bryterne som kontrollerer drivstoffet til motorene, ha blitt flyttet fra \u00abRUN\u00bb til \u00abCUTOFF\u00bb, noe som skal ha kuttet kraften til motorene.<\/p>\n<p class=\"_paragraph_o9xde_4 _paragraph_xtcu6_10 layout-component text-serif-m layout-normal text-serif-m layout-padded\">\u2013 I taleopptak fra cockpiten h\u00f8res det at en av pilotene sp\u00f8r den andre om hvorfor han kuttet drivstoffet. Den andre piloten svarte at han ikke hadde gjort det, heter det i rapporten.<\/p>\n<p class=\"_paragraph_o9xde_4 _paragraph_xtcu6_10 layout-component text-serif-m layout-normal text-serif-m layout-padded\">Bryterne ble satt tilbake til riktig posisjon og motorene s\u00e5 ut til \u00e5 bygge opp kraft igjen, men flyet styrtet kort tid etterp\u00e5.<\/p>\n","protected":false},"excerpt":{"rendered":"Viswashkumar Ramesh (40) var den eneste som overlevde Air India-flystyrten som tok 242 liv i juni. Ramesh sliter&hellip;\n","protected":false},"author":2,"featured_media":80565,"comment_status":"","ping_status":"","sticky":false,"template":"","format":"standard","meta":{"footnotes":""},"categories":[12],"tags":[10948,20,21,24,25,10875,15,120,22,23,13,30,28,29,14,16,26,27,42,43,44,45],"class_list":{"0":"post-80564","1":"post","2":"type-post","3":"status-publish","4":"format-standard","5":"has-post-thumbnail","7":"category-verden","8":"tag-air-india","9":"tag-breaking-news","10":"tag-breakingnews","11":"tag-featured-news","12":"tag-featurednews","13":"tag-flyulykker","14":"tag-headlines","15":"tag-india","16":"tag-latest-news","17":"tag-latestnews","18":"tag-news","19":"tag-no","20":"tag-norge","21":"tag-norway","22":"tag-nyheter","23":"tag-overskrifter","24":"tag-top-stories","25":"tag-topstories","26":"tag-verden","27":"tag-world","28":"tag-world-news","29":"tag-worldnews"},"share_on_mastodon":{"url":"https:\/\/pubeurope.com\/@no\/115506150400921068","error":""},"_links":{"self":[{"href":"https:\/\/www.europesays.com\/no\/wp-json\/wp\/v2\/posts\/80564","targetHints":{"allow":["GET"]}}],"collection":[{"href":"https:\/\/www.europesays.com\/no\/wp-json\/wp\/v2\/posts"}],"about":[{"href":"https:\/\/www.europesays.com\/no\/wp-json\/wp\/v2\/types\/post"}],"author":[{"embeddable":true,"href":"https:\/\/www.europesays.com\/no\/wp-json\/wp\/v2\/users\/2"}],"replies":[{"embeddable":true,"href":"https:\/\/www.europesays.com\/no\/wp-json\/wp\/v2\/comments?post=80564"}],"version-history":[{"count":0,"href":"https:\/\/www.europesays.com\/no\/wp-json\/wp\/v2\/posts\/80564\/revisions"}],"wp:featuredmedia":[{"embeddable":true,"href":"https:\/\/www.europesays.com\/no\/wp-json\/wp\/v2\/media\/80565"}],"wp:attachment":[{"href":"https:\/\/www.europesays.com\/no\/wp-json\/wp\/v2\/media?parent=80564"}],"wp:term":[{"taxonomy":"category","embeddable":true,"href":"https:\/\/www.europesays.com\/no\/wp-json\/wp\/v2\/categories?post=80564"},{"taxonomy":"post_tag","embeddable":true,"href":"https:\/\/www.europesays.com\/no\/wp-json\/wp\/v2\/tags?post=80564"}],"curies":[{"name":"wp","href":"https:\/\/api.w.org\/{rel}","templated":true}]}}