{"id":80567,"date":"2025-11-07T03:00:56","date_gmt":"2025-11-07T03:00:56","guid":{"rendered":"https:\/\/www.europesays.com\/no\/80567\/"},"modified":"2025-11-07T03:00:56","modified_gmt":"2025-11-07T03:00:56","slug":"slakting-dyrevelferd-griseslakt-pa-timeplanen-bra-laering-for-barn","status":"publish","type":"post","link":"https:\/\/www.europesays.com\/no\/80567\/","title":{"rendered":"Slakting, Dyrevelferd | Griseslakt p\u00e5 timeplanen: Bra l\u00e6ring for barn"},"content":{"rendered":"\n<p>(<a href=\"https:\/\/www.gd.no\/det-er-ikke-bonder-slaktere-eller-jegere-som-skaper-dyreplagere\/o\/5-18-2395500\" rel=\"Follow nofollow noopener\" target=\"_blank\">Gudbrandsd\u00f8len Dagningen<\/a>): Og vi t\u00e5ler det, b\u00e5de skoleledelsen og skolebarna p\u00e5 J\u00f8rstadmoen, og bonden som bruker av travel tid for at de sm\u00e5 skal l\u00e6re litt om det vi lever av, b\u00e5de han som produserer og jeg som eter.<\/p>\n<p>\u00abN\u00e5r barn blir eksponert for vold mot dyr er det en risiko for at det skader deres medf\u00f8dte empati med andre skapninger\u00bb, <a href=\"https:\/\/www.gd.no\/reagerer-pa-slakting-foran-skolebarn-at-ledelsen-godkjenner-det-er-betenkelig\/s\/5-18-2393967\" rel=\"Follow nofollow noopener\" target=\"_blank\">sier MDG-representant Siri Standal.<\/a><\/p>\n<p>Dommer over b\u00e5de skoleleder, l\u00e6rere, b\u00f8nder, slaktere og jaktere<\/p>\n<p>Hun setter matprodusenter og h\u00f8stere i b\u00e5s med folk som denger bikkja, pisker hesten, sparker katten, ut\u00f8ver sadisme p\u00e5 gnagere i bur, eller p\u00e5 annen m\u00e5te f\u00e5r utl\u00f8p for vilt raseri og reinspikka galskap.<\/p>\n<p>Vi vet de er der. Vi vet det er for mange av dem, dyremishandlerne.<\/p>\n<p><b>Men knapt noen av dem har v\u00e6rt til stede p\u00e5 hjemmeslakting av gris<\/b><\/p>\n<p>\u00abEr det noe vi \u00f8nsker og trenger er det barn som l\u00e6rer om empati og medf\u00f8lelse. Man m\u00e5 anta at dette har en negativ effekt p\u00e5 det\u00bb, sier Standal, og gj\u00f8r seg med det til dommer over b\u00e5de skoleleder, l\u00e6rere, b\u00f8nder, slaktere og jaktere.<\/p>\n<blockquote class=\"brick-c-kLSvcb theme-white\">\n<p class=\"blockquote-text\">Som sine foreldre, har de ogs\u00e5 godt av \u00e5 kunne noe om opprinnelsen til bordets gleder<\/p>\n<p>        Jostein Hern\u00e6s\n      <\/p><\/blockquote>\n<p>    Barn trenger gode m\u00f8ter med virkeligheten<\/p>\n<p>Barn trenger gode m\u00f8ter med virkeligheten. Barn trenger et realistisk forhold til egne lokalsamfunn og lokalsamfunnets n\u00e6ringsgrunnlag.<\/p>\n<p><b>Barn trenger ogs\u00e5 \u00e5 l\u00e6re at ikke noe sted er matproduksjonen mer regulert og human enn i landet der de vokser opp, heller ikke kj\u00f8ttproduksjonen.<\/b><\/p>\n<p>Som sine foreldre, har de ogs\u00e5 godt av \u00e5 kunne noe om opprinnelsen til bordets gleder. Jeg skulle gjerne sett at norsk gris i st\u00f8rre grad ble f\u00f4ret med norske f\u00f4rressurser, og er gjerne enig med folk som mener at norsk kj\u00f8ttproduksjon bedre burde reflektert v\u00e5rt eget ressursgrunnlag.<\/p>\n<blockquote class=\"brick-c-kLSvcb theme-white\">\n<p class=\"blockquote-text\">Jeg er s\u00e5 heldig at jeg rett som det er f\u00e5r h\u00f8re barn respektfullt gjenfortelle b\u00e5de hvordan liv blir til og avsluttes<\/p>\n<p>        Jostein Hern\u00e6s\n      <\/p><\/blockquote>\n<p><b>Men det er alts\u00e5 en helt annet diskusjon.<\/b><\/p>\n<p>Man m\u00e5 gjerne ogs\u00e5 mener at vi b\u00f8r overleve p\u00e5 andre proteiner enn de vi f\u00e5r ved at plantespisere blir kj\u00f8tt.<\/p>\n<p><b>Men ogs\u00e5 det er en annen diskusjon.<\/b><\/p>\n<p>Grunnleggende l\u00e6ring<\/p>\n<p>Jeg lar meg fascinere av barnslig nysgjerrighet. Jeg har sett flinke skolefolk bruke dette vitebegj\u00e6ret til grunnleggende l\u00e6ring, slik som hos bonden p\u00e5 F\u00e5berg.<\/p>\n<p>Noen av oss er heldig nok til \u00e5 se unger vokse opp med dyr, b\u00e5de produksjonsdyr og kj\u00e6ledyr. <\/p>\n<p><b>Respekten for livet er ikke mindre hos de med sm\u00e5 barnef\u00f8tter som henger med i lamminga og er inne i kalvebingen, men som ogs\u00e5 er der n\u00e5r dyra sendes p\u00e5 sin siste reise. <\/b><\/p>\n<p>Kanskje tvert imot.<\/p>\n<p>Jeg har sett barn mestre fl\u00e5kniv ved en slaktel\u00e5ve i jakta, og h\u00f8rt hvordan kyndige folk snakke om b\u00e5de dyrevelferd og human avliving.<\/p>\n<p>Jeg er s\u00e5 heldig at jeg rett som det er f\u00e5r h\u00f8re barn respektfullt gjenfortelle b\u00e5de hvordan liv blir til og avsluttes.<\/p>\n<p><b>Det har gjort meg trygg p\u00e5 at det verken er b\u00f8nder, slaktere eller jegere som skaper dyreplagere.<\/b><\/p>\n","protected":false},"excerpt":{"rendered":"(Gudbrandsd\u00f8len Dagningen): Og vi t\u00e5ler det, b\u00e5de skoleledelsen og skolebarna p\u00e5 J\u00f8rstadmoen, og bonden som bruker av travel&hellip;\n","protected":false},"author":2,"featured_media":80568,"comment_status":"","ping_status":"","sticky":false,"template":"","format":"standard","meta":{"footnotes":""},"categories":[10],"tags":[20,21,24,25,15,22,23,13,30,28,29,14,16,26,27],"class_list":{"0":"post-80567","1":"post","2":"type-post","3":"status-publish","4":"format-standard","5":"has-post-thumbnail","7":"category-norge","8":"tag-breaking-news","9":"tag-breakingnews","10":"tag-featured-news","11":"tag-featurednews","12":"tag-headlines","13":"tag-latest-news","14":"tag-latestnews","15":"tag-news","16":"tag-no","17":"tag-norge","18":"tag-norway","19":"tag-nyheter","20":"tag-overskrifter","21":"tag-top-stories","22":"tag-topstories"},"share_on_mastodon":{"url":"https:\/\/pubeurope.com\/@no\/115506189627720674","error":""},"_links":{"self":[{"href":"https:\/\/www.europesays.com\/no\/wp-json\/wp\/v2\/posts\/80567","targetHints":{"allow":["GET"]}}],"collection":[{"href":"https:\/\/www.europesays.com\/no\/wp-json\/wp\/v2\/posts"}],"about":[{"href":"https:\/\/www.europesays.com\/no\/wp-json\/wp\/v2\/types\/post"}],"author":[{"embeddable":true,"href":"https:\/\/www.europesays.com\/no\/wp-json\/wp\/v2\/users\/2"}],"replies":[{"embeddable":true,"href":"https:\/\/www.europesays.com\/no\/wp-json\/wp\/v2\/comments?post=80567"}],"version-history":[{"count":0,"href":"https:\/\/www.europesays.com\/no\/wp-json\/wp\/v2\/posts\/80567\/revisions"}],"wp:featuredmedia":[{"embeddable":true,"href":"https:\/\/www.europesays.com\/no\/wp-json\/wp\/v2\/media\/80568"}],"wp:attachment":[{"href":"https:\/\/www.europesays.com\/no\/wp-json\/wp\/v2\/media?parent=80567"}],"wp:term":[{"taxonomy":"category","embeddable":true,"href":"https:\/\/www.europesays.com\/no\/wp-json\/wp\/v2\/categories?post=80567"},{"taxonomy":"post_tag","embeddable":true,"href":"https:\/\/www.europesays.com\/no\/wp-json\/wp\/v2\/tags?post=80567"}],"curies":[{"name":"wp","href":"https:\/\/api.w.org\/{rel}","templated":true}]}}