{"id":80619,"date":"2025-11-07T06:25:08","date_gmt":"2025-11-07T06:25:08","guid":{"rendered":"https:\/\/www.europesays.com\/no\/80619\/"},"modified":"2025-11-07T06:25:08","modified_gmt":"2025-11-07T06:25:08","slug":"kurt-nilsen-med-sin-forste-egenskrevne-julesang","status":"publish","type":"post","link":"https:\/\/www.europesays.com\/no\/80619\/","title":{"rendered":"Kurt Nilsen med sin f\u00f8rste egenskrevne julesang"},"content":{"rendered":"\n<p class=\"_lead_o9xde_2 _lead_xtcu6_50 layout-component text-serif-m layout-normal text-serif-l layout-component layout-wide layout-padded _wide_17hqh_1 layout-padded\">Kurt Nilsen bryter egen tradisjon &#8211; n\u00e5 kommer han med sin f\u00f8rste egenskrevne julesang p\u00e5 norsk \u2013 etter \u00e5 ha v\u00e6rt kongen av s\u00e6rlig amerikanske julel\u00e5ter i 15 \u00e5r.<\/p>\n<p><img alt=\"\u2013 Det er lov \u00e5 lengte, ogs\u00e5 etter vintre med mer sn\u00f8, synger Kurt Nilsen i det som if\u00f8lge plateselskapet er hans aller f\u00f8rste egenskrevne julesang.  Foto: Frode Hansen \/ VG\" class=\"_image_qp4xg_65 layout-component layout-wide\" data-fullscreen- data-track-element-type=\"Article image fullscreen\" data-track-name=\"ImageFullscreen\" fetchpriority=\"high\" decoding=\"sync\" loading=\"eager\" height=\"3648\" itemprop=\"image\"  src=\"https:\/\/www.europesays.com\/no\/wp-content\/uploads\/2025\/11\/5b592668-3545-4f51-a483-1f81dc4db4bb\"  style=\"object-position:0% 0%\" width=\"5472\"\/>\u2013 Det er lov \u00e5 lengte, ogs\u00e5 etter vintre med mer sn\u00f8, synger Kurt Nilsen i det som if\u00f8lge plateselskapet er hans aller f\u00f8rste egenskrevne julesang.  Foto: Frode Hansen \/ VG<\/p>\n<ul aria-hidden=\"true\" class=\"_images_18f0k_111\">\n<li><a class=\"_link_18f0k_116\" href=\"https:\/\/www.vg.no\/forfatter\/ntb\" style=\"z-index:1\" title=\"NTB\" rel=\"nofollow noopener\" target=\"_blank\"><img alt=\"Bilde av NTB\" class=\"_image_18f0k_93\" fetchpriority=\"low\" loading=\"lazy\" decoding=\"async\" itemprop=\"image\"  src=\"https:\/\/www.europesays.com\/no\/wp-content\/uploads\/2025\/11\/1762496708_71_c33980b0-5d07-4027-84a1-813f90a7c8d6\"  width=\"480\"\/><\/a><\/li>\n<\/ul>\n<p> Oppdatert fredag 7. november kl. 06:38     <\/p>\n<p class=\"_paragraph_o9xde_4 _paragraph_xtcu6_10 layout-component text-serif-m layout-normal text-serif-m layout-padded\">\u00abLov \u00e5 \u00f8nske\u00bb er tittelen, og julesangen er if\u00f8lge plateselskapet en l\u00e5t om \u00abnostalgisk lengten etter en perfekt barndomsjul som kanskje er mer en fantasi enn realitet\u00bb. <\/p>\n<p class=\"_paragraph_o9xde_4 _paragraph_xtcu6_10 layout-component text-serif-m layout-normal text-serif-m layout-padded\">\u2013 Denne l\u00e5ten forteller om hvordan mange opplever julen p\u00e5 godt og vondt. Forventningene vi alle sitter med i m\u00f8rketiden, \u00f8nskene som ikke alltid g\u00e5r i oppfyllelse, og tanken om hvordan det var f\u00f8r, da vintrene var fulle av sn\u00f8. Det er jo lov \u00e5 \u00f8nske, sier <a href=\"https:\/\/www.vg.no\/tag\/kurt-nilsen?utm_source=vg-article&amp;utm_medium=auto-tagger&amp;utm_campaign=JbPBv4\" class=\"_link_o9xde_39\" rel=\"nofollow noopener\" target=\"_blank\">Kurt Nilsen<\/a> i en uttalelse.<\/p>\n<p class=\"_paragraph_o9xde_4 _paragraph_xtcu6_10 layout-component text-serif-m layout-normal text-serif-m layout-padded\">For 15 \u00e5r siden slapp han julealbumet \u00abHave Yourself A Merry Little Christmas\u00bb og startet opp med julekonsertene som ble en stor suksess. I 2020 ble Kurt Nilsen til og med k\u00e5ret til nordmenns foretrukne julemusikant, meldte NTB da.<\/p>\n<p class=\"_paragraph_o9xde_4 _paragraph_xtcu6_10 layout-component text-serif-m layout-normal text-serif-m layout-padded\">Han droppet julekonsertene i fjor, noe som skapte reaksjoner fra fansen, men legger i 2025 og 2026 ut p\u00e5 juleturn\u00e9 til norske byer \u2013 der alle \u00e5rets utgaver er utsolgt.<\/p>\n<p class=\"_paragraph_o9xde_4 _paragraph_xtcu6_10 layout-component text-serif-m layout-normal text-serif-m layout-padded\">\u2013 Julemusikken har blitt min tradisjon, og det er en glede \u00e5 dele den med dere. Derfor kan jeg ikke holde meg unna \u2013 vi m\u00e5 ut p\u00e5 veien igjen, skrev han i sosiale medier i fjor da han kunngjorde julecomebacket.<\/p>\n<p class=\"_paragraph_o9xde_4 _paragraph_xtcu6_10 layout-component text-serif-m layout-normal text-serif-m layout-padded\">I tillegg til \u00abLov \u00e5 \u00f8nske\u00bb slipper han samtidig ogs\u00e5 en ny versjon av \u00abHave Yourself A Merry Little Christmas\u00bb-albumet, med flere l\u00e5ter om bord.<\/p>\n","protected":false},"excerpt":{"rendered":"Kurt Nilsen bryter egen tradisjon &#8211; n\u00e5 kommer han med sin f\u00f8rste egenskrevne julesang p\u00e5 norsk \u2013 etter&hellip;\n","protected":false},"author":2,"featured_media":80620,"comment_status":"","ping_status":"","sticky":false,"template":"","format":"standard","meta":{"footnotes":""},"categories":[58],"tags":[71,10953,8083,30,28,29,72],"class_list":{"0":"post-80619","1":"post","2":"type-post","3":"status-publish","4":"format-standard","5":"has-post-thumbnail","7":"category-underholdning","8":"tag-entertainment","9":"tag-julemusikk","10":"tag-kurt-nilsen","11":"tag-no","12":"tag-norge","13":"tag-norway","14":"tag-underholdning"},"share_on_mastodon":{"url":"https:\/\/pubeurope.com\/@no\/115506991947459504","error":""},"_links":{"self":[{"href":"https:\/\/www.europesays.com\/no\/wp-json\/wp\/v2\/posts\/80619","targetHints":{"allow":["GET"]}}],"collection":[{"href":"https:\/\/www.europesays.com\/no\/wp-json\/wp\/v2\/posts"}],"about":[{"href":"https:\/\/www.europesays.com\/no\/wp-json\/wp\/v2\/types\/post"}],"author":[{"embeddable":true,"href":"https:\/\/www.europesays.com\/no\/wp-json\/wp\/v2\/users\/2"}],"replies":[{"embeddable":true,"href":"https:\/\/www.europesays.com\/no\/wp-json\/wp\/v2\/comments?post=80619"}],"version-history":[{"count":0,"href":"https:\/\/www.europesays.com\/no\/wp-json\/wp\/v2\/posts\/80619\/revisions"}],"wp:featuredmedia":[{"embeddable":true,"href":"https:\/\/www.europesays.com\/no\/wp-json\/wp\/v2\/media\/80620"}],"wp:attachment":[{"href":"https:\/\/www.europesays.com\/no\/wp-json\/wp\/v2\/media?parent=80619"}],"wp:term":[{"taxonomy":"category","embeddable":true,"href":"https:\/\/www.europesays.com\/no\/wp-json\/wp\/v2\/categories?post=80619"},{"taxonomy":"post_tag","embeddable":true,"href":"https:\/\/www.europesays.com\/no\/wp-json\/wp\/v2\/tags?post=80619"}],"curies":[{"name":"wp","href":"https:\/\/api.w.org\/{rel}","templated":true}]}}