{"id":80631,"date":"2025-11-07T06:35:43","date_gmt":"2025-11-07T06:35:43","guid":{"rendered":"https:\/\/www.europesays.com\/no\/80631\/"},"modified":"2025-11-07T06:35:43","modified_gmt":"2025-11-07T06:35:43","slug":"forbruker-black-friday-butikkene-har-skrudd-opp-prisene-for-novembersalget-ifolge-prisjakt-det-ser-ille-ut","status":"publish","type":"post","link":"https:\/\/www.europesays.com\/no\/80631\/","title":{"rendered":"Forbruker, Black Friday | Butikkene har skrudd opp prisene f\u00f8r novembersalget, if\u00f8lge Prisjakt: \u2013 Det ser ille ut"},"content":{"rendered":"\n<p>\u2013 Det er skremmende, og ser minst like ille ut som i fjor, som var et rekord\u00e5r for juksetilbud p\u00e5 Black Friday. <\/p>\n<p>Det sier forbrukeranalytiker Isabella Ahmadi i Prisjakt. Hun mener pris\u00f8kningene er mistenkelige. <\/p>\n<p>Tjenesten har unders\u00f8kt over en million priser p\u00e5 over 160.000 produkter i norske nettbutikker. <\/p>\n<p>Flere hundretusen priser har \u00f8kt, opplyser Prisjakt til <a href=\"https:\/\/www.aftenposten.no\/okonomi\/i\/jQVl3o\/prisjakt-hver-tredje-pris-har-oekt-i-oktober-foer-black-friday\" rel=\"Follow nofollow noopener\" target=\"_blank\">Aftenposten<\/a>.<\/p>\n<p>Black Friday er ikke f\u00f8r 28. november, men en ny lov gj\u00f8r at butikkene m\u00e5 oppgi informasjon om sitt produkt sin laveste pris de siste 30 dagene f\u00f8r den samme varen kommer p\u00e5 salg. <\/p>\n<p>\u2013 Denne gjennomsnittlige pris\u00f8kningen er mye st\u00f8rre enn en liten, normal prisjustering. Det viser at salgsjukset dessverre fortsetter, sier Ahmadi til <a href=\"https:\/\/www.tek.no\/nyheter\/nyhet\/i\/739KpK\/nesten-hver-tredje-pris-har-oekt-i-oktober?utm_source=vgfront-personalized&amp;utm_content=hovedlopet_row8_pos1&amp;utm_term=niche_personalized_front-test-standard_niche_ranker-1-norman\" rel=\"Follow nofollow noopener\" target=\"_blank\">Tek.no<\/a>, som omtalte saken f\u00f8rst. <\/p>\n<p>Forbrukerr\u00e5det mener at lovverket i seg selv er del av problemet, og at dette b\u00f8r endres.<\/p>\n<p>\u2013 Regelverket \u00e5pner for at bransjen \u2013 lovlig \u2013 kan skru til prisene p\u00e5 en m\u00e5te som er egnet for \u00e5 lure forbrukerne, sier forbrukerjurist Thomas Iversen til nettstedet.<\/p>\n<p>Tek.no har snakket med Elkj\u00f8p, NetonNet og Komplett, som alle tar avstand fra \u00e5 \u00f8ke prisen f\u00f8r en kampanje. <\/p>\n<p>Kommunikasjonsdirekt\u00f8r i Komplett, Daniel Hauan, sier til avisen at det er synd at \u00abenkelte useri\u00f8se akt\u00f8rer bidrar til \u00e5 svekke tilliten til de som faktisk f\u00f8lger regelverket\u00bb. <\/p>\n<p>Han mener bruken av uttrykk som juksetilbud og prisdumping er lite seri\u00f8st i en bransje der prisene er s\u00e5 \u00e5pne og sammenlignbare som i dag. <\/p>\n","protected":false},"excerpt":{"rendered":"\u2013 Det er skremmende, og ser minst like ille ut som i fjor, som var et rekord\u00e5r for&hellip;\n","protected":false},"author":2,"featured_media":80632,"comment_status":"","ping_status":"","sticky":false,"template":"","format":"standard","meta":{"footnotes":""},"categories":[56],"tags":[36,10785,9736,60,61,823,62,30,28,29,1510],"class_list":{"0":"post-80631","1":"post","2":"type-post","3":"status-publish","4":"format-standard","5":"has-post-thumbnail","7":"category-naeringsliv","8":"tag-art","9":"tag-black-friday","10":"tag-black-week","11":"tag-business","12":"tag-economy","13":"tag-forbruker","14":"tag-naeringsliv","15":"tag-no","16":"tag-norge","17":"tag-norway","18":"tag-story"},"share_on_mastodon":{"url":"https:\/\/pubeurope.com\/@no\/115507031183450921","error":""},"_links":{"self":[{"href":"https:\/\/www.europesays.com\/no\/wp-json\/wp\/v2\/posts\/80631","targetHints":{"allow":["GET"]}}],"collection":[{"href":"https:\/\/www.europesays.com\/no\/wp-json\/wp\/v2\/posts"}],"about":[{"href":"https:\/\/www.europesays.com\/no\/wp-json\/wp\/v2\/types\/post"}],"author":[{"embeddable":true,"href":"https:\/\/www.europesays.com\/no\/wp-json\/wp\/v2\/users\/2"}],"replies":[{"embeddable":true,"href":"https:\/\/www.europesays.com\/no\/wp-json\/wp\/v2\/comments?post=80631"}],"version-history":[{"count":0,"href":"https:\/\/www.europesays.com\/no\/wp-json\/wp\/v2\/posts\/80631\/revisions"}],"wp:featuredmedia":[{"embeddable":true,"href":"https:\/\/www.europesays.com\/no\/wp-json\/wp\/v2\/media\/80632"}],"wp:attachment":[{"href":"https:\/\/www.europesays.com\/no\/wp-json\/wp\/v2\/media?parent=80631"}],"wp:term":[{"taxonomy":"category","embeddable":true,"href":"https:\/\/www.europesays.com\/no\/wp-json\/wp\/v2\/categories?post=80631"},{"taxonomy":"post_tag","embeddable":true,"href":"https:\/\/www.europesays.com\/no\/wp-json\/wp\/v2\/tags?post=80631"}],"curies":[{"name":"wp","href":"https:\/\/api.w.org\/{rel}","templated":true}]}}