{"id":80639,"date":"2025-11-07T06:40:19","date_gmt":"2025-11-07T06:40:19","guid":{"rendered":"https:\/\/www.europesays.com\/no\/80639\/"},"modified":"2025-11-07T06:40:19","modified_gmt":"2025-11-07T06:40:19","slug":"sa-prekaer-sa-tv-roy-atom-i-sa-podkast-det-irriterer-meg-at-jeg-aldri-fikk-tak-i-wham","status":"publish","type":"post","link":"https:\/\/www.europesays.com\/no\/80639\/","title":{"rendered":"SA prek\u00e6r, Sa.tv | Roy \u00abAtom\u00bb i SA-podkast: \u2013 Det irriterer meg at jeg aldri fikk tak i Wham!"},"content":{"rendered":"\n<p>Det forteller fargerike \u00abAtom\u00bb n\u00e5r han gjester Sarpsborg Arbeiderblads nyhetspodkast \u00abSA prek\u00e6r\u00bb.<\/p>\n<ul>\n<li><b>H\u00f8r denne episoden av \u00abSA prek\u00e6r\u00bb her: <\/b>\n<\/li>\n<\/ul>\n<p>\u2013 Jeg var over i England og forhandlet med dem. P\u00e5 skikkelig \u00abGre\u00e5ker-engelsk\u00bb kom jeg i en posisjon der det sto om tusen pund. Det irriterer meg fortsatt at jeg ikke la de pengene p\u00e5 bordet, ikke minst n\u00e5r jeg n\u00e5 vet hvor store Wham! ble, sier Andersen.<\/p>\n<p>Den engelske duoen George Michael og Andrew Ridgeley solgte 25 millioner album mellom 1982 og 1986.<\/p>\n<p>Men alts\u00e5 uten at Roy \u00abAtom\u00bb Andersen fikk arrangere noen konsert med dem.<\/p>\n<p>Drivkraften er \u00e5 skape noe<\/p>\n<p>Artistformidling er bare en av de utrolig mange omr\u00e5dene Roy \u00abAtom\u00bb Andersen har v\u00e6rt innom siden han som guttunge startet med \u00e5 selge Manchester City- og Chelsea-fotballdrakter fra gutterommet p\u00e5 Gre\u00e5ker. Video, blomster, inkasso, finansiering, bruktbil, belegningsstein, tivoli, kl\u00e6r, ja, det finnes knapt den bransje han ikke har v\u00e6rt innom.<\/p>\n<p>\u2013 Jeg er en urolig fyr, og vil gjerne skape ting. Det er det som alltid har v\u00e6rt drivkraften. Jeg gir meg ikke n\u00e5r jeg har satt meg et m\u00e5l, sier han i \u00abSA prek\u00e6r\u00bb.<\/p>\n<p>\u2013 Jeg kan v\u00e6re beinhard, men har omtanke for andre mennesker. Opp gjennom \u00e5rene har jeg plukket noen opp fra rennesteinen, for \u00e5 si det s\u00e5nn. Jeg har aldri gjort forskjell p\u00e5 folk, og behandler alle likt. <\/p>\n<p>   <img decoding=\"async\" width=\"7934\" height=\"5292\" fetchpriority=\"low\"  loading=\"lazy\"  src=\"https:\/\/www.europesays.com\/no\/wp-content\/uploads\/2025\/11\/0331JMA_041125Julekalender_www.impulsmedia.no_lr_1.jpg\" alt=\"SA-Podden med Harald Otterstad, Roy Andersen, Odd Arne Ruud og Petter Kalnes.\" class=\"brick-c-cFOWSL\" style=\"--brick-image-ratio: 7934 \/ 5292;\"\/><\/p>\n<p>      \u00abSA prek\u00e6r\u00bb er Sarpsborg Arbeiderblads nyhetspodkast. Denne gang er Harald Otterstad (fra venstre) og Roy Andersen p\u00e5 bes\u00f8k hos SAs Odd Arne Ruud og Petter Kalnes.<br \/>\n      Foto: Jesper Malthus-Andersen\n    <\/p>\n<p>N\u00e5 har mange\u00e5rig profilert forsvarsadvokat Harald Otterstad samlet historiene om Roy \u00abAtom\u00bb Andersen mellom to permer. Bokas tittel \u00abJ\u00e6&#8217; gj\u00f8r som j\u00e6&#8217; vil!\u00bb er en god beskrivelse av bokas hovedperson.<\/p>\n<p>            Her kan du h\u00f8re \u00abSA prek\u00e6r\u00bb<\/p>\n<ul>\n<li>\u00abSA prek\u00e6r\u00bb er en podkast for sarpinger og andre interesserte. Sammen med aktuelle gjester hjelper vi deg \u00e5 forst\u00e5 det folk prek\u00e6r om i Sarpsborg akkurat n\u00e5.<\/li>\n<li>Podkasten kan h\u00f8res og f\u00f8lges p\u00e5 de fleste podkastplattformer, for eksempel her:<br \/><a href=\"https:\/\/open.spotify.com\/show\/7C74ET6zBuPb4Xj2ocGBTJ?si=df877c50d56f4574\" target=\"_self\" rel=\"Follow nofollow noopener\"><b>Spotify<\/b><\/a><br \/><a href=\"https:\/\/podcasts.apple.com\/us\/podcast\/sa-prek%C3%A6r\/id1724339252\" target=\"_self\" rel=\"Follow nofollow noopener\"><b>Apple podkast<\/b><\/a><br \/><b><a href=\"https:\/\/www.podbean.com\/podcast-detail\/shzqn-2e525b\/SA-prek%C3%A6r-Podcast\" target=\"_self\" rel=\"Follow nofollow noopener\">Podbean<\/a><br \/><a href=\"https:\/\/play.pocketcasts.com\/podcasts\/9f74a550-df77-013c-5d12-0acc26574db2\" target=\"_self\" rel=\"Follow nofollow noopener\">Pocket Casts<\/a><br \/><a href=\"https:\/\/castbox.fm\/channel\/6159350?utm_campaign=ex_share_ch&amp;utm_medium=exlink&amp;country=no\" target=\"_self\" rel=\"Follow nofollow noopener\">Castbox<\/a><\/b><\/li>\n<li>Dersom du har +alt-abonnement p\u00e5 SA, har du ogs\u00e5 full tilgang til podkast-appen <b>Untold<\/b>, med mange eksklusive podkaster tilgjengelig \u2013 deriblant \u00abSA prek\u00e6r\u00bb og de \u00f8vrige podkastene fra Sarpsborg Arbeiderblad. Appen kan du laste ned via <a href=\"https:\/\/play.google.com\/store\/search?q=untold+podcast&amp;c=apps&amp;pli=1\" target=\"_self\" rel=\"Follow nofollow noopener\">Google Play<\/a> (Android) eller <a href=\"https:\/\/apps.apple.com\/no\/app\/untold-podcasts\/id1611737079?l=nb\" target=\"_self\" rel=\"Follow nofollow noopener\">App Store<\/a> (Apple).<\/li>\n<li>Husk \u00e5 trykke \u00abf\u00f8lg\u00bb p\u00e5 podkasten. Da f\u00e5r du varsel p\u00e5 telefonen hver gang en ny episode er publisert.<\/li>\n<\/ul>\n<p>\u2013 Jeg vil ikke si at jeg har skrevet en bok, men mer samlet sammen til en bok. 35 ulike personer, jeg kaller dem informanter, har bidratt med sine opplevelser og sine m\u00f8ter med \u00abAtom\u00bb. Her er det ikke spart p\u00e5 noe. Og en kan trygt si at det er frav\u00e6r av \u00e5 pynte p\u00e5 noe, sier Otterstad.<\/p>\n<p>\u00abAtom\u00bb Andersen selv st\u00e5r inne for bokas mange sterke beskrivelser av et yrkesliv som langt fra har v\u00e6rt preget av normalen:<\/p>\n<p>\u2013 Historiene er jo sanne \u2013 jeg kan ikke g\u00e5 vekk fra det, sier han.<\/p>\n<p>Kildeutvalget i boka er mildt sagt bredt. Fra administrerende direkt\u00f8r p\u00e5 Borregaard Tom Erik Foss-Jacobsen til Norges mest kjente pengeinnkrever Espen Lee (som har \u00abamerikanisert\u00bb etternavnet sitt, red.anm.), for \u00e5 ta et par av ytterpunktene<\/p>\n<p>\u2013 Espen og jeg har blitt beskyldt for \u00e5 drive med torpedovirksomhet. Det er feil. Vi var ute etter penger, ikke \u00e5 sl\u00e5 i hjel folk, sier Roy Andersen om sitt forhold til nevnte Lee.<\/p>\n<p>Gre\u00e5ker er i hjertet mitt<\/p>\n<p>I helgen inviterer Roy Andersen til gedigen folkefest p\u00e5 grusbanen p\u00e5 Moa. Der skal et sirkustelt fylles med b\u00e5de innbudte gjester og \u00abfolk flest\u00bb. En imponerende artistrekke st\u00e5r for underholdningen i et bokslipp litt utenom det vanlige.<\/p>\n<p>   <img decoding=\"async\" width=\"1172\" height=\"1762\" fetchpriority=\"low\"  loading=\"lazy\"  src=\"https:\/\/www.europesays.com\/no\/wp-content\/uploads\/2025\/11\/atom.jpg\" alt=\"\" class=\"brick-c-cFOWSL\" style=\"--brick-image-ratio: 1172 \/ 1762;\"\/><\/p>\n<p>      Harald Otterstads bok om Roy Andersen har f\u00e5tt tittelen \u00abJ\u00e6&#8217; gj\u00f8r som j\u00e6&#8217; vil!\u00bb &#8211; fritt etter Frank Sinatra-slageren \u00abMy way\u00bb.<br \/>\n      Foto: Petter Kalnes\n    <\/p>\n<p>At det skjer midt i hjertet av Gre\u00e5ker, er definitivt ingen tilfeldighet.<\/p>\n<p>\u2013 Gre\u00e5ker betyr utrolig mye for meg. Det er barndomsminner. Gre\u00e5ker er definitivt i mitt hjerte, sier Roy Andersen \u2013 og blir synlig r\u00f8rt n\u00e5r han prater om stedet der han vokste opp og som han har s\u00e5 sterke b\u00e5nd til.<\/p>\n<p>Ber\u00f8rt er han ogs\u00e5 n\u00e5r han \u00e5pent forteller om kreftsykdommen som har gitt ham store utfordringer de siste \u00e5rene.<\/p>\n<p>\u2013 Jeg skal vinne den kampen, sl\u00e5r han fast.<\/p>\n<p>Forfatter Harald Otterstad oppsummerer avslutningsvis denne ukas hovedperson i podkasten \u00abSA prek\u00e6r\u00bb p\u00e5 denne m\u00e5ten:<\/p>\n<p>\u2013 Det sies at vi mennesker blir f\u00f8dt som originaler og d\u00f8r som kopier. Roy kommer aldri til \u00e5 d\u00f8 som en kopi!<\/p>\n<p>  <a href=\"https:\/\/www.sa.no\/5-46-1896763\" class=\"related-teaser has-image default-story-teaser article--c-eRUmMG article--c-eRUmMG-jKCPdD-design-default\" rel=\"nofollow noopener\" target=\"_blank\"><\/p>\n<p>    <img decoding=\"async\" loading=\"lazy\"  src=\"https:\/\/www.europesays.com\/no\/wp-content\/uploads\/2025\/11\/20251010_102303.jpg\" alt=\"\" class=\"brick-c-cFOWSL\" style=\"\"\/><\/p>\n<p>\n            Les ogs\u00e5<\/p>\n<p>              N\u00e5r Roy skal feire blir det sirkus\n        <\/p>\n<p>  <\/a><\/p>\n<p>  <a href=\"https:\/\/www.sa.no\/5-46-1869241\" class=\"related-teaser has-image default-story-teaser article--c-eRUmMG article--c-eRUmMG-jKCPdD-design-default\" rel=\"nofollow noopener\" target=\"_blank\"><\/p>\n<p>    <img decoding=\"async\" loading=\"lazy\"  src=\"https:\/\/www.europesays.com\/no\/wp-content\/uploads\/2025\/11\/Roy+Andersen+og+Daniel+Suciu.jpg\" alt=\"\" class=\"brick-c-cFOWSL\" style=\"\"\/><\/p>\n<p>\n            Les ogs\u00e5<\/p>\n<p>              Millionlager auksjoneres bort &#8211; Roy Andersen t\u00f8mmer Skandinavisk Tivolipark\n        <\/p>\n<p>  <\/a><\/p>\n<p>  <a href=\"https:\/\/www.sa.no\/5-46-1852688\" class=\"related-teaser has-image default-story-teaser article--c-eRUmMG article--c-eRUmMG-jKCPdD-design-default\" rel=\"nofollow noopener\" target=\"_blank\"><\/p>\n<p>    <img decoding=\"async\" loading=\"lazy\"  src=\"https:\/\/www.europesays.com\/no\/wp-content\/uploads\/2025\/11\/Roy+Andersen+og+Harald+Otterstad.jpg\" alt=\"\" class=\"brick-c-cFOWSL\" style=\"\"\/><\/p>\n<p>\n            Les ogs\u00e5<\/p>\n<p>              \u00abJ\u00e6 gj\u00f8r som j\u00e6 vil!\u00bb \u2013 n\u00e5 blir det bok\n        <\/p>\n<p>  <\/a><\/p>\n","protected":false},"excerpt":{"rendered":"Det forteller fargerike \u00abAtom\u00bb n\u00e5r han gjester Sarpsborg Arbeiderblads nyhetspodkast \u00abSA prek\u00e6r\u00bb. H\u00f8r denne episoden av \u00abSA prek\u00e6r\u00bb&hellip;\n","protected":false},"author":2,"featured_media":80640,"comment_status":"","ping_status":"","sticky":false,"template":"","format":"standard","meta":{"footnotes":""},"categories":[58],"tags":[36,71,10929,10958,410,2247,30,28,29,10959,10957,7107,10956,1510,72],"class_list":{"0":"post-80639","1":"post","2":"type-post","3":"status-publish","4":"format-standard","5":"has-post-thumbnail","7":"category-underholdning","8":"tag-art","9":"tag-entertainment","10":"tag-greaker","11":"tag-harald-otterstad","12":"tag-kultur","13":"tag-lokale-nyheter","14":"tag-no","15":"tag-norge","16":"tag-norway","17":"tag-ny-bok","18":"tag-roy-andersen","19":"tag-sa-prekaer","20":"tag-sa-tv","21":"tag-story","22":"tag-underholdning"},"share_on_mastodon":{"url":"https:\/\/pubeurope.com\/@no\/115507050883610166","error":""},"_links":{"self":[{"href":"https:\/\/www.europesays.com\/no\/wp-json\/wp\/v2\/posts\/80639","targetHints":{"allow":["GET"]}}],"collection":[{"href":"https:\/\/www.europesays.com\/no\/wp-json\/wp\/v2\/posts"}],"about":[{"href":"https:\/\/www.europesays.com\/no\/wp-json\/wp\/v2\/types\/post"}],"author":[{"embeddable":true,"href":"https:\/\/www.europesays.com\/no\/wp-json\/wp\/v2\/users\/2"}],"replies":[{"embeddable":true,"href":"https:\/\/www.europesays.com\/no\/wp-json\/wp\/v2\/comments?post=80639"}],"version-history":[{"count":0,"href":"https:\/\/www.europesays.com\/no\/wp-json\/wp\/v2\/posts\/80639\/revisions"}],"wp:featuredmedia":[{"embeddable":true,"href":"https:\/\/www.europesays.com\/no\/wp-json\/wp\/v2\/media\/80640"}],"wp:attachment":[{"href":"https:\/\/www.europesays.com\/no\/wp-json\/wp\/v2\/media?parent=80639"}],"wp:term":[{"taxonomy":"category","embeddable":true,"href":"https:\/\/www.europesays.com\/no\/wp-json\/wp\/v2\/categories?post=80639"},{"taxonomy":"post_tag","embeddable":true,"href":"https:\/\/www.europesays.com\/no\/wp-json\/wp\/v2\/tags?post=80639"}],"curies":[{"name":"wp","href":"https:\/\/api.w.org\/{rel}","templated":true}]}}