{"id":80660,"date":"2025-11-07T07:02:10","date_gmt":"2025-11-07T07:02:10","guid":{"rendered":"https:\/\/www.europesays.com\/no\/80660\/"},"modified":"2025-11-07T07:02:10","modified_gmt":"2025-11-07T07:02:10","slug":"soker-om-skoledrift-i-arendal-agderposten-no","status":"publish","type":"post","link":"https:\/\/www.europesays.com\/no\/80660\/","title":{"rendered":"(+) S\u00f8ker om skoledrift i Arendal &#8211; agderposten.no"},"content":{"rendered":"<ol>\n<li><a href=\"https:\/\/news.google.com\/rss\/articles\/CBMikwFBVV95cUxNZmJ0Xzlyc1picW5GSzFJRk9jXzFTeWkwdEhQRk5YY05sWXgwYkRqU280N0NFSWZDWjFvLXhWREFNUlNKUm1FOXNiYlltMGNYcUFPaUdKbVlHTVZZTXFuRHJJTXhweldndi1CM1ZDX2hzRWloVjBBY2tMWU1XVVlvb29Ga2JlQ1Y1amhCWHVrM3Y4WGM?oc=5\" target=\"_blank\" rel=\"nofollow noopener\">(+) S\u00f8ker om skoledrift i Arendal<\/a>&nbsp;&nbsp;agderposten.no<\/li>\n<li><a href=\"https:\/\/news.google.com\/rss\/articles\/CBMimwFBVV95cUxOOVRhSUVUdjQ1b2picnA4N3BOdVMxTWE1RXB6SG1iR2xGc28tdzFtRTlkSU5DWjZaMG5oLUx5NF9fVUFkbDc5MmhGdGFveTRheDRxZ1FDb3FnVzMxdGluUExLUkYzVXFyTXVHSUNOSUZWSTkwZ2N5eEJOVXV2U1AwUmlOMFd2ZDJWd0cwZlctdTI3bWNmSXBZd1lPTQ?oc=5\" target=\"_blank\" rel=\"nofollow noopener\">\u2013 Enten m\u00e5 vi legges ned, eller s\u00e5 m\u00e5 det tilf\u00f8res elever<\/a>&nbsp;&nbsp;agderposten.no<\/li>\n<li><a href=\"https:\/\/news.google.com\/rss\/articles\/CBMiUEFVX3lxTE4tSDJPT0lUaVF5NUhrOEFMSFBXWmx6UGVoZDhhSG5pSGhlVXA2Sm1ER2ZHM0FPVXprblBRUUNZZUIyY3ZubDFDUWNkWGpJVVBE?oc=5\" target=\"_blank\" rel=\"nofollow noopener\">Varaordf\u00f8rer beklager brudd p\u00e5 valgl\u00f8fte<\/a>&nbsp;&nbsp;NRK<\/li>\n<li><a href=\"https:\/\/news.google.com\/rss\/articles\/CBMigAFBVV95cUxOaVJzak8wb29ZTUkwa3I3ZjZtczNXUFhuZ1l0bGRReDhjWWF4cF81dGhtR0prUTctajFrTnJvVUxMNXllMHlUT0lMXzVlX196aFpmVnZxT3AxYVZRdmppWkR3YXl5eFlYbzZEOUFOaGROdnJVVDV3aUhTWlZtR3ZKcA?oc=5\" target=\"_blank\" rel=\"nofollow noopener\">Debattinnlegg, Skolestruktur | Vi m\u00e5 verne om tryggheten i skolen<\/a>&nbsp;&nbsp;Smaalenenes Avis<\/li>\n<li><a href=\"https:\/\/news.google.com\/rss\/articles\/CBMihwFBVV95cUxNUW5Ya1VMeGlJNWNZaVBQT2swQmxNOE1HZnlBNGZMU29tYVVORGIwbEpqc25XQ0RHWktqVXZJaHh3TWhIZWhnZXMxVWhOeEZ3U0VPRWx0emhwVVZHV29XdFV0QWxGVTdQX0ZfeFl0ZFFhcFJyRFp6SWRLTWNLT2lVVDRLdlN6Mk0?oc=5\" target=\"_blank\" rel=\"nofollow noopener\">(+) Tok til gatene: \u2013 Det gj\u00f8r voldsomt inntrykk<\/a>&nbsp;&nbsp;agderposten.no<\/li>\n<\/ol>\n","protected":false},"excerpt":{"rendered":"(+) S\u00f8ker om skoledrift i Arendal&nbsp;&nbsp;agderposten.no \u2013 Enten m\u00e5 vi legges ned, eller s\u00e5 m\u00e5 det tilf\u00f8res elever&nbsp;&nbsp;agderposten.no&hellip;\n","protected":false},"author":2,"featured_media":80661,"comment_status":"","ping_status":"","sticky":false,"template":"","format":"standard","meta":{"footnotes":""},"categories":[10],"tags":[1253,20,21,24,25,15,22,23,13,30,28,29,14,16,804,10963,26,27],"class_list":{"0":"post-80660","1":"post","2":"type-post","3":"status-publish","4":"format-standard","5":"has-post-thumbnail","7":"category-norge","8":"tag-arendal","9":"tag-breaking-news","10":"tag-breakingnews","11":"tag-featured-news","12":"tag-featurednews","13":"tag-headlines","14":"tag-latest-news","15":"tag-latestnews","16":"tag-news","17":"tag-no","18":"tag-norge","19":"tag-norway","20":"tag-nyheter","21":"tag-overskrifter","22":"tag-skole","23":"tag-skole2025","24":"tag-top-stories","25":"tag-topstories"},"share_on_mastodon":{"url":"https:\/\/pubeurope.com\/@no\/115507137464128543","error":""},"_links":{"self":[{"href":"https:\/\/www.europesays.com\/no\/wp-json\/wp\/v2\/posts\/80660","targetHints":{"allow":["GET"]}}],"collection":[{"href":"https:\/\/www.europesays.com\/no\/wp-json\/wp\/v2\/posts"}],"about":[{"href":"https:\/\/www.europesays.com\/no\/wp-json\/wp\/v2\/types\/post"}],"author":[{"embeddable":true,"href":"https:\/\/www.europesays.com\/no\/wp-json\/wp\/v2\/users\/2"}],"replies":[{"embeddable":true,"href":"https:\/\/www.europesays.com\/no\/wp-json\/wp\/v2\/comments?post=80660"}],"version-history":[{"count":0,"href":"https:\/\/www.europesays.com\/no\/wp-json\/wp\/v2\/posts\/80660\/revisions"}],"wp:featuredmedia":[{"embeddable":true,"href":"https:\/\/www.europesays.com\/no\/wp-json\/wp\/v2\/media\/80661"}],"wp:attachment":[{"href":"https:\/\/www.europesays.com\/no\/wp-json\/wp\/v2\/media?parent=80660"}],"wp:term":[{"taxonomy":"category","embeddable":true,"href":"https:\/\/www.europesays.com\/no\/wp-json\/wp\/v2\/categories?post=80660"},{"taxonomy":"post_tag","embeddable":true,"href":"https:\/\/www.europesays.com\/no\/wp-json\/wp\/v2\/tags?post=80660"}],"curies":[{"name":"wp","href":"https:\/\/api.w.org\/{rel}","templated":true}]}}