{"id":80670,"date":"2025-11-07T07:11:14","date_gmt":"2025-11-07T07:11:14","guid":{"rendered":"https:\/\/www.europesays.com\/no\/80670\/"},"modified":"2025-11-07T07:11:14","modified_gmt":"2025-11-07T07:11:14","slug":"sport-kil-neglebitende-thrilleravslutning-skal-avgjore-fotballdramaet-her-er-ekspertens-spadommer","status":"publish","type":"post","link":"https:\/\/www.europesays.com\/no\/80670\/","title":{"rendered":"Sport, KIL | Neglebitende thrilleravslutning skal avgj\u00f8re fotballdramaet \u2013 her er ekspertens sp\u00e5dommer"},"content":{"rendered":"\n<p>Sesongavslutningen p\u00e5 nest \u00f8verste niv\u00e5 i norsk herrefotball ligger an til \u00e5 bli uhyre nervepirrende. F\u00f8r siste runde er mye h\u00f8yst uvisst. Det blir neglebiting fra Kristiansand i s\u00f8r \u2013 til \u00c5lesund og Raufoss langt lenger nord.<\/p>\n<p>\u2013 Det eneste du kan stole p\u00e5, er at du ikke kan stole p\u00e5 noe. Det er vanskelig \u00e5 tippe utfallet. Det er veldig tett og jevnt, sier TV 2s fotballekspert Amund Lutn\u00e6s til NTB om dramaet.<\/p>\n<p>Han har i mange \u00e5r 1. divisjon tett.<\/p>\n<p>Lillestr\u00f8m rykker opp og Skeid rykker ned. Det er det eneste som er helt sikkert f\u00f8r l\u00f8rdagens kamp. Ellers st\u00e5r dette p\u00e5 spill:<\/p>\n<p>KIL i beste startspor<\/p>\n<p>Med \u00e9n kamp igjen \u00e5 spille innehar Kongsvinger den andre direkte opprykksplassen til Eliteserien, men hedmarkingene har flere ganger de siste \u00e5rene kollapset n\u00e6rmest p\u00e5 m\u00e5lstreken.<\/p>\n<p>I 2022 tok de seg videre fra de to f\u00f8rste rundene i kvaliken, men snublet s\u00e5 for Start i nest siste hinder. \u00c5ret etterp\u00e5 ledet KIL serien halvveis og var topp to fram til runde 22. Til slutt ble det 3.-plass og tap for Kristiansund i nest siste kvalikkamp. I fjor tok de seg igjen gjennom to kamper i kvaliken, f\u00f8r det ble exit for Moss.<\/p>\n<p>Kongsvinger spilte samtidig i 2. divisjon s\u00e5 sent som i 2021, men har siden kjempet for opprykk til det beste selskapet.<\/p>\n<p>   <img decoding=\"async\" width=\"6000\" height=\"4000\" fetchpriority=\"low\"  loading=\"lazy\"  src=\"https:\/\/www.europesays.com\/no\/wp-content\/uploads\/2025\/11\/Lucas+Haren+Lyn.JPG\" alt=\"\" class=\"brick-c-cFOWSL\" style=\"--brick-image-ratio: 6000 \/ 4000;\"\/><\/p>\n<p>      JUBEL: TV 2-ekspert Amund Lutn\u00e6s tror KIL og Lucas Haren kan feire opprykk l\u00f8rdag.<br \/>\n      Foto: Johan Patrick Bredesen\n    <\/p>\n<p>\u2013 N\u00e5 er det opprykksfeber p\u00e5 Kongsvinger og skikkelig trykk rundt klubben, og det er skikkelig moro. Det er det vi jobber hardt for \u00e5 f\u00e5 til. N\u00e5 er vi i den posisjonen vi \u00f8nsker \u00e5 v\u00e6re, og da er det viktig \u00e5 holde fokus p\u00e5 det vi skal, sier daglig leder Espen Nystuen til NTB.<\/p>\n<p>Lutn\u00e6s tror Kongsvinger endelig kan juble i bortekampen mot Eirik Bakke-trente \u00c5sane.<\/p>\n<p>\u2013 All fornuft tilsier at Kongsvinger vinner der. Selv om det er en kjempet\u00f8ff bortebane mot et Eirik Bakke-lag i sesongavslutningen, tror jeg Kongsvinger har nok kvalitet i laget sitt og revansjelyst etter kampen mot Lillestr\u00f8m, sier han.<\/p>\n<p>KIL r\u00f8k 0-2 for LSK i forrige runde. Dermed m\u00e5tte klubben vente med \u00e5 feire opprykk.<\/p>\n<p>Rekdal-jubel?<\/p>\n<p>Om Lutn\u00e6s&#8217; sp\u00e5dom skulle sl\u00e5 til, m\u00e5 lagene bak KIL kjempe om kvalikplassene. Der tror Lutn\u00e6s at overraskelsen kommer i Oslo med at Lyn tar poeng fra Start. Om Kjetil Rekdals Aalesund samtidig sl\u00e5r H\u00f8dd, vil sunnm\u00f8ringene ta over tredjeplassen fra Start.<\/p>\n<p>I s\u00e5 fall slipper de to kamper i kvalifiseringen.<\/p>\n<p>\u2013 Det blir jo et bananskall mindre. Jo lengre den kvalikrekka er, jo st\u00f8rre er sannsynligheten for \u00e5 tape. Men igjen s\u00e5 holder du kampformen ved like. Man kan mene b\u00e5de for og imot \u00e5 ha en lang kamprekke i forhold til \u00e9n kamp. Tredjeplassen f\u00e5r jo en ganske lang pause n\u00e5 som det er landslagspause snart, sier Lutn\u00e6s.<\/p>\n<p>Eksperten ser samtidig lenger inn i sp\u00e5kula, og tror Aalesund kan g\u00e5 hele veien i kvalifiseringen.<\/p>\n<p>\u2013 Jeg har en f\u00f8lelse av at det blir Aalesund og Kristiansund i den avgj\u00f8rende kampen, og at Aalesund kan vinne der. Det blir et lokaloppgj\u00f8r der oppe.<\/p>\n<p>\u2013 Det er kjempemoro for norsk fotball om vi f\u00e5r opp Kjetil Rekdal. Han er kontroversiell, \u00e6rlig og rett fram. Og ikke minst har han gode resultater som trener og spiller, sier Lutn\u00e6s.<\/p>\n<p>   <img decoding=\"async\" width=\"6000\" height=\"4000\" fetchpriority=\"low\"  loading=\"lazy\"  src=\"https:\/\/www.europesays.com\/no\/wp-content\/uploads\/2025\/11\/cueres_scp-mangler_navn_p73TCO7tMNA.jpg\" alt=\"\" class=\"brick-c-cFOWSL\" style=\"--brick-image-ratio: 6000 \/ 4000;\"\/><\/p>\n<p>      Kjetil Rekdal og Aalesund er innblandet i en uhyre spennende opprykkskamp.<br \/>\n      Foto: Thomas Fure \/ NTB\n    <\/p>\n<p>  Nedrykksdrama<\/p>\n<p>I bunnen av tabellen ligger det ogs\u00e5 an til intens neglebiting i 90 minutter l\u00f8rdag. Skeid har for lengst rykket ned, men hvem som sl\u00e5r f\u00f8lge med Oslo-klubben er h\u00f8yst uvisst.<\/p>\n<p>Mj\u00f8ndalen er nest sist foran hjemmem\u00f8tet med Egersund, men har sj\u00f8satt en solid redningsaksjon de siste ukene med to seirer og \u00e9n uavgjort p\u00e5 de tre siste kampene. Det gir h\u00e5p.<\/p>\n<p>Lutn\u00e6s tror Egersund sl\u00e5r Mj\u00f8ndalen og sender de brunkledde ned til 2. divisjon. Mj\u00f8ndalen holdt h\u00e5pet ved like med en ellevill snuoperasjon mot Stab\u00e6k og seier over Raufoss sist runde, men det tror ikke Lutn\u00e6s er nok.<\/p>\n<p>\u2013 S\u00e5 mye er det ikke mulig \u00e5 skvise ut av sitronen for Mj\u00f8ndalen. Det tror jeg virkelig ikke. Det har de ikke nok kvalitet til. Det er jo et helt eget overlevelsesgen p\u00e5 Nedre Eiker, men jeg tror kanskje litt av flyten er brukt opp, sier han.<\/p>\n<p>   <img decoding=\"async\" width=\"5229\" height=\"3486\" fetchpriority=\"low\"  loading=\"lazy\"  src=\"https:\/\/www.europesays.com\/no\/wp-content\/uploads\/2025\/11\/cueres_scp-mangler_navn_4Q5knhlbCnI.jpg\" alt=\"\" class=\"brick-c-cFOWSL\" style=\"--brick-image-ratio: 5229 \/ 3486;\"\/><\/p>\n<p>      Mj\u00f8ndalen st\u00e5r i fare for \u00e5 rykke ned fra 1. divisjon<br \/>\n      Foto: Annika Byrde \/ NTB\n    <\/p>\n<p>  God m\u00e5lforskjell<\/p>\n<p>Moss p\u00e5 kvalifiseringsplassen har to poeng mer enn Mj\u00f8ndalen, mens Raufoss har ytterligere ett poeng til gode p\u00e5 bruntr\u00f8yene. For \u00e5 gj\u00f8re situasjonen enda mer intens m\u00f8tes tilfeldigvis nettopp Moss og Raufoss i siste runde.<\/p>\n<p>M\u00e5lforskjellen til Raufoss gj\u00f8r samtidig et direkte nedrykk helt usannsynlig, men kvalifiseringsplassen er i h\u00f8yeste grad reell for totningene.<\/p>\n<p>Lutn\u00e6s tror Raufoss ryker mot Moss og ender i kvalik.<\/p>\n<p>\u2013 Men jeg har tippet mye fotball f\u00f8r, og det er ikke alltid jeg prikker inn riktig. Det kommer til \u00e5 komme overraskelser. Det kommer til \u00e5 skje noe som vi ikke tror, sier Lutn\u00e6s.<\/p>\n<p>  <a href=\"https:\/\/www.glomdalen.no\/80-19-147571\" class=\"related-teaser has-image default-story-teaser article--c-eRUmMG article--c-eRUmMG-jKCPdD-design-default\" rel=\"nofollow noopener\" target=\"_blank\"><\/p>\n<p>    <img decoding=\"async\" loading=\"lazy\"  src=\"https:\/\/www.europesays.com\/no\/wp-content\/uploads\/2025\/11\/IMG_5205.JPG\" alt=\"\" class=\"brick-c-cFOWSL\" style=\"\"\/><\/p>\n<p>\n            Les ogs\u00e5<\/p>\n<p>              Ville sette opp fly til Bergen \u2013 fikk ikke nok p\u00e5meldte\n        <\/p>\n<p>  <\/a><\/p>\n","protected":false},"excerpt":{"rendered":"Sesongavslutningen p\u00e5 nest \u00f8verste niv\u00e5 i norsk herrefotball ligger an til \u00e5 bli uhyre nervepirrende. F\u00f8r siste runde&hellip;\n","protected":false},"author":2,"featured_media":80671,"comment_status":"","ping_status":"","sticky":false,"template":"","format":"standard","meta":{"footnotes":""},"categories":[59],"tags":[36,134,92,1846,30,28,29,337,83,82,1510],"class_list":{"0":"post-80670","1":"post","2":"type-post","3":"status-publish","4":"format-standard","5":"has-post-thumbnail","7":"category-sport","8":"tag-art","9":"tag-eliteserien","10":"tag-fotball","11":"tag-kil","12":"tag-no","13":"tag-norge","14":"tag-norway","15":"tag-obos-ligaen","16":"tag-sport","17":"tag-sports","18":"tag-story"},"share_on_mastodon":{"url":"https:\/\/pubeurope.com\/@no\/115507172986172910","error":""},"_links":{"self":[{"href":"https:\/\/www.europesays.com\/no\/wp-json\/wp\/v2\/posts\/80670","targetHints":{"allow":["GET"]}}],"collection":[{"href":"https:\/\/www.europesays.com\/no\/wp-json\/wp\/v2\/posts"}],"about":[{"href":"https:\/\/www.europesays.com\/no\/wp-json\/wp\/v2\/types\/post"}],"author":[{"embeddable":true,"href":"https:\/\/www.europesays.com\/no\/wp-json\/wp\/v2\/users\/2"}],"replies":[{"embeddable":true,"href":"https:\/\/www.europesays.com\/no\/wp-json\/wp\/v2\/comments?post=80670"}],"version-history":[{"count":0,"href":"https:\/\/www.europesays.com\/no\/wp-json\/wp\/v2\/posts\/80670\/revisions"}],"wp:featuredmedia":[{"embeddable":true,"href":"https:\/\/www.europesays.com\/no\/wp-json\/wp\/v2\/media\/80671"}],"wp:attachment":[{"href":"https:\/\/www.europesays.com\/no\/wp-json\/wp\/v2\/media?parent=80670"}],"wp:term":[{"taxonomy":"category","embeddable":true,"href":"https:\/\/www.europesays.com\/no\/wp-json\/wp\/v2\/categories?post=80670"},{"taxonomy":"post_tag","embeddable":true,"href":"https:\/\/www.europesays.com\/no\/wp-json\/wp\/v2\/tags?post=80670"}],"curies":[{"name":"wp","href":"https:\/\/api.w.org\/{rel}","templated":true}]}}