{"id":80721,"date":"2025-11-07T08:20:14","date_gmt":"2025-11-07T08:20:14","guid":{"rendered":"https:\/\/www.europesays.com\/no\/80721\/"},"modified":"2025-11-07T08:20:14","modified_gmt":"2025-11-07T08:20:14","slug":"flere-evakuert-etter-blokkbrann-i-oslo","status":"publish","type":"post","link":"https:\/\/www.europesays.com\/no\/80721\/","title":{"rendered":"Flere evakuert etter blokkbrann i Oslo"},"content":{"rendered":"\n<p class=\"_lead_o9xde_2 _lead_xtcu6_50 layout-component text-serif-m layout-normal text-serif-l layout-component layout-wide layout-padded _wide_17hqh_1 layout-padded\">Flere beboere ble evakuert da det natt til fredag br\u00f8t ut brann i en leilighet i en boligblokk p\u00e5 Vestli i Oslo. To personer ble tilsett av helsepersonell.<\/p>\n<ul aria-hidden=\"true\" class=\"_images_18f0k_111\">\n<li><a class=\"_link_18f0k_116\" href=\"https:\/\/www.vg.no\/forfatter\/ntb\" style=\"z-index:1\" title=\"NTB\" rel=\"nofollow noopener\" target=\"_blank\"><img alt=\"Bilde av NTB\" class=\"_image_18f0k_93\" fetchpriority=\"low\" loading=\"lazy\" decoding=\"async\" itemprop=\"image\"  src=\"https:\/\/www.europesays.com\/no\/wp-content\/uploads\/2025\/11\/1762503614_427_c33980b0-5d07-4027-84a1-813f90a7c8d6\"  width=\"480\"\/><\/a><\/li>\n<\/ul>\n<p> Oppdatert fredag 7. november kl. 06:46     <\/p>\n<p class=\"_paragraph_o9xde_4 _paragraph_xtcu6_10 layout-component text-serif-m layout-normal text-serif-m layout-padded\">N\u00f8detatene rykket ved 4-tiden etter melding om brann i boligblokken.<\/p>\n<p class=\"_paragraph_o9xde_4 _paragraph_xtcu6_10 layout-component text-serif-m layout-normal text-serif-m layout-padded\">If\u00f8lge brannvesenet brant det i en av leilighetene, men brannen var ved 5.15-tiden slukket, meldte 110-sentralen. Da var det var r\u00f8ykspredning i flere etasjer og flere evakuerte beboere.<\/p>\n<p class=\"_paragraph_o9xde_4 _paragraph_xtcu6_10 layout-component text-serif-m layout-normal text-serif-m layout-padded\">\u2013 To beboere har f\u00e5tt i seg r\u00f8yk og blir tilsett av helsepersonell, opplyste operasjonsleder \u00d8yvind Hammervold i <a href=\"https:\/\/www.vg.no\/tag\/oslo?utm_source=vg-article&amp;utm_medium=auto-tagger&amp;utm_campaign=Gyvjxl\" class=\"_link_o9xde_39\" rel=\"nofollow noopener\" target=\"_blank\">Oslo<\/a> politidistrikt p\u00e5 politiloggen klokken 4.29.<\/p>\n<p class=\"_paragraph_o9xde_4 _paragraph_xtcu6_10 layout-component text-serif-m layout-normal text-serif-m layout-padded\">Ved 5-tiden jobbet brannmannskapene med \u00e5 f\u00e5 oversikt over alle ber\u00f8rte beboere, samt \u00e5 ventilere ut r\u00f8yken.<\/p>\n<p class=\"_paragraph_o9xde_4 _paragraph_xtcu6_10 layout-component text-serif-m layout-normal text-serif-m layout-padded\">Politiet ansl\u00e5r at mellom 50\u201360 personer er evakuert. <\/p>\n","protected":false},"excerpt":{"rendered":"Flere beboere ble evakuert da det natt til fredag br\u00f8t ut brann i en leilighet i en boligblokk&hellip;\n","protected":false},"author":2,"featured_media":80722,"comment_status":"","ping_status":"","sticky":false,"template":"","format":"standard","meta":{"footnotes":""},"categories":[10],"tags":[1766,367,20,21,24,25,15,22,23,13,30,28,29,14,636,16,26,27],"class_list":{"0":"post-80721","1":"post","2":"type-post","3":"status-publish","4":"format-standard","5":"has-post-thumbnail","7":"category-norge","8":"tag-110-sentralen","9":"tag-brann","10":"tag-breaking-news","11":"tag-breakingnews","12":"tag-featured-news","13":"tag-featurednews","14":"tag-headlines","15":"tag-latest-news","16":"tag-latestnews","17":"tag-news","18":"tag-no","19":"tag-norge","20":"tag-norway","21":"tag-nyheter","22":"tag-oslo","23":"tag-overskrifter","24":"tag-top-stories","25":"tag-topstories"},"share_on_mastodon":{"url":"https:\/\/pubeurope.com\/@no\/115507444065428027","error":""},"_links":{"self":[{"href":"https:\/\/www.europesays.com\/no\/wp-json\/wp\/v2\/posts\/80721","targetHints":{"allow":["GET"]}}],"collection":[{"href":"https:\/\/www.europesays.com\/no\/wp-json\/wp\/v2\/posts"}],"about":[{"href":"https:\/\/www.europesays.com\/no\/wp-json\/wp\/v2\/types\/post"}],"author":[{"embeddable":true,"href":"https:\/\/www.europesays.com\/no\/wp-json\/wp\/v2\/users\/2"}],"replies":[{"embeddable":true,"href":"https:\/\/www.europesays.com\/no\/wp-json\/wp\/v2\/comments?post=80721"}],"version-history":[{"count":0,"href":"https:\/\/www.europesays.com\/no\/wp-json\/wp\/v2\/posts\/80721\/revisions"}],"wp:featuredmedia":[{"embeddable":true,"href":"https:\/\/www.europesays.com\/no\/wp-json\/wp\/v2\/media\/80722"}],"wp:attachment":[{"href":"https:\/\/www.europesays.com\/no\/wp-json\/wp\/v2\/media?parent=80721"}],"wp:term":[{"taxonomy":"category","embeddable":true,"href":"https:\/\/www.europesays.com\/no\/wp-json\/wp\/v2\/categories?post=80721"},{"taxonomy":"post_tag","embeddable":true,"href":"https:\/\/www.europesays.com\/no\/wp-json\/wp\/v2\/tags?post=80721"}],"curies":[{"name":"wp","href":"https:\/\/api.w.org\/{rel}","templated":true}]}}