{"id":80763,"date":"2025-11-07T09:28:12","date_gmt":"2025-11-07T09:28:12","guid":{"rendered":"https:\/\/www.europesays.com\/no\/80763\/"},"modified":"2025-11-07T09:28:12","modified_gmt":"2025-11-07T09:28:12","slug":"kreft-menn-og-helse-menn-ma-vakne-opp-og-ta-kroppens-signaler-pa-alvor","status":"publish","type":"post","link":"https:\/\/www.europesays.com\/no\/80763\/","title":{"rendered":"Kreft, Menn og helse | Menn m\u00e5 v\u00e5kne opp og ta kroppens signaler p\u00e5 alvor"},"content":{"rendered":"\n<p><b>Heldigvis kommer Viktor Leeds H\u00f8gseth (58) til \u00e5 bli helt frisk av tarmkreft. Flere menn burde gj\u00f8re som Viktor, ta egen kropp og helse p\u00e5 alvor.<\/b><\/p>\n<p>Viktor blir frisk fordi han har tatt egen helse p\u00e5 alvor. Han hadde litt blod i avf\u00f8ringen, men tenkte det var hemoroider. Oppbl\u00e5st mage skyltes sikker \u00f8l til fotballkampen. Tanken p\u00e5 tarmkreft slo han ikke.<\/p>\n<p>Likevel sendte han inn en avf\u00f8ringspr\u00f8ve da han fikk brev i posten fra tarmscreeningsprogrammet. Dette er det eneste screeningprogrammet i Norge som gjelder b\u00e5de menn og kvinner.<\/p>\n<p>Alle i Norge f\u00e5r tilbud om \u00e5 v\u00e6re med i tarmscreeningsprogrammet det \u00e5ret de fyller 55. Pr\u00f8ven Viktor sendte inn \u2013 fikk alarmen til \u00e5 g\u00e5. Han m\u00e5tte gjennom flere pr\u00f8ver, og konklusjonen var klar: Du har tarmkreft.<\/p>\n<p>   <img decoding=\"async\" width=\"2544\" height=\"3392\" fetchpriority=\"low\"  loading=\"lazy\"  src=\"https:\/\/www.europesays.com\/no\/wp-content\/uploads\/2025\/11\/f4ee5e79-630d-4325-a0f5-6a9651fae462.bin\" alt=\"\" class=\"brick-c-cFOWSL\" style=\"--brick-image-ratio: 2544 \/ 3392;\"\/><\/p>\n<p>      BLIR FRISK: Viktor Leeds H\u00f8gseth sendte inn pr\u00f8ven i tarmscreeningsprogrammet, og kreften ble oppdaget tidlig. Regionleder i Kreftforeningen Nord-Norge, Brage Larsen Sollund, oppfordrer alle menn til \u00e5 g\u00e5 til lege n\u00e5r de merker at noe er galt.<br \/>\n      Foto: Viktor Leeds H\u00f8gseth\n    <\/p>\n<p>Pr\u00f8ven han tok to \u00e5r f\u00f8r var helt normal.<\/p>\n<p>Det at han har sendt inn pr\u00f8ve hver gang han har f\u00e5tt tilbudet, gj\u00f8r at hans kreft ble oppdaget s\u00e5 tidlig at han blir frisk.<\/p>\n<p>Men kun 49 prosent av menn deltar i tarmscreeningsprogrammet \u2013 mot 58 prosent av kvinnene.<\/p>\n<p>Det m\u00e5 vi gj\u00f8re noe med!<\/p>\n<p><strong>Alvorlig bekymret<\/strong><\/p>\n<p>Kreftforeningens helt ferske rapport \u00abMenn og kreft \u2013 et kunnskapsgap med alvorlige helseeffekter\u00bb viser at menn ligger langt bak kvinner n\u00e5r det gjelder kunnskap om symptom, risiko og forebygging.<\/p>\n<p>Vi er alvorlig bekymret over at menn kan s\u00e5 lite om kreftsymptomer, og at de til og med venter med \u00e5 g\u00e5 til lege.<\/p>\n<p>Hvert \u00e5r f\u00e5r over 20.000 menn i Norge kreft. Mange kunne f\u00e5tt hjelp tidligere.<\/p>\n<p>Selv helseministernes egen statssekret\u00e6r, Karl Kristian Bekeng, var befriende \u00e6rlig i et intervju og tilsto at han kjenner seg igjen i funnene i rapporten.<\/p>\n<p>&#8211; Jeg har selv v\u00e6rt en av de som brukte for lang tid p\u00e5 \u00e5 sjekke noe, og s\u00e5 viste det seg at det ikke var noe farlig. Men jeg fikk streng beskjed av legen om at jeg gjerne kunnet kommet tidligere, sa han til NRK.<\/p>\n<p>Og det gjelder nok mange av oss menn.<\/p>\n<p><strong>Menn m\u00e5 v\u00e5kne opp<\/strong><\/p>\n<p>N\u00e5 er det p\u00e5 h\u00f8y tid at menn i alle aldre v\u00e5kner opp og tar kroppens signaler p\u00e5 alvor!<\/p>\n<p>For:<\/p>\n<ul>\n<li>Kun fem prosent av menn sier de kjenner til faresignalene for kreft.<\/li>\n<li>Kun 20 prosent av menn (mot 32 prosent av kvinnene) sier de har god kjennskap til symptomer og halvparten av mannfolka sier de har d\u00e5rlig kjennskap<\/li>\n<li>Menn interesser seg mindre og leser mindre om helse. 14% leser, h\u00f8rer eller ser INGENTING om helse (mot 4% av kvinnene). I dette tallet er til og med Tiktok med som en kilde man kan bruke<\/li>\n<li>Menn f\u00f8lger mindre med p\u00e5 symptomer. Kun 57% av menn f\u00f8lger med p\u00e5 symptomer (mot 67% kvinner)<\/li>\n<li>Menn g\u00e5r mindre til legen. Menn g\u00e5r 2,3 ganger til legen i l\u00f8pet av \u00e5ret (kvinner 3,5) og 1\/3 menn var ikke hos legen i fjor (mot 1\/5 kvinner). Da er f\u00f8dsel og barsel korrigert ut.<\/li>\n<li>Selv p\u00e5 alvorlige symptomer som en KUL g\u00e5r ikke menn til legen. Kun 46% av de som hadde kul hadde sjekket den (mot 76% kvinner)<\/li>\n<\/ul>\n<p>Det hadde jo fors\u00e5 vidt v\u00e6rt greit om det ikke hadde konsekvenser. Men, det har det. P\u00e5 kreftfeltet ser vi at det har store konsekvenser som f\u00f8rer til at:<\/p>\n<ul>\n<li>Kreft hos menn oppdages senere og er kommet lengre.<\/li>\n<li>Det f\u00f8rer til at prognosen til menn blir d\u00e5rligere.<\/li>\n<li>Forebyggende tiltak n\u00e5r mindre gjennom.<\/li>\n<li>Sosiale forskjeller \u00f8ker.<\/li>\n<\/ul>\n<p><strong>Vi m\u00e5 tenke nytt<\/strong><\/p>\n<p>Vi trenger en mannestrategi for helse. Helsemyndighetene, arbeidsgivere og organisasjoner m\u00e5 m\u00f8te menn der vi faktisk er; p\u00e5 jobb, i garderoben, i idrettslaget eller fagforeningen.<\/p>\n<p>Ogs\u00e5 vi i Kreftforeningen m\u00e5 tenke nytt.<\/p>\n<p><strong>G\u00e5 til legen<\/strong><\/p>\n<p>Viktor var heldig. Han deltok i tarmscreeningen, og blir n\u00e5 frisk.<\/p>\n<p>Helse handler ikke om \u00e5 v\u00e6re svak, men \u00e5 v\u00e6re f\u00f8re var slik som Viktor var.<\/p>\n<p>Du tar service p\u00e5 bilen f\u00f8r motoren ryker. Hvorfor sjekker du ikke kroppen p\u00e5 samme m\u00e5te?<\/p>\n<p>Hvis du merker endringer i kroppen som ikke forsvinner etter tre uker, g\u00e5 til legen.<\/p>\n<p>Det er bedre med en sjekk for mye, enn en for lite.<\/p>\n<p>S\u00e5 kjenn etter. Ta praten. G\u00e5 til legen. Det er ikke svakhet. Det er smart!<\/p>\n","protected":false},"excerpt":{"rendered":"Heldigvis kommer Viktor Leeds H\u00f8gseth (58) til \u00e5 bli helt frisk av tarmkreft. Flere menn burde gj\u00f8re som&hellip;\n","protected":false},"author":2,"featured_media":80764,"comment_status":"","ping_status":"","sticky":false,"template":"","format":"standard","meta":{"footnotes":""},"categories":[5],"tags":[36,20,21,24,25,15,19,1401,3749,22,23,17,18,10973,13,30,28,29,14,1533,16,6763,26,27],"class_list":{"0":"post-80763","1":"post","2":"type-post","3":"status-publish","4":"format-standard","5":"has-post-thumbnail","7":"category-overskrifter","8":"tag-art","9":"tag-breaking-news","10":"tag-breakingnews","11":"tag-featured-news","12":"tag-featurednews","13":"tag-headlines","14":"tag-hovedoppslag","15":"tag-kreft","16":"tag-kreftforeningen","17":"tag-latest-news","18":"tag-latestnews","19":"tag-main-news","20":"tag-mainnews","21":"tag-menn-og-helse","22":"tag-news","23":"tag-no","24":"tag-norge","25":"tag-norway","26":"tag-nyheter","27":"tag-opinion","28":"tag-overskrifter","29":"tag-tarmkreft","30":"tag-top-stories","31":"tag-topstories"},"share_on_mastodon":{"url":"https:\/\/pubeurope.com\/@no\/115507711774380897","error":""},"_links":{"self":[{"href":"https:\/\/www.europesays.com\/no\/wp-json\/wp\/v2\/posts\/80763","targetHints":{"allow":["GET"]}}],"collection":[{"href":"https:\/\/www.europesays.com\/no\/wp-json\/wp\/v2\/posts"}],"about":[{"href":"https:\/\/www.europesays.com\/no\/wp-json\/wp\/v2\/types\/post"}],"author":[{"embeddable":true,"href":"https:\/\/www.europesays.com\/no\/wp-json\/wp\/v2\/users\/2"}],"replies":[{"embeddable":true,"href":"https:\/\/www.europesays.com\/no\/wp-json\/wp\/v2\/comments?post=80763"}],"version-history":[{"count":0,"href":"https:\/\/www.europesays.com\/no\/wp-json\/wp\/v2\/posts\/80763\/revisions"}],"wp:featuredmedia":[{"embeddable":true,"href":"https:\/\/www.europesays.com\/no\/wp-json\/wp\/v2\/media\/80764"}],"wp:attachment":[{"href":"https:\/\/www.europesays.com\/no\/wp-json\/wp\/v2\/media?parent=80763"}],"wp:term":[{"taxonomy":"category","embeddable":true,"href":"https:\/\/www.europesays.com\/no\/wp-json\/wp\/v2\/categories?post=80763"},{"taxonomy":"post_tag","embeddable":true,"href":"https:\/\/www.europesays.com\/no\/wp-json\/wp\/v2\/tags?post=80763"}],"curies":[{"name":"wp","href":"https:\/\/api.w.org\/{rel}","templated":true}]}}