{"id":80777,"date":"2025-11-07T09:40:10","date_gmt":"2025-11-07T09:40:10","guid":{"rendered":"https:\/\/www.europesays.com\/no\/80777\/"},"modified":"2025-11-07T09:40:10","modified_gmt":"2025-11-07T09:40:10","slug":"rise-of-hydra-utsatt-pa-ubestemt-tid","status":"publish","type":"post","link":"https:\/\/www.europesays.com\/no\/80777\/","title":{"rendered":"Rise of Hydra utsatt p\u00e5 ubestemt tid"},"content":{"rendered":"<p>Tatt i betraktning at Marvel 1943: Rise of Hydra skulle utgis tidlig i 2026 har vi h\u00f8rt overraskende lite om dette spennende prosjektet. Og n\u00e5 viser det seg at det er en god forklaring p\u00e5 det. Spillet er rett og slett ikke klart.<\/p>\n<p>Skydance New Media kunngjorde via Instagram at &laquo;for \u00e5 fullt ut realisere v\u00e5r visjon for Marvel 1943: Rise of Hydra, har vi tatt beslutningen om \u00e5 flytte utgivelsesvinduet v\u00e5rt utover tidlig 2026.&raquo; Dette er den <a href=\"https:\/\/www.gamereactor.no\/marvel-1943-rise-of-hydra-har-blitt-utsatt-til-begynnelsen-av-2026-1768873\/\" title=\"Marvel 1943: Rise of Hydra har blitt utsatt til begynnelsen av 2026\" rel=\"nofollow noopener\" target=\"_blank\">andre forsinkelsen<\/a> for spillet.<\/p>\n<blockquote class=\"instagram-media\" data-instgrm-captioned=\"\" data-instgrm-permalink=\"https:\/\/www.instagram.com\/p\/DQurRUwkkl5\/?utm_source=ig_web_copy_link\" style=\" background:#FFF; border:0; border-radius:3px; box-shadow:0 0 1px 0 rgba(0,0,0,0.5),0 1px 10px 0 rgba(0,0,0,0.15); margin: 1px; max-width:540px; min-width:290px; padding:0; width:99.375%; width:-webkit-calc(100% - 2px); width:calc(100% - 2px);\"\/>\n<p>Dessverre har vi ingen ny dato eller lanseringsvindu, s\u00e5 det er vanskelig \u00e5 forutsi hvor lang forsinkelsen blir. Forh\u00e5pentligvis vil det fortsatt bli utgitt til h\u00f8sten, men vi b\u00f8r v\u00e6re fullt klar over at 2027 er en mulighet, ikke minst fordi Grand Theft Auto VI slippes i november, en tittel som sannsynligvis vil dominere utgivelseslistene.<\/p>\n<p>Marvel 1943: Rise of Hydra har Captain America og Black Panther i hovedrollene i en historie som utspiller seg under andre verdenskrig, og tanken er at de skal sl\u00e5 seg sammen for \u00e5 stoppe Hydra.<\/p>\n<p><img loading=\"lazy\" decoding=\"async\" id=\"img-1908653-4675423\" data-fullsize=\"\/media\/54\/_4675423b.jpg\" data-lazy=\"\" src=\"https:\/\/www.gamereactor.nohttps:\/\/www.gamereactor.no\/media\/54\/_4675423_650x.jpg\" width=\"650\" onclick=\"if (!window.__cfRLUnblockHandlers) return false; gallery_openmodal('1908653','4675423',false,'f4abd0461a46858c25c67fba44827f91');\" height=\"277\" alt=\"Marvel 1943: Rise of Hydra\" class=\"rwd_col_content lazy\" data-cf-modified-1667e60d1e070fafc9ab7fd3-=\"\"\/><script async src=\"\/\/www.instagram.com\/embed.js\"><\/script><\/p>\n","protected":false},"excerpt":{"rendered":"Tatt i betraktning at Marvel 1943: Rise of Hydra skulle utgis tidlig i 2026 har vi h\u00f8rt overraskende&hellip;\n","protected":false},"author":2,"featured_media":80778,"comment_status":"","ping_status":"","sticky":false,"template":"","format":"standard","meta":{"footnotes":""},"categories":[57],"tags":[30,28,29,65,63,64,66,70,69,67,68],"class_list":{"0":"post-80777","1":"post","2":"type-post","3":"status-publish","4":"format-standard","5":"has-post-thumbnail","7":"category-vitenskap-og-teknologi","8":"tag-no","9":"tag-norge","10":"tag-norway","11":"tag-science","12":"tag-science-and-technology","13":"tag-scienceandtechnology","14":"tag-technology","15":"tag-teknologi","16":"tag-vitenskap","17":"tag-vitenskap-og-teknologi","18":"tag-vitenskapteknologi"},"share_on_mastodon":{"url":"https:\/\/pubeurope.com\/@no\/115507758699680474","error":""},"_links":{"self":[{"href":"https:\/\/www.europesays.com\/no\/wp-json\/wp\/v2\/posts\/80777","targetHints":{"allow":["GET"]}}],"collection":[{"href":"https:\/\/www.europesays.com\/no\/wp-json\/wp\/v2\/posts"}],"about":[{"href":"https:\/\/www.europesays.com\/no\/wp-json\/wp\/v2\/types\/post"}],"author":[{"embeddable":true,"href":"https:\/\/www.europesays.com\/no\/wp-json\/wp\/v2\/users\/2"}],"replies":[{"embeddable":true,"href":"https:\/\/www.europesays.com\/no\/wp-json\/wp\/v2\/comments?post=80777"}],"version-history":[{"count":0,"href":"https:\/\/www.europesays.com\/no\/wp-json\/wp\/v2\/posts\/80777\/revisions"}],"wp:featuredmedia":[{"embeddable":true,"href":"https:\/\/www.europesays.com\/no\/wp-json\/wp\/v2\/media\/80778"}],"wp:attachment":[{"href":"https:\/\/www.europesays.com\/no\/wp-json\/wp\/v2\/media?parent=80777"}],"wp:term":[{"taxonomy":"category","embeddable":true,"href":"https:\/\/www.europesays.com\/no\/wp-json\/wp\/v2\/categories?post=80777"},{"taxonomy":"post_tag","embeddable":true,"href":"https:\/\/www.europesays.com\/no\/wp-json\/wp\/v2\/tags?post=80777"}],"curies":[{"name":"wp","href":"https:\/\/api.w.org\/{rel}","templated":true}]}}