{"id":80789,"date":"2025-11-07T09:50:10","date_gmt":"2025-11-07T09:50:10","guid":{"rendered":"https:\/\/www.europesays.com\/no\/80789\/"},"modified":"2025-11-07T09:50:10","modified_gmt":"2025-11-07T09:50:10","slug":"hege-torresdal-har-fatt-hudkreft","status":"publish","type":"post","link":"https:\/\/www.europesays.com\/no\/80789\/","title":{"rendered":"Hege T\u00f8rresdal har f\u00e5tt hudkreft"},"content":{"rendered":"\n<p class=\"_lead_o9xde_2 _lead_xtcu6_50 layout-component text-serif-m layout-normal text-serif-l layout-component layout-wide layout-padded _wide_17hqh_1 layout-padded\">Journalisten, ogs\u00e5 kjent som modell og tidligere \u00abFr\u00f8ken Norge\u00bb- vinner, deler nyheten p\u00e5 Instagram.<\/p>\n<p><img alt=\"Hege T\u00f8rresdal har lagt ut dette bildet, som gjengis med tillatelse. Foto: PRIVAT\/INSTAGRAM\" class=\"_image_qp4xg_65 layout-component layout-wide\" data-fullscreen- data-track-element-type=\"Article image fullscreen\" data-track-name=\"ImageFullscreen\" fetchpriority=\"high\" decoding=\"sync\" loading=\"eager\" height=\"1080\" itemprop=\"image\"  src=\"https:\/\/www.europesays.com\/no\/wp-content\/uploads\/2025\/11\/03244068-5468-4e1d-bbfb-289a2dfc506c\"  style=\"object-position:0% 0%\" width=\"1080\"\/>Hege T\u00f8rresdal har lagt ut dette bildet, som gjengis med tillatelse. Foto: PRIVAT\/INSTAGRAM<\/p>\n<ul aria-hidden=\"true\" class=\"_images_18f0k_111\">\n<li><a class=\"_link_18f0k_116\" href=\"https:\/\/www.vg.no\/forfatter\/catherine-gonsholt-ighanian\" style=\"z-index:1\" title=\"Catherine Gonsholt Ighanian\" rel=\"nofollow noopener\" target=\"_blank\"><img alt=\"Bilde av Catherine Gonsholt Ighanian\" class=\"_image_18f0k_93\" fetchpriority=\"low\" loading=\"lazy\" decoding=\"async\" itemprop=\"image\"  src=\"https:\/\/www.europesays.com\/no\/wp-content\/uploads\/2025\/11\/1762509009_739_72dca32d-ee6f-474c-a50e-72a9bb49f38a\"  width=\"480\"\/><\/a><\/li>\n<\/ul>\n<p> Oppdatert fredag 7. november kl. 09:13    <\/p>\n<ul class=\"_list_o9xde_3 _list_64s2r_85 _unordered_o9xde_106 text-sans-m\">\n<li class=\"_item_o9xde_30\">T\u00f8rresdal (41), journalist, modell og tidligere \u00abFr\u00f8ken Norge\u00bb-vinner, avsl\u00f8rer p\u00e5 Instagram at hun har malignt melanom \u2013 f\u00f8flekkreft.<\/li>\n<li class=\"_item_o9xde_30\">Hun er operert, venter pr\u00f8vesvar og sier alt tyder p\u00e5 at det g\u00e5r bra.<\/li>\n<li class=\"_item_o9xde_30\">Samtidig som hun ber alle sjekke huden jevnlig og bruke solkrem.<\/li>\n<\/ul>\n<p>Vis mer <\/p>\n<p class=\"_paragraph_o9xde_4 _paragraph_xtcu6_10 layout-component text-serif-m layout-normal text-serif-m layout-padded\">\u00abHudkreft. Melanom. Jeg sliter fortsatt med \u00e5 si det h\u00f8yt\u00bb, <a href=\"https:\/\/www.instagram.com\/p\/DQt88AVjZgv\/\" class=\"_link_o9xde_39\" rel=\"nofollow noopener\" target=\"_blank\">skriver T\u00f8rresdal<\/a> (41) og poster speilbilde av seg selv, der man ser en bandasje bak den ene skulderen.<\/p>\n<p class=\"_paragraph_o9xde_4 _paragraph_xtcu6_10 layout-component text-serif-m layout-normal text-serif-m layout-padded\">\u00abDet skjer jo ikke meg\u00bb, legger hun til \u2013 og forklarer at alt startet med en magef\u00f8lelse i sommer.<\/p>\n<p class=\"_paragraph_o9xde_4 _paragraph_xtcu6_10 layout-component text-serif-m layout-normal text-serif-m layout-padded\">\u00abEt ubehag. Noe stemte ikke, men jeg gjemte det bort i underbevisstheten. I september steg det opp til overflaten. Jeg s\u00e5 en endring og kjente en endring \u2013 og frykten dunket i tinningen. Alle sjekkpunktene skrek imot meg.\u00bb<\/p>\n<p class=\"_paragraph_o9xde_4 _paragraph_xtcu6_10 layout-component text-serif-m layout-normal text-serif-m layout-padded\">\u2013 Det har sittet litt langt inne \u00e5 dele, da jeg har v\u00e6rt usikker p\u00e5 om jeg har v\u00e6rt klar for oppmerksomheten som f\u00f8lger, skriver T\u00f8rresdal p\u00e5 e.post til VG.<\/p>\n<p class=\"_paragraph_o9xde_4 _paragraph_xtcu6_10 layout-component text-serif-m layout-normal text-serif-m layout-padded\">\u2013 N\u00e5 er det tre uker siden siste operasjon, og jeg kjente p\u00e5 at budskapet overskygger ubehaget med at \u00aballe\u00bb vet. <\/p>\n<p class=\"_paragraph_o9xde_4 _paragraph_xtcu6_10 layout-component text-serif-m layout-normal text-serif-m layout-padded\">Hun opplyser at hun gikk gjennom full f\u00f8flekksjekk i februar.<\/p>\n<p class=\"_paragraph_o9xde_4 _paragraph_xtcu6_10 layout-component text-serif-m layout-normal text-serif-m layout-padded\">\u2013 I sommer kjente jeg at noe var galt. Det viser hvor aggressiv denne typen hudkreft er, sier hun til VG. <\/p>\n<p><img alt=\"Hege T\u00f8rresdal jobber i dag som journalist.  Foto: PRIVAT\" class=\"_image_qp4xg_65 layout-component layout-normal\" data-fullscreen- data-track-element-type=\"Article image fullscreen\" data-track-name=\"ImageFullscreen\" decoding=\"async\" loading=\"lazy\" height=\"865\" itemprop=\"image\"  src=\"https:\/\/www.europesays.com\/no\/wp-content\/uploads\/2025\/11\/f0446c67-be51-456a-9cf0-d589657873c3\"  style=\"object-position:0% 0%\" width=\"1074\"\/>Hege T\u00f8rresdal jobber i dag som journalist.  Foto: PRIVAT<\/p>\n<p class=\"_paragraph_o9xde_4 _paragraph_xtcu6_10 layout-component text-serif-m layout-normal text-serif-m layout-padded\">T\u00f8rresdal opps\u00f8kte hudlege, selv om en apotektest skal ha vist at det ikke var fare p\u00e5 ferde.<\/p>\n<p class=\"_paragraph_o9xde_4 _paragraph_xtcu6_10 layout-component text-serif-m layout-normal text-serif-m layout-padded\">Hudlegen skal ha sagt at det var bra hun kom da hun kom.<\/p>\n<p class=\"_paragraph_o9xde_4 _paragraph_xtcu6_10 layout-component text-serif-m layout-normal text-serif-m layout-padded\">\u00abTo uker senere kom bekreftelsen jeg fryktet: Malignt melanom. Aggressiv hudkreft. <br \/>Tankene spinner 100 kilometer i timen\u00bb, skriver T\u00f8rresdal p\u00e5 Instagram.<\/p>\n<p class=\"_paragraph_o9xde_4 _paragraph_xtcu6_10 layout-component text-serif-m layout-normal text-serif-m layout-padded\">\u00abFrykten legger seg som et lokk over fornuften. Hva n\u00e5?\u00bb <\/p>\n<p><img alt=\"Hege T\u00f8rresdal under \u00abSangstjerner\u00bb p\u00e5 TV 3 i 2007.  Foto: Kyrre Lien \/ NTB\" class=\"_image_qp4xg_65 layout-component layout-normal\" data-fullscreen- data-track-element-type=\"Article image fullscreen\" data-track-name=\"ImageFullscreen\" decoding=\"async\" loading=\"lazy\" height=\"2336\" itemprop=\"image\"  src=\"https:\/\/www.europesays.com\/no\/wp-content\/uploads\/2025\/11\/5e935d73-2c32-40c0-927b-c74551c97750\"  style=\"object-position:0% 0%\" width=\"3504\"\/>Hege T\u00f8rresdal under \u00abSangstjerner\u00bb p\u00e5 TV 3 i 2007.  Foto: Kyrre Lien \/ NTB<\/p>\n<p class=\"_paragraph_o9xde_4 _paragraph_xtcu6_10 layout-component text-serif-m layout-normal text-serif-m layout-padded\">T\u00f8rresdal, som vant Fr\u00f8ken Norge i 2004 og var Norges h\u00e5p i Miss World samme \u00e5r, opplyser at hun har v\u00e6rt blant de heldige. <\/p>\n<p class=\"_paragraph_o9xde_4 _paragraph_xtcu6_10 layout-component text-serif-m layout-normal text-serif-m layout-padded\">Hun skriver at f\u00f8rste operasjon var gjennomf\u00f8rt en uke senere, og at hun kun har f\u00e5tt oppl\u00f8ftende tilbakemeldinger.<\/p>\n<p class=\"_paragraph_o9xde_4 _paragraph_xtcu6_10 layout-component text-serif-m layout-normal text-serif-m layout-padded\">\u00abJeg venter fortsatt p\u00e5 de siste pr\u00f8vesvarene, men alt tilsier at dette skal g\u00e5 bra.\u00bb <\/p>\n<p>ABCDE-regelen for f\u00f8flekker:<\/p>\n<p class=\"_paragraph_o9xde_4 _paragraph_xtcu6_10 _paragraph_16v91_10 layout-component text-serif-m layout-normal text-sans-m layout-padded\">Ved \u00e5 holde \u00f8ye med f\u00f8flekkene dine jevnlig kan du potensielt redde ditt eget liv. Gj\u00f8r det gjerne til en vane \u00e5 se over hud og f\u00f8flekker \u2013 for eksempel etter at du har dusjet.<\/p>\n<p>En m\u00e5te \u00e5 f\u00f8lge med p\u00e5 dine f\u00f8flekker er \u00e5 vurdere f\u00f8flekkene etter ABCDE-regelen. Om en f\u00f8flekk har ett eller flere av punktene i oversikten, b\u00f8r den sjekkes av lege.<\/p>\n<ul class=\"_list_o9xde_3 _list_xtcu6_9 _list_16v91_9 _unordered_o9xde_106 layout-component text-serif-m layout-normal text-sans-m layout-padded\">\n<li class=\"_item_o9xde_30\">Asymmetri: Den ene halvdelen av f\u00f8flekken er annerledes fra den andre.<\/li>\n<li class=\"_item_o9xde_30\">Ujevn kant: F\u00f8flekken har ujevn eller lite definert kant.<\/li>\n<li class=\"_item_o9xde_30\">Farge: F\u00f8flekken har flere fargetoner eller er spesielt m\u00f8rk.<\/li>\n<li class=\"_item_o9xde_30\">Diameter: F\u00f8flekken er over 6mm i diameter.<\/li>\n<li class=\"_item_o9xde_30\">Endring: F\u00f8flekken har endret farge, form eller st\u00f8rrelse<\/li>\n<\/ul>\n<p class=\"_paragraph_o9xde_4 _paragraph_xtcu6_10 _paragraph_16v91_10 layout-component text-serif-m layout-normal text-sans-m layout-padded\">(Kilde: Melanom.no)<\/p>\n<p>Vis mer<\/p>\n<p class=\"_paragraph_o9xde_4 _paragraph_xtcu6_10 layout-component text-serif-m layout-normal text-serif-m layout-padded\">T\u00f8rresdal oppfordrer andre til \u00e5 sjekke huden jevnlig og v\u00e6re obs p\u00e5 endringer \u2013 samt bruke solkrem.<\/p>\n<p class=\"_paragraph_o9xde_4 _paragraph_xtcu6_10 layout-component text-serif-m layout-normal text-serif-m layout-padded\">\u2013 Det er avgj\u00f8rende \u00e5 v\u00e6re tidlig ute og lytte til kroppens signaler. Og en f\u00f8flekkskanning ved apotek, kan gi en falsk trygghet. Det gjaldt i hvert fall mitt tilfelle, sier hun til VG og legger til:<\/p>\n<p class=\"_paragraph_o9xde_4 _paragraph_xtcu6_10 layout-component text-serif-m layout-normal text-serif-m layout-padded\">\u2013  Du kjenner din kropp best, og mistenker du at noe er galt, s\u00e5 gjennomf\u00f8r en grundig sjekk hos hudlege.<\/p>\n<p class=\"_paragraph_o9xde_4 _paragraph_xtcu6_10 layout-component text-serif-m layout-normal text-serif-m layout-padded\">Under innlegget str\u00f8mmer det p\u00e5 med omsorg, deriblant fra hennes n\u00e6re venninne Kathrine S\u00f8rland (45), som poster et hjerte.<\/p>\n<p class=\"_paragraph_o9xde_4 _paragraph_xtcu6_10 layout-component text-serif-m layout-normal text-serif-m layout-padded\">T\u00f8rresdal deltok ogs\u00e5 i TV3-serien \u00abSangstjerner\u00bb h\u00f8sten 2007.<\/p>\n<p>Les ogs\u00e5<br \/>\n    <script async src=\"\/\/www.instagram.com\/embed.js\"><\/script><\/p>\n","protected":false},"excerpt":{"rendered":"Journalisten, ogs\u00e5 kjent som modell og tidligere \u00abFr\u00f8ken Norge\u00bb- vinner, deler nyheten p\u00e5 Instagram. Hege T\u00f8rresdal har lagt&hellip;\n","protected":false},"author":2,"featured_media":80790,"comment_status":"","ping_status":"","sticky":false,"template":"","format":"standard","meta":{"footnotes":""},"categories":[10],"tags":[20,21,24,25,15,736,22,23,13,30,28,29,14,16,26,27],"class_list":{"0":"post-80789","1":"post","2":"type-post","3":"status-publish","4":"format-standard","5":"has-post-thumbnail","7":"category-norge","8":"tag-breaking-news","9":"tag-breakingnews","10":"tag-featured-news","11":"tag-featurednews","12":"tag-headlines","13":"tag-helse","14":"tag-latest-news","15":"tag-latestnews","16":"tag-news","17":"tag-no","18":"tag-norge","19":"tag-norway","20":"tag-nyheter","21":"tag-overskrifter","22":"tag-top-stories","23":"tag-topstories"},"share_on_mastodon":{"url":"https:\/\/pubeurope.com\/@no\/115507797940104609","error":""},"_links":{"self":[{"href":"https:\/\/www.europesays.com\/no\/wp-json\/wp\/v2\/posts\/80789","targetHints":{"allow":["GET"]}}],"collection":[{"href":"https:\/\/www.europesays.com\/no\/wp-json\/wp\/v2\/posts"}],"about":[{"href":"https:\/\/www.europesays.com\/no\/wp-json\/wp\/v2\/types\/post"}],"author":[{"embeddable":true,"href":"https:\/\/www.europesays.com\/no\/wp-json\/wp\/v2\/users\/2"}],"replies":[{"embeddable":true,"href":"https:\/\/www.europesays.com\/no\/wp-json\/wp\/v2\/comments?post=80789"}],"version-history":[{"count":0,"href":"https:\/\/www.europesays.com\/no\/wp-json\/wp\/v2\/posts\/80789\/revisions"}],"wp:featuredmedia":[{"embeddable":true,"href":"https:\/\/www.europesays.com\/no\/wp-json\/wp\/v2\/media\/80790"}],"wp:attachment":[{"href":"https:\/\/www.europesays.com\/no\/wp-json\/wp\/v2\/media?parent=80789"}],"wp:term":[{"taxonomy":"category","embeddable":true,"href":"https:\/\/www.europesays.com\/no\/wp-json\/wp\/v2\/categories?post=80789"},{"taxonomy":"post_tag","embeddable":true,"href":"https:\/\/www.europesays.com\/no\/wp-json\/wp\/v2\/tags?post=80789"}],"curies":[{"name":"wp","href":"https:\/\/api.w.org\/{rel}","templated":true}]}}