{"id":80811,"date":"2025-11-07T10:11:49","date_gmt":"2025-11-07T10:11:49","guid":{"rendered":"https:\/\/www.europesays.com\/no\/80811\/"},"modified":"2025-11-07T10:11:49","modified_gmt":"2025-11-07T10:11:49","slug":"samuel-massies-bestefar-vil-flytte-hjem-til-barnebarnet","status":"publish","type":"post","link":"https:\/\/www.europesays.com\/no\/80811\/","title":{"rendered":"Samuel Massies bestefar vil flytte hjem til barnebarnet"},"content":{"rendered":"<p>    Samuel Massie tok med sin syke bestefar verden rundt. N\u00e5 er Arne Ulvolden p\u00e5 sykehus, men begge h\u00e5per at han skal kunne flytte hjem til Samuel.<\/p>\n<p>\n        <b>BESTEFAR OG BESTEVENN:<\/b> Samuel Massie kaller bestefar Arne Ulvolden for sin bestevenn. N\u00e5 h\u00e5per han at den syke morfaren kan f\u00e5 flytte hjem til ham.<br \/>\n        Vaidas Misiunas\/TV 2\n    <\/p>\n<p>Samuel Massie (32) dukket opp p\u00e5 TV-skjermen f\u00f8rste gang i NRK-serien \u00abSj\u00f8spr\u00f8yt\u00bb i 2010. Der var ten\u00e5ringen en av flere ungdommer som skulle l\u00e6re \u00e5 seile av ekspedisjonslederen Jarle Andh\u00f8y (48).<\/p>\n<p>\u00c5ret etter ble han plukket ut til \u00e5 v\u00e6re med Andh\u00f8y p\u00e5 seilas til Antarktis med den ber\u00f8mte seilb\u00e5ten \u00abBerserk\u00bb for \u00e5 lage en ny TV-serie. Mens duoen var p\u00e5 vei til Sydpolen, ble tre andre igjen p\u00e5 b\u00e5ten.\u00a0\u00abBerserk\u00bb sendte ut n\u00f8dsignaler 22. februar 2011. Siden har ingen sett hverken b\u00e5ten eller mannskapet.<\/p>\n<p>Den dramatiske historien gjorde den da 18 \u00e5r gamle Samuel Massie til et kjent navn og ansikt. F\u00f8rst ble han plukket ut til \u00e5 v\u00e6re med p\u00e5 \u00abSkal vi danse\u00bb, deretter ble han programleder for samme program. Han har ogs\u00e5 v\u00e6rt programleder for \u00abAllsang p\u00e5 grensen\u00bb.<\/p>\n<p>                <img decoding=\"async\" src=\"https:\/\/www.europesays.com\/no\/wp-content\/uploads\/2025\/11\/7570763.webp\" width=\"480\" height=\"320\" title=\"DRAMATISK SEILAS: Samuel var bare 18 \u00e5r da han var p\u00e5 ekspedisjon med Jarle Andh\u00f8y og seilb\u00e5ten \u00abBerserk\u00bb, som forsvant i S\u00f8rishavet da duoen var p\u00e5 vei mot Sydpolen.\" alt=\"\" loading=\"lazy\" style=\"\"\/><\/p>\n<p>\n            <b>DRAMATISK SEILAS: <\/b>Samuel var bare 18 \u00e5r da han var p\u00e5 ekspedisjon med Jarle Andh\u00f8y og seilb\u00e5ten \u00abBerserk\u00bb, som forsvant i S\u00f8rishavet da duoen var p\u00e5 vei mot Sydpolen.<br \/>\n            TORSTEN BLACKWOOD\n        <\/p>\n<p>De siste \u00e5rene har han imidlertid gjort suksess med to sesonger av sin helt egen TV-serie, \u00abSamuel og bestefar\u00bb. Her tok han med seg sin kreftsyke bestefar,\u00a0Arne Ulvolden (90), p\u00e5 spennende reiser til utlandet for \u00e5 oppfylle bestefarens gamle dr\u00f8mmer.<\/p>\n<p>Les ogs\u00e5: <a href=\"https:\/\/www.klikk.no\/underholdning\/julie-fra-a-laget-de-er-som-barna-mine-7572249\" rel=\"nofollow noopener\" target=\"_blank\">Julie fra \u00abA-laget\u00bb: \u2013 De er som barna mine<\/a><\/p>\n<p>Vanskelig dilemma<\/p>\n<p>I august rundet bestefar 90 \u00e5r, men formen spiller ikke p\u00e5 lag, og han har v\u00e6rt p\u00e5 sykehus i flere uker.<\/p>\n<p>\u2013 Han var med p\u00e5 en seilas som skulle g\u00e5 fra Oslo til Bergen med min nye b\u00e5t og arbeidet som mannskap. Over natten ble han pjusk fysisk, og s\u00e5 psykisk ikke lenge etter. Og med psykisk mener jeg at han sluttet \u00ab\u00e5 ville\u00bb.\u00a0 Igjen opplevdes han litt som den bestefaren jeg filmet i starten av prosjektet mitt, f\u00f8r vi reiste jorden rundt, forteller Samuel Massie til Her og N\u00e5.<\/p>\n<p>32-\u00e5ringen synes det er skikkelig vanskelig \u00e5 v\u00e6re p\u00e5r\u00f8rende.<\/p>\n<p>\u2013 Det \u00e5 se noen svinne hen og kanskje ikke ta de valgene du anser som best for dem, er vanskelig \u00e5 st\u00e5 i. N\u00e5r du \u00f8nsker \u00e5 respektere deres egne valg, men samtidig \u00f8nsker \u00e5 rive dem ut av den destruktive tilv\u00e6relsen s\u00e5 hardt du bare kan.<\/p>\n<p>Samuel f\u00f8ler at han blir st\u00e5ende i et evig dilemma mellom \u00e5 verne om bestefaren, eller om han skal presse p\u00e5 og utfordre ham.<\/p>\n<p>                <img decoding=\"async\" src=\"https:\/\/www.europesays.com\/no\/wp-content\/uploads\/2025\/11\/7570761.webp\" width=\"480\" height=\"236\" title=\"SPENNENDE SMAKER: Arne hadde alltid dr\u00f8mt om \u00e5 reise til India, og i sesong 2 av \u00abSamuel og bestefar\u00bb tok barnebarnet ham med p\u00e5 en spennende reise i verdens mest folkerike land.\" alt=\"\" loading=\"lazy\" style=\"\"\/><\/p>\n<p>\n            <b>SPENNENDE SMAKER:<\/b> Arne hadde alltid dr\u00f8mt om \u00e5 reise til India, og i sesong 2 av \u00abSamuel og bestefar\u00bb tok barnebarnet ham med p\u00e5 en spennende reise i verdens mest folkerike land.<br \/>\n            TV 2\n        <\/p>\n<p>\u2013 Uten omsorg blir alt feil, men samtidig ga det best utfall den gangen jeg pushet hardest. Da gikk bestefar fra \u00e5 v\u00e6re ferdig med livet, til at han noen \u00e5r etterp\u00e5 sa at de siste \u00e5rene hadde v\u00e6rt de beste i hans liv.\u00a0<\/p>\n<p>Det er bestefar Arne enig i.<\/p>\n<p>\u2013 Vi trenger alle kj\u00e6rlighet og omsorg, men det kan vises p\u00e5 mange forskjellige m\u00e5ter. Og vi trenger alle et vennlig dytt en gang iblant. Det er vel en del av omsorgen, det ogs\u00e5. Det har Samuel vist.\u00a0Men n\u00e5 skal jeg vise ham omsorg, og lage en kopp te til ham, forteller Arne til Her og N\u00e5.<\/p>\n<p>Les ogs\u00e5: (+) <a href=\"https:\/\/www.klikk.no\/historier\/en-kveld-pa-hytta-kom-ordene-jeg-aldri-glemmer-7568485\" rel=\"nofollow noopener\" target=\"_blank\">Leserne forteller: Jeg ante ingenting om det hun hadde b\u00e5ret p\u00e5. En kveld p\u00e5 hytta kom ordene jeg aldri glemmer<\/a><\/p>\n<p>Vil flytte sammen<\/p>\n<p>B\u00e5de Samuel og Arne har lyst til at bestefar skal flytte inn hos barnebarnet og hans kone, deres barn og bonusbarn n\u00e5r han blir skrevet ut fra sykehuset.<\/p>\n<p>                <img decoding=\"async\" src=\"https:\/\/www.europesays.com\/no\/wp-content\/uploads\/2025\/11\/7570757.webp\" width=\"480\" height=\"321\" title=\"AVSLAPPET I ANTARKTIS: I den aller siste episoden av \u00abSamuel og bestefar\u00bb kom de til Antarktis. Etterp\u00e5 gikk Samuel inn til Sydpolen og fikk opplevd dr\u00f8mmen som gikk i knus i 2011.\" alt=\"\" loading=\"lazy\" style=\"\"\/><\/p>\n<p>\n            <b>AVSLAPPET I ANTARKTIS:<\/b> I den aller siste episoden av \u00abSamuel og bestefar\u00bb kom de til Antarktis. Etterp\u00e5 gikk Samuel inn til Sydpolen og fikk opplevd dr\u00f8mmen som gikk i knus i 2011.<br \/>\n            TV 2\n        <\/p>\n<p>\u2013 N\u00e5 har 14 dagers korttidsopphold blitt til over seks uker, men heldigvis har jeg troen. Han blir et snev bedre hver dag, tror jeg. Og s\u00e5 n\u00e5r motivasjonen er der, kan jeg begynne \u00e5 fikse sm\u00e5ting som \u00e5 gj\u00f8re hjemmet mer aldersvennlig. Men hvis jeg f\u00e5r det p\u00e5 min m\u00e5te, f\u00e5r han v\u00e6re med p\u00e5 \u00e5 pusse opp til det selv!<\/p>\n<p>Samuel og familien ser p\u00e5 det som en ressurs \u00e5 f\u00e5 Arne inn i hjemmet selv om han er 90 \u00e5r og syk.<\/p>\n<p>\u2013 Oldefar er verdens kuleste, og hvem vil vel ikke ha en \u00absyvende far i huset\u00bb i hj\u00f8rnet?\u00a0<\/p>\n<p>Arne forteller om et fantastisk forhold til oldebarna, og han \u00f8nsker \u00e5 bo sammen med dem for \u00e5 kjenne p\u00e5 fellesskapet med den n\u00e6rmeste familien. Han f\u00f8ler at Samuel har s\u00e5 mye omsorg for ham at han nok er i de beste hender.<\/p>\n<p>\u2013 Og der kan jeg pusle med alt jeg liker. Og f\u00e5 hjelp med den digitale verden ogs\u00e5, forklarer 90-\u00e5ringen.<\/p>\n<p>Les ogs\u00e5: <a href=\"https:\/\/www.klikk.no\/underholdning\/stellan-skarsgards-atte-barn-to-folger-ikke-i-hans-fotspor-7570952\" rel=\"nofollow noopener\" target=\"_blank\">Stellan Skarsg\u00e5rds \u00e5tte barn: Kun to g\u00e5r ikke i hans fotspor<\/a><\/p>\n<p>Et eventyr<\/p>\n<p>Barnebarn og bestefar deler mange minner gjennom over 30 \u00e5r sammen, men \u00abSamuel og bestefar\u00bb har gitt ekstra gode opplevelser.<\/p>\n<p>\u2013 Det er vanskelig \u00e5 velge \u00e9n, men motorsykkelturen over Andesfjellene st\u00e5r h\u00f8yt. Tenk \u00e5 dr\u00f8mme om noe i over 70 \u00e5r, forteller Arne som setter stor pris p\u00e5 Samuels personlighet og omsorg.<\/p>\n<p>                <img decoding=\"async\" src=\"https:\/\/www.europesays.com\/no\/wp-content\/uploads\/2025\/11\/7570759.webp\" width=\"480\" height=\"321\" title=\"DANSEDILLA: I 2015 havnet Samuel p\u00e5 tredjeplass da han deltok i \u00abSkal vi danse\u00bb med proffdanseren Marianne Sandaker. Bestefar var p\u00e5 plass for \u00e5 gratulere! \u00c5ret etter ble Samuel programleder for samme program.\" alt=\"\" loading=\"lazy\" style=\"\"\/><\/p>\n<p>\n            <b>DANSEDILLA:<\/b> I 2015 havnet Samuel p\u00e5 tredjeplass da han deltok i \u00abSkal vi danse\u00bb med proffdanseren Marianne Sandaker. Bestefar var p\u00e5 plass for \u00e5 gratulere! \u00c5ret etter ble Samuel programleder for samme program.<br \/>\n            Frode Hansen\n        <\/p>\n<p>Han f\u00f8ler seg heldig som har et barnebarn som ham.\u00a0<\/p>\n<p>\u2013 Helt utrolig! Og han har l\u00e6rt meg veldig mye. Han har faktisk l\u00e6rt meg kunsten \u00e5 leve, og tenk det i en alder av over 80 \u00e5r!\u00a0Det er et eventyr. Han har tatt meg med p\u00e5 ting jeg aldri hadde dr\u00f8mt om \u00e5 f\u00e5 oppleve, og jeg f\u00f8ler meg rett og slett yngre i hans selskap. Han har gitt meg et nytt liv!<\/p>\n<p>Planen er fremdeles \u00e5 reise rundt i landet og fortelle deres felles historie.<\/p>\n<p>                <img decoding=\"async\" src=\"https:\/\/www.europesays.com\/no\/wp-content\/uploads\/2025\/11\/7570753.webp\" width=\"480\" height=\"279\" title=\"UT P\u00c5 TUR: I en fargesprakende bobil har Samuel og Arne reist p\u00e5 kryss og tvers i Europa i tillegg til turer til Asia, S\u00f8r-Amerika og Antarktis.\" alt=\"\" loading=\"lazy\" style=\"\"\/><\/p>\n<p>\n            <b>UT P\u00c5 TUR:<\/b> I en fargesprakende bobil har Samuel og Arne reist p\u00e5 kryss og tvers i Europa i tillegg til turer til Asia, S\u00f8r-Amerika og Antarktis.<br \/>\n            TV 2\n        <\/p>\n<p>\u2013 Bestefar er den mest inspirerende personen jeg kjenner, og det krever sin person \u00e5 hive seg rundt i livet sitt godt opp i 80-\u00e5rene. Det er jo et bevis p\u00e5 at det aldri er for sent. Han m\u00e5 bare bli frisk nok f\u00f8rst.<\/p>\n<p>Radarparet er ogs\u00e5 bokaktuelle sammen med \u00abKunsten \u00e5 leve\u00bb.<\/p>\n<p>\u2013 Det er en reisebok som forteller om hvordan en kreftsyk 84-\u00e5ring kan g\u00e5 fra \u00e5 ikke ville leve lenger til \u00e5 danse tango i Argentina, krysse kontinentet p\u00e5 en motorsykkel, bli kidnappet av banditter og ofre alt for et hopp i fallskjerm. Men enda viktigere er det en indre reise som handler om livet, angeren som f\u00f8lger i veivalg, om ting man aldri kan gj\u00f8re noe med og ikke minst relasjonene rundt oss, forklarer Samuel.<\/p>\n","protected":false},"excerpt":{"rendered":"Samuel Massie tok med sin syke bestefar verden rundt. N\u00e5 er Arne Ulvolden p\u00e5 sykehus, men begge h\u00e5per&hellip;\n","protected":false},"author":2,"featured_media":80812,"comment_status":"","ping_status":"","sticky":false,"template":"","format":"standard","meta":{"footnotes":""},"categories":[58],"tags":[71,30,28,29,72],"class_list":{"0":"post-80811","1":"post","2":"type-post","3":"status-publish","4":"format-standard","5":"has-post-thumbnail","7":"category-underholdning","8":"tag-entertainment","9":"tag-no","10":"tag-norge","11":"tag-norway","12":"tag-underholdning"},"share_on_mastodon":{"url":"https:\/\/pubeurope.com\/@no\/115507884533673663","error":""},"_links":{"self":[{"href":"https:\/\/www.europesays.com\/no\/wp-json\/wp\/v2\/posts\/80811","targetHints":{"allow":["GET"]}}],"collection":[{"href":"https:\/\/www.europesays.com\/no\/wp-json\/wp\/v2\/posts"}],"about":[{"href":"https:\/\/www.europesays.com\/no\/wp-json\/wp\/v2\/types\/post"}],"author":[{"embeddable":true,"href":"https:\/\/www.europesays.com\/no\/wp-json\/wp\/v2\/users\/2"}],"replies":[{"embeddable":true,"href":"https:\/\/www.europesays.com\/no\/wp-json\/wp\/v2\/comments?post=80811"}],"version-history":[{"count":0,"href":"https:\/\/www.europesays.com\/no\/wp-json\/wp\/v2\/posts\/80811\/revisions"}],"wp:featuredmedia":[{"embeddable":true,"href":"https:\/\/www.europesays.com\/no\/wp-json\/wp\/v2\/media\/80812"}],"wp:attachment":[{"href":"https:\/\/www.europesays.com\/no\/wp-json\/wp\/v2\/media?parent=80811"}],"wp:term":[{"taxonomy":"category","embeddable":true,"href":"https:\/\/www.europesays.com\/no\/wp-json\/wp\/v2\/categories?post=80811"},{"taxonomy":"post_tag","embeddable":true,"href":"https:\/\/www.europesays.com\/no\/wp-json\/wp\/v2\/tags?post=80811"}],"curies":[{"name":"wp","href":"https:\/\/api.w.org\/{rel}","templated":true}]}}