{"id":80827,"date":"2025-11-07T10:31:12","date_gmt":"2025-11-07T10:31:12","guid":{"rendered":"https:\/\/www.europesays.com\/no\/80827\/"},"modified":"2025-11-07T10:31:12","modified_gmt":"2025-11-07T10:31:12","slug":"nord-norge-er-the-shit-for-tiden","status":"publish","type":"post","link":"https:\/\/www.europesays.com\/no\/80827\/","title":{"rendered":"\u2013 Nord-Norge er \u00abthe shit\u00bb for tiden"},"content":{"rendered":"\n<p class=\"_lead_o9xde_2 _lead_xtcu6_50 layout-component text-serif-m layout-normal text-serif-l layout-component layout-wide layout-padded _wide_17hqh_1 layout-padded\">Og det m\u00e5 gjenspeiles i H\u00f8yres ledelse, mener nordnorske H\u00f8yre-topper.<\/p>\n<p><img alt=\"Nordnorske H\u00f8yre-topper mener den nye H\u00f8yre-ledelsen b\u00f8r se mot nord. Her representert ved Bod\u00f8 i all sin prakt.  Foto: H\u00e5kon Mosvold Larsen \/ NTB\" class=\"_image_qp4xg_65 layout-component layout-wide\" data-fullscreen- data-track-element-type=\"Article image fullscreen\" data-track-name=\"ImageFullscreen\" fetchpriority=\"high\" decoding=\"sync\" loading=\"eager\" height=\"3079\" itemprop=\"image\"  src=\"https:\/\/www.europesays.com\/no\/wp-content\/uploads\/2025\/11\/6d18a6c0-265f-453e-bf99-df4e91175e8f\"  style=\"object-position:0% 0%\" width=\"4618\"\/>Nordnorske H\u00f8yre-topper mener den nye H\u00f8yre-ledelsen b\u00f8r se mot nord. Her representert ved Bod\u00f8 i all sin prakt.  Foto: H\u00e5kon Mosvold Larsen \/ NTB<\/p>\n<ul aria-hidden=\"true\" class=\"_images_18f0k_111\">\n<li><a class=\"_link_18f0k_116\" href=\"https:\/\/www.vg.no\/forfatter\/anne-sofie-roennfeldt\" style=\"z-index:2\" title=\"Anne Sofie R\u00f8nnfeldt\" rel=\"nofollow noopener\" target=\"_blank\"><img alt=\"Bilde av Anne Sofie R\u00f8nnfeldt\" class=\"_image_18f0k_93\" fetchpriority=\"low\" loading=\"lazy\" decoding=\"async\" itemprop=\"image\"  src=\"https:\/\/www.europesays.com\/no\/wp-content\/uploads\/2025\/11\/1762511469_507_4634311d-064a-4086-be75-18a6e8a88835\"  width=\"480\"\/><\/a><\/li>\n<li><a class=\"_link_18f0k_116\" href=\"https:\/\/www.vg.no\/forfatter\/martin-laegland\" style=\"z-index:1\" title=\"Martin L\u00e6gland\" rel=\"nofollow noopener\" target=\"_blank\"><img alt=\"Bilde av Martin L\u00e6gland\" class=\"_image_18f0k_93\" fetchpriority=\"low\" loading=\"lazy\" decoding=\"async\" itemprop=\"image\"  src=\"https:\/\/www.europesays.com\/no\/wp-content\/uploads\/2025\/11\/1762511469_267_1d252117-c6eb-46e9-84ad-c09428caf56e\"  width=\"480\"\/><\/a><\/li>\n<\/ul>\n<p> Oppdatert fredag 7. november kl. 06:18    <\/p>\n<ul class=\"_list_o9xde_3 _list_64s2r_85 _unordered_o9xde_106 text-sans-m\">\n<li class=\"_item_o9xde_30\">Nordnorske H\u00f8yre-topper vil representeres i partiledelsen.<\/li>\n<li class=\"_item_o9xde_30\">Lena Breivik og Nina Dons-Hansen fremhever Nord-Norges rolle i totalforsvaret som viktig argument.<\/li>\n<li class=\"_item_o9xde_30\">Fylkene Nordland, Troms og Finnmark samarbeider for \u00e5 sikre en kandidat fra nord.<\/li>\n<\/ul>\n<p>Vis mer <\/p>\n<p class=\"_paragraph_o9xde_4 _paragraph_xtcu6_10 layout-component text-serif-m layout-normal text-serif-m layout-padded\">Knivene slipes i H\u00f8yre. Torsdag morgen kastet storfavoritten Ine Eriksen S\u00f8reide seg offisielt inn i kampen om ledervervet, og samtlige stilte seg umiddelbart bak henne. <\/p>\n<p class=\"_paragraph_o9xde_4 _paragraph_xtcu6_10 layout-component text-serif-m layout-normal text-serif-m layout-padded\">Men H\u00f8yres valgkomit\u00e9 skal ogs\u00e5 legge kabalen med to nestledere og resten av arbeidsutvalget, som i dag kun best\u00e5r av representanter fra S\u00f8r-Norge<\/p>\n<p><img alt=\"H\u00f8yre-leder Erna Solberg i Alta tidligere i \u00e5r.  Foto: Bj\u00f8rn Haugan \/ VG\" class=\"_image_qp4xg_65 layout-component layout-normal\" data-fullscreen- data-track-element-type=\"Article image fullscreen\" data-track-name=\"ImageFullscreen\" decoding=\"async\" loading=\"lazy\" height=\"2784\" itemprop=\"image\"  src=\"https:\/\/www.europesays.com\/no\/wp-content\/uploads\/2025\/11\/0b7e0279-a5bb-416c-b893-a3881c5621cc\"  style=\"object-position:0% 0%\" width=\"3868\"\/>H\u00f8yre-leder Erna Solberg i Alta tidligere i \u00e5r.  Foto: Bj\u00f8rn Haugan \/ VG<\/p>\n<p class=\"_paragraph_o9xde_4 _paragraph_xtcu6_10 layout-component text-serif-m layout-normal text-serif-m layout-padded\">\u2013 Jeg synes det er trist at vi n\u00e5 ikke har en representant i ledelsen fra Nord-Norge. Vi har absolutt gode nok kandidater, s\u00e5 det er noe jeg forventer og h\u00e5per at valgkomiteen gj\u00f8r noe med n\u00e5, sier Lena Breivik, som er nyvalgt fylkesleder i Nordland H\u00f8yre. <\/p>\n<p><img decoding=\"async\" alt=\"Bilde av Lena Breivik\" class=\"_image_ygndg_42\" height=\"37\" itemprop=\"image\" loading=\"lazy\"  src=\"https:\/\/www.europesays.com\/no\/wp-content\/uploads\/2025\/11\/527f7ea0-a146-431d-828e-73ee299f6a8a\"  width=\"40\"\/><strong class=\"_name_ygndg_51 title-serif-xs\">Lena Breivik<\/strong><\/p>\n<p class=\"_paragraph_o9xde_4 text-sans-m _description_ygndg_56\">Fylkesleder, Nordland H\u00f8yre<\/p>\n<p class=\"_paragraph_o9xde_4 _paragraph_xtcu6_10 layout-component text-serif-m layout-normal text-serif-m layout-padded\">\u2013 Vi har en gyllen mulighet til \u00e5 gj\u00f8re noe med dette, for \u00e5 unng\u00e5 at H\u00f8yre blir et byparti. H\u00f8yre skal v\u00e6re for hele Norge, og det m\u00e5 ogs\u00e5 gjenspeiles i ledelsen.<\/p>\n<p> Vil samarbeide<\/p>\n<p class=\"_paragraph_o9xde_4 _paragraph_xtcu6_10 layout-component text-serif-m layout-normal text-serif-m layout-padded\">Den nyvalgte fylkeslederen opplyser at de tre nordligste fylkene, Nordland, Troms og Finnmark, har hatt m\u00f8ter i forbindelse med innspill av kandidater til den nye H\u00f8yre-ledelsen. <\/p>\n<p class=\"_paragraph_o9xde_4 _paragraph_xtcu6_10 layout-component text-serif-m layout-normal text-serif-m layout-padded\">Planen er at de tre fylkene skal fors\u00f8ke \u00e5 operere som en blokk, for \u00e5 f\u00e5 en kandidat fra nord inn i ledelsen.<\/p>\n<p><img alt=\"Foto: Helge Mikalsen \/ VG\" class=\"_image_qp4xg_65 layout-component layout-normal\" data-fullscreen- data-track-element-type=\"Article image fullscreen\" data-track-name=\"ImageFullscreen\" decoding=\"async\" loading=\"lazy\" height=\"5504\" itemprop=\"image\"  src=\"https:\/\/www.europesays.com\/no\/wp-content\/uploads\/2025\/11\/9af495c8-bc25-4cda-9529-f2f398d37828\"  style=\"object-position:0% 0%\" width=\"8256\"\/>Foto: Helge Mikalsen \/ VGDisse navnene peker Nord-Norge p\u00e5<\/p>\n<p class=\"_paragraph_o9xde_4 _paragraph_xtcu6_10 _paragraph_16v91_10 layout-component text-serif-m layout-normal text-sans-m layout-padded\"><strong class=\"_strong_o9xde_25\">Nordland<\/strong><\/p>\n<ul class=\"_list_o9xde_3 _list_xtcu6_9 _list_16v91_9 _unordered_o9xde_106 layout-component text-serif-m layout-normal text-sans-m layout-padded\">\n<li class=\"_item_o9xde_30\">Odd Emil Ingebrigtsen<\/li>\n<li class=\"_item_o9xde_30\">B\u00e5rd Ludvig Thorheim<\/li>\n<li class=\"_item_o9xde_30\">Marianne Dobak Kvensj\u00f8<\/li>\n<\/ul>\n<p class=\"_paragraph_o9xde_4 _paragraph_xtcu6_10 _paragraph_16v91_10 layout-component text-serif-m layout-normal text-sans-m layout-padded\"><strong class=\"_strong_o9xde_25\">Troms<\/strong><\/p>\n<ul class=\"_list_o9xde_3 _list_xtcu6_9 _list_16v91_9 _unordered_o9xde_106 layout-component text-serif-m layout-normal text-sans-m layout-padded\">\n<li class=\"_item_o9xde_30\">Erlend Svardal B\u00f8e <\/li>\n<li class=\"_item_o9xde_30\">Cecilie Mathisen<\/li>\n<li class=\"_item_o9xde_30\">Nina Dons-Hansen<\/li>\n<li class=\"_item_o9xde_30\">Martin Nymo<\/li>\n<li class=\"_item_o9xde_30\">Geir-Inge Sivertsen<\/li>\n<\/ul>\n<p class=\"_paragraph_o9xde_4 _paragraph_xtcu6_10 _paragraph_16v91_10 layout-component text-serif-m layout-normal text-sans-m layout-padded\">Finnmark H\u00f8yre \u00f8nsker ikke dele hvilke kandidater de peker p\u00e5.<\/p>\n<p>Vis mer<\/p>\n<p class=\"_paragraph_o9xde_4 _paragraph_xtcu6_10 layout-component text-serif-m layout-normal text-serif-m layout-padded\">Ledelsen i H\u00f8yre best\u00e5r i dag av syv personer, som inkluderer partileder og to nestledere. <\/p>\n<p class=\"_paragraph_o9xde_4 _paragraph_xtcu6_10 layout-component text-serif-m layout-normal text-serif-m layout-padded\">\u2013 Etter at innstillingen er klar, s\u00e5 skal vi se om vi kan enes om den. Det er alltid veldig bra om Nord-Norge klarer \u00e5 st\u00e5 sammen. Vi kan ha andre utfordringer enn de som oppleves p\u00e5 det sentrale \u00f8stlandet, sier hun.<\/p>\n<ul class=\"_gallery_1qa3s_23\" tabindex=\"0\">\n<li class=\"_item_1qa3s_37\" data-index=\"0\"><img decoding=\"async\" class=\"_image_foru8_23 _articleGallery_foru8_39\" data-fullscreen- width=\"8640\" height=\"5760\" itemprop=\"image\" loading=\"lazy\"  src=\"https:\/\/www.europesays.com\/no\/wp-content\/uploads\/2025\/11\/94668030-373e-41d4-a7ca-7018f973ae57\"  style=\"object-position:50% 50%;aspect-ratio:var(--gallery-aspect-ratio, 16 \/ 9)\"\/>\u2014 Det er bare \u00e5 peise p\u00e5! sier stortingsrepresentant Erland Svardal B\u00f8e til VG. Han vil bli nestleder i H\u00f8yre.  Foto: helen wesnes \/ VG<\/li>\n<li class=\"_item_1qa3s_37\" data-index=\"1\"><img decoding=\"async\" class=\"_image_foru8_23 _articleGallery_foru8_39\" data-fullscreen- width=\"8025\" height=\"5391\" itemprop=\"image\" loading=\"lazy\"  src=\"https:\/\/www.europesays.com\/no\/wp-content\/uploads\/2025\/11\/d71d1bae-9503-48fa-90ec-1b7b01389967\"  style=\"object-position:50% 50%;aspect-ratio:var(--gallery-aspect-ratio, 16 \/ 9)\"\/>\u2013 Der er veldig hyggelig \u00e5 v\u00e6re \u00f8nsket i H\u00f8yres ledelse. Hvis valgkomiteen mener jeg er aktuell stiller jeg gjerne til en prat, skriver stortingsrepresentant B\u00e5rd Ludvig Thorheim i en SMS til VG. Foto: G\u00f8ran Bohlin \/ VG<\/li>\n<li class=\"_item_1qa3s_37\" data-index=\"2\"><img decoding=\"async\" class=\"_image_foru8_23 _articleGallery_foru8_39\" data-fullscreen- width=\"8256\" height=\"5504\" itemprop=\"image\" loading=\"lazy\"  src=\"https:\/\/www.europesays.com\/no\/wp-content\/uploads\/2025\/11\/81621f76-2099-4c79-a60a-4d97825bde33\"  style=\"object-position:50% 50%;aspect-ratio:var(--gallery-aspect-ratio, 16 \/ 9)\"\/>\u2013 Kommunene st\u00e5r for hverdagsvelferden, som er grunnleggende for alle norske innbyggere. Denne velferden st\u00e5r overfor sv\u00e6rt store utfordringer i \u00e5rene fremover. Derfor er jeg opptatt av at H\u00f8yres ledelse m\u00e5 speile b\u00e5de dette og at distrikts-Norge er representert, sier Odd Emil Ingebritsen som i dag er ordf\u00f8rer i Bod\u00f8.  Foto: Lars Martin Hunstad \/ VG<\/li>\n<\/ul>\n<p>\u2014 Det er bare \u00e5 peise p\u00e5! sier stortingsrepresentant Erland Svardal B\u00f8e til VG. Han vil bli nestleder i H\u00f8yre.  Foto: helen wesnes \/ VG<\/p>\n<p class=\"_paragraph_o9xde_4 _paragraph_xtcu6_10 layout-component text-serif-m layout-normal text-serif-m layout-padded\">B\u00e5de Breivik, og hennes partikollega i Troms Nina Dons-Hansen, peker begge p\u00e5 utviklingen av totalforsvaret og sikkerhetspolitikk som argumenter for \u00e5 f\u00e5 en stemme fra nord inn i ledelsen. <\/p>\n<p class=\"_paragraph_o9xde_4 _paragraph_xtcu6_10 layout-component text-serif-m layout-normal text-serif-m layout-padded\">\u2013 Vi er Norges viktigste forsvarspolitiske region. Det er faktisk et av de beste argumentene for at vi m\u00e5 v\u00e6re representert i ledelsen, sier Dons-Hansen. <\/p>\n<p class=\"_paragraph_o9xde_4 _paragraph_xtcu6_10 layout-component text-serif-m layout-normal text-serif-m layout-padded\">Hun er vararepresentant til Stortinget og nestleder i Troms H\u00f8yre. Dons-Hansen uttaler seg om valg av ny ledelse, da fylkesleder i Troms Benjamin Furuly sitter i valgkomiteen. <\/p>\n<p><img decoding=\"async\" alt=\"Bilde av Nina Dons-Hansen\" class=\"_image_ygndg_42\" height=\"27\" itemprop=\"image\" loading=\"lazy\"  src=\"https:\/\/www.europesays.com\/no\/wp-content\/uploads\/2025\/11\/a4354885-fdd4-4ea7-aac1-51434dabbe59\"  width=\"40\"\/><strong class=\"_name_ygndg_51 title-serif-xs\">Nina Dons-Hansen<\/strong><\/p>\n<p class=\"_paragraph_o9xde_4 text-sans-m _description_ygndg_56\">Vararepresentant til Stortinget og nestleder, Troms H\u00f8yre<\/p>\n<p class=\"_paragraph_o9xde_4 _paragraph_xtcu6_10 layout-component text-serif-m layout-normal text-serif-m layout-padded\">\u2013 Det er her Nato har sine \u00f8velser, det er her oppe H\u00e6ren har sitt tyngdepunkt, og vi har ogs\u00e5 sj\u00f8forsvar og luftforsvar sterkt til stede i nord. Den utbyggingen som n\u00e5r skjer i Forsvaret gj\u00f8r at vi er og blir en utrolig viktig region n\u00e5r ny politikk skal utvikles.<\/p>\n<p class=\"_paragraph_o9xde_4 _paragraph_xtcu6_10 layout-component text-serif-m layout-normal text-serif-m layout-padded\">\u2013 Nord-Norge er \u00abthe shit\u00bb for tiden. Det er her det skjer. Det m\u00e5 ogs\u00e5 gjenspeiles i H\u00f8yre sin ledelse, men det er ogs\u00e5 en oppfordring til alle partiene p\u00e5 Stortinget om \u00e5 v\u00e5kne opp.<\/p>\n<p class=\"_paragraph_o9xde_4 _paragraph_xtcu6_10 layout-component text-serif-m layout-normal text-serif-m layout-padded\">Vil du leke valgkomit\u00e9 i H\u00f8yre? Legg din lederkabal her:<\/p>\n<p> Erfaring fra Kommune-Norge<\/p>\n<p class=\"_paragraph_o9xde_4 _paragraph_xtcu6_10 layout-component text-serif-m layout-normal text-serif-m layout-padded\">B\u00e5de Dons-Hansen og Breivik etterlyser ogs\u00e5 erfaring fra Kommune-Norge n\u00e5r den nye ledelsen skal settes sammen.<\/p>\n<p class=\"_paragraph_o9xde_4 _paragraph_xtcu6_10 layout-component text-serif-m layout-normal text-serif-m layout-padded\">\u2013 Det er i Kommune-Norge folk bor. Det b\u00f8r v\u00e6re plass til folk i ledelsen som har kunnskap og erfaring om disse omr\u00e5dene, sier Breivik.<\/p>\n<p class=\"_paragraph_o9xde_4 _paragraph_xtcu6_10 layout-component text-serif-m layout-normal text-serif-m layout-padded\">Begge H\u00f8yre-politikerne understreker samtidig at de har tillit til valgkomiteen og prosessen som n\u00e5 p\u00e5g\u00e5r.<\/p>\n<p class=\"_paragraph_o9xde_4 _paragraph_xtcu6_10 layout-component text-serif-m layout-normal text-serif-m layout-padded\">\u2013 Det er en kjempespennende prosess, og valgkomiteen har en stor jobb foran seg. For meg er selvf\u00f8lgelig det viktigste at det er de rette kandidatene som blir med i ledelsen, at de har den rette kunnskapen og den er godt sammensatt. For oss i Nord-Norge er det ogs\u00e5 viktig at de er representert fra hele landet, sier Breivik. <\/p>\n","protected":false},"excerpt":{"rendered":"Og det m\u00e5 gjenspeiles i H\u00f8yres ledelse, mener nordnorske H\u00f8yre-topper. Nordnorske H\u00f8yre-topper mener den nye H\u00f8yre-ledelsen b\u00f8r se&hellip;\n","protected":false},"author":2,"featured_media":80828,"comment_status":"","ping_status":"","sticky":false,"template":"","format":"standard","meta":{"footnotes":""},"categories":[5],"tags":[20,21,24,25,15,19,1213,22,23,17,18,13,30,28,281,29,14,16,26,27,205],"class_list":{"0":"post-80827","1":"post","2":"type-post","3":"status-publish","4":"format-standard","5":"has-post-thumbnail","7":"category-overskrifter","8":"tag-breaking-news","9":"tag-breakingnews","10":"tag-featured-news","11":"tag-featurednews","12":"tag-headlines","13":"tag-hovedoppslag","14":"tag-hoyre-h","15":"tag-latest-news","16":"tag-latestnews","17":"tag-main-news","18":"tag-mainnews","19":"tag-news","20":"tag-no","21":"tag-norge","22":"tag-norsk-politikk","23":"tag-norway","24":"tag-nyheter","25":"tag-overskrifter","26":"tag-top-stories","27":"tag-topstories","28":"tag-vgsamfunn"},"share_on_mastodon":{"url":"https:\/\/pubeurope.com\/@no\/115507959660907028","error":""},"_links":{"self":[{"href":"https:\/\/www.europesays.com\/no\/wp-json\/wp\/v2\/posts\/80827","targetHints":{"allow":["GET"]}}],"collection":[{"href":"https:\/\/www.europesays.com\/no\/wp-json\/wp\/v2\/posts"}],"about":[{"href":"https:\/\/www.europesays.com\/no\/wp-json\/wp\/v2\/types\/post"}],"author":[{"embeddable":true,"href":"https:\/\/www.europesays.com\/no\/wp-json\/wp\/v2\/users\/2"}],"replies":[{"embeddable":true,"href":"https:\/\/www.europesays.com\/no\/wp-json\/wp\/v2\/comments?post=80827"}],"version-history":[{"count":0,"href":"https:\/\/www.europesays.com\/no\/wp-json\/wp\/v2\/posts\/80827\/revisions"}],"wp:featuredmedia":[{"embeddable":true,"href":"https:\/\/www.europesays.com\/no\/wp-json\/wp\/v2\/media\/80828"}],"wp:attachment":[{"href":"https:\/\/www.europesays.com\/no\/wp-json\/wp\/v2\/media?parent=80827"}],"wp:term":[{"taxonomy":"category","embeddable":true,"href":"https:\/\/www.europesays.com\/no\/wp-json\/wp\/v2\/categories?post=80827"},{"taxonomy":"post_tag","embeddable":true,"href":"https:\/\/www.europesays.com\/no\/wp-json\/wp\/v2\/tags?post=80827"}],"curies":[{"name":"wp","href":"https:\/\/api.w.org\/{rel}","templated":true}]}}