{"id":80866,"date":"2025-11-07T11:14:43","date_gmt":"2025-11-07T11:14:43","guid":{"rendered":"https:\/\/www.europesays.com\/no\/80866\/"},"modified":"2025-11-07T11:14:43","modified_gmt":"2025-11-07T11:14:43","slug":"japan-setter-inn-soldater-etter-rekordmange-bjorneangrep","status":"publish","type":"post","link":"https:\/\/www.europesays.com\/no\/80866\/","title":{"rendered":"Japan setter inn soldater etter rekordmange bj\u00f8rneangrep"},"content":{"rendered":"<p><strong>Japanske myndigheter har sendt soldater til den nordlige delen av landet for \u00e5 bist\u00e5 i arbeidet med \u00e5 fange bj\u00f8rner etter en kraftig \u00f8kning i d\u00f8delige angrep. Bare siden april har over 100 mennesker blitt angrepet, og 12 drept \u2013 det h\u00f8yeste tallet som noen gang er registrert.<\/strong><\/p>\n<p>Operasjonen startet i byen Kazuno, der innbyggerne i flere uker har blitt advart mot \u00e5 ferdes i skogen og bedt om \u00e5 holde seg innend\u00f8rs etter m\u00f8rkets frembrudd. Soldatene hjelper lokale myndigheter med \u00e5 sette ut og inspisere st\u00e5lfeller som senere blir brukt av jegere til \u00e5 fange og avlive bj\u00f8rner.<\/p>\n<p>\u2013 Selv om det bare er midlertidig, er hjelpen fra selvforsvarsstyrkene en stor lettelse. Jeg pleide \u00e5 tro at bj\u00f8rner alltid stakk av n\u00e5r de h\u00f8rte mennesker, men n\u00e5 kommer de imot deg. De er virkelig skremmende dyr, sier Yasuhiro Kitakata, som leder bj\u00f8rneavdelingen i Kazuno til <a href=\"https:\/\/www.reuters.com\/business\/environment\/japan-sends-troops-combat-deadly-wave-bear-attacks-2025-11-05\/\" rel=\"nofollow noopener\" target=\"_blank\">Reuters<\/a>.<\/p>\n<p>If\u00f8lge milj\u00f8departementet har antallet bj\u00f8rneobservasjoner i Akita fylke \u00f8kt seks ganger sammenlignet med i fjor, og angrepene er ventet \u00e5 sette ny rekord. Borgermester Shinji Sasamoto forteller at frykten preger hverdagen i lokalsamfunnet og at flere arrangementer har blitt avlyst.<\/p>\n<p>\u2013 Innbyggerne f\u00f8ler faren hver eneste dag. Det har p\u00e5virket hvordan folk lever, og mange unng\u00e5r \u00e5 g\u00e5 ut, sier Sasamoto.<\/p>\n<p>Myndighetene peker p\u00e5 klimaendringer, mindre mattilgang i fjellet og fraflytting i bygdene som \u00e5rsaker til at bj\u00f8rnene trekker n\u00e6rmere mennesker. Regjeringen planlegger n\u00e5 en krisepakke som skal styrke jegerberedskapen og gj\u00f8re det enklere \u00e5 skyte bj\u00f8rner i tettbygde str\u00f8k.<\/p>\n","protected":false},"excerpt":{"rendered":"Japanske myndigheter har sendt soldater til den nordlige delen av landet for \u00e5 bist\u00e5 i arbeidet med \u00e5&hellip;\n","protected":false},"author":2,"featured_media":80867,"comment_status":"","ping_status":"","sticky":false,"template":"","format":"standard","meta":{"footnotes":""},"categories":[12],"tags":[10977,20,21,24,25,15,1192,22,23,4737,13,30,28,29,14,16,26,27,42,43,44,45],"class_list":{"0":"post-80866","1":"post","2":"type-post","3":"status-publish","4":"format-standard","5":"has-post-thumbnail","7":"category-verden","8":"tag-bjorneangrep","9":"tag-breaking-news","10":"tag-breakingnews","11":"tag-featured-news","12":"tag-featurednews","13":"tag-headlines","14":"tag-japan","15":"tag-latest-news","16":"tag-latestnews","17":"tag-militaeret","18":"tag-news","19":"tag-no","20":"tag-norge","21":"tag-norway","22":"tag-nyheter","23":"tag-overskrifter","24":"tag-top-stories","25":"tag-topstories","26":"tag-verden","27":"tag-world","28":"tag-world-news","29":"tag-worldnews"},"share_on_mastodon":{"url":"https:\/\/pubeurope.com\/@no\/115508128288735064","error":""},"_links":{"self":[{"href":"https:\/\/www.europesays.com\/no\/wp-json\/wp\/v2\/posts\/80866","targetHints":{"allow":["GET"]}}],"collection":[{"href":"https:\/\/www.europesays.com\/no\/wp-json\/wp\/v2\/posts"}],"about":[{"href":"https:\/\/www.europesays.com\/no\/wp-json\/wp\/v2\/types\/post"}],"author":[{"embeddable":true,"href":"https:\/\/www.europesays.com\/no\/wp-json\/wp\/v2\/users\/2"}],"replies":[{"embeddable":true,"href":"https:\/\/www.europesays.com\/no\/wp-json\/wp\/v2\/comments?post=80866"}],"version-history":[{"count":0,"href":"https:\/\/www.europesays.com\/no\/wp-json\/wp\/v2\/posts\/80866\/revisions"}],"wp:featuredmedia":[{"embeddable":true,"href":"https:\/\/www.europesays.com\/no\/wp-json\/wp\/v2\/media\/80867"}],"wp:attachment":[{"href":"https:\/\/www.europesays.com\/no\/wp-json\/wp\/v2\/media?parent=80866"}],"wp:term":[{"taxonomy":"category","embeddable":true,"href":"https:\/\/www.europesays.com\/no\/wp-json\/wp\/v2\/categories?post=80866"},{"taxonomy":"post_tag","embeddable":true,"href":"https:\/\/www.europesays.com\/no\/wp-json\/wp\/v2\/tags?post=80866"}],"curies":[{"name":"wp","href":"https:\/\/api.w.org\/{rel}","templated":true}]}}