{"id":81011,"date":"2025-11-07T13:34:40","date_gmt":"2025-11-07T13:34:40","guid":{"rendered":"https:\/\/www.europesays.com\/no\/81011\/"},"modified":"2025-11-07T13:34:40","modified_gmt":"2025-11-07T13:34:40","slug":"angelina-jolies-hemmelige-ukraina-besok-dramatisk-vending-med-militaer-innkalling-dagbladet","status":"publish","type":"post","link":"https:\/\/www.europesays.com\/no\/81011\/","title":{"rendered":"Angelina Jolies hemmelige Ukraina-bes\u00f8k: Dramatisk vending med milit\u00e6r innkalling &#8211; Dagbladet"},"content":{"rendered":"<ol>\n<li><a href=\"https:\/\/news.google.com\/rss\/articles\/CBMia0FVX3lxTFA1R1NiTWdMdkNkNGxGZzl4Y1QwR1l5YWhmUDE5RkR4OWh1U3doLVJ4N0pNMmhCa2VDMFpJa3N4WmRqeVZvQjlyclI0NkVhOTlrRXhTRHdQRFRfSUlEdVVCYzducmV0WXkwUmEw?oc=5\" target=\"_blank\" rel=\"nofollow noopener\">Angelina Jolies hemmelige Ukraina-bes\u00f8k: Dramatisk vending med milit\u00e6r innkalling<\/a>&nbsp;&nbsp;Dagbladet<\/li>\n<li><a href=\"https:\/\/news.google.com\/rss\/articles\/CBMidkFVX3lxTE1kcGY0RW03WWMwb19QZEdrVnB3M3hXaG5XM09yR3VYWTBOTTVlZXprbkd2eTd4T1RKcFVSQmFUdVU1cUx4eEdQSDdyNVdBZ01UVFVNQm4zbEhoUl9QNnVudmw3RVQtWTZMa001MUZkU1FkY2Jqc0E?oc=5\" target=\"_blank\" rel=\"nofollow noopener\">Angelina Jolie bes\u00f8ker Ukraina<\/a>&nbsp;&nbsp;VG<\/li>\n<li><a href=\"https:\/\/news.google.com\/rss\/articles\/CBMia0FVX3lxTE5pdVd0ZFJDTnZVeWl6SElSMlRkbjJmaDlIUU5iMnF3OGduazZEYTNjcTFGWUdONXdBUWNGemNXSG81M1ZkVElOVVA5NU5DOU5aWVJSV0g4RG5BbXJ4X1FJRnJ6ZXdMVGRyOXdn?oc=5\" target=\"_blank\" rel=\"nofollow noopener\">Havnet midt i dramaet<\/a>&nbsp;&nbsp;seher.no<\/li>\n<li><a href=\"https:\/\/news.google.com\/rss\/articles\/CBMiugFBVV95cUxPNVJ2QVZGZWE0a1hGOWM5YTZWak5PUkpobkw5N203SVdrbVQyTUtJXzNYVWhZcmd5RFhORWN1dU5EdWs3TnhIZnp5LTlWV0xvWko0UktfVTgtcmxjak9JYzJRb1BPZHE2NEEyRllLMjltNzgtcm1xMnl6U3FsRHlRVVo1aGdpYzNsd1N6ZVk2ekVObGoyU0V4Zml0RE01Tlhnb0VJS1IzenJoREN0ZHNoN2tXTFNqZEdCNWc?oc=5\" target=\"_blank\" rel=\"nofollow noopener\">Angelina Jolie bes\u00f8ker frontlinjebyen Kherson, et av de farligste stedene i Ukraina<\/a>&nbsp;&nbsp;Gamereactor<\/li>\n<li><a href=\"https:\/\/news.google.com\/rss\/articles\/CBMingFBVV95cUxNaFQxN1AySDFoeW4tYUtaZ2hPQlRIcWFidUhneGstbkppbENzV2lFNmQ2SndfYTNDMmdEWUx3UWZrcFZkU1k4LUdrcWlqWlk1U3Mycmd1d2N4UkJlVnpFVGlKYjl1a1dKa1JhM1NDTjFZeEgxSlFzLTk5RFVYQmloYU9oc2xhTGd3OTRPTFZpd3M2ZDVlanZYTG5GSWJBZw?oc=5\" target=\"_blank\" rel=\"nofollow noopener\">Angelina Jolie vekker reaksjoner etter overraskende bes\u00f8k i Ukraina<\/a>&nbsp;&nbsp;Dagens.no<\/li>\n<\/ol>\n","protected":false},"excerpt":{"rendered":"Angelina Jolies hemmelige Ukraina-bes\u00f8k: Dramatisk vending med milit\u00e6r innkalling&nbsp;&nbsp;Dagbladet Angelina Jolie bes\u00f8ker Ukraina&nbsp;&nbsp;VG Havnet midt i dramaet&nbsp;&nbsp;seher.no Angelina&hellip;\n","protected":false},"author":2,"featured_media":81012,"comment_status":"","ping_status":"","sticky":false,"template":"","format":"standard","meta":{"footnotes":""},"categories":[12],"tags":[4435,20,21,24,25,15,479,22,23,13,30,28,29,14,16,26,27,489,42,43,44,45],"class_list":{"0":"post-81011","1":"post","2":"type-post","3":"status-publish","4":"format-standard","5":"has-post-thumbnail","7":"category-verden","8":"tag-angelina-jolie","9":"tag-breaking-news","10":"tag-breakingnews","11":"tag-featured-news","12":"tag-featurednews","13":"tag-headlines","14":"tag-kjendis","15":"tag-latest-news","16":"tag-latestnews","17":"tag-news","18":"tag-no","19":"tag-norge","20":"tag-norway","21":"tag-nyheter","22":"tag-overskrifter","23":"tag-top-stories","24":"tag-topstories","25":"tag-ukraina","26":"tag-verden","27":"tag-world","28":"tag-world-news","29":"tag-worldnews"},"share_on_mastodon":{"url":"https:\/\/pubeurope.com\/@no\/115508678850807369","error":""},"_links":{"self":[{"href":"https:\/\/www.europesays.com\/no\/wp-json\/wp\/v2\/posts\/81011","targetHints":{"allow":["GET"]}}],"collection":[{"href":"https:\/\/www.europesays.com\/no\/wp-json\/wp\/v2\/posts"}],"about":[{"href":"https:\/\/www.europesays.com\/no\/wp-json\/wp\/v2\/types\/post"}],"author":[{"embeddable":true,"href":"https:\/\/www.europesays.com\/no\/wp-json\/wp\/v2\/users\/2"}],"replies":[{"embeddable":true,"href":"https:\/\/www.europesays.com\/no\/wp-json\/wp\/v2\/comments?post=81011"}],"version-history":[{"count":0,"href":"https:\/\/www.europesays.com\/no\/wp-json\/wp\/v2\/posts\/81011\/revisions"}],"wp:featuredmedia":[{"embeddable":true,"href":"https:\/\/www.europesays.com\/no\/wp-json\/wp\/v2\/media\/81012"}],"wp:attachment":[{"href":"https:\/\/www.europesays.com\/no\/wp-json\/wp\/v2\/media?parent=81011"}],"wp:term":[{"taxonomy":"category","embeddable":true,"href":"https:\/\/www.europesays.com\/no\/wp-json\/wp\/v2\/categories?post=81011"},{"taxonomy":"post_tag","embeddable":true,"href":"https:\/\/www.europesays.com\/no\/wp-json\/wp\/v2\/tags?post=81011"}],"curies":[{"name":"wp","href":"https:\/\/api.w.org\/{rel}","templated":true}]}}