{"id":81106,"date":"2025-11-07T15:39:19","date_gmt":"2025-11-07T15:39:19","guid":{"rendered":"https:\/\/www.europesays.com\/no\/81106\/"},"modified":"2025-11-07T15:39:19","modified_gmt":"2025-11-07T15:39:19","slug":"spekulasjoner-i-russland-bekrefter","status":"publish","type":"post","link":"https:\/\/www.europesays.com\/no\/81106\/","title":{"rendered":"Spekulasjoner i Russland: Bekrefter"},"content":{"rendered":"<p>  Flere store medier har spekulert i at Russlands utenriksminister er ute i kulda hos Vladimir Putin. N\u00e5 kommenterer Kreml ryktene.\u00a0<\/p>\n<p>\n    KOLLEGER: Sergey Lavrov (i bakgrunnen) har v\u00e6rt Russlands utenriksminister siden 2004, og v\u00e6rt en av Vladimir Putins trofaste hjelpere siden han ble utnevnt som president i Russland i 2012. Her avbildet sammen i 2017. Foto: Alexander Zemlianichenko \/ AP \/ NTB\n  <\/p>\n<p>Onsdag omtalte flere russiske medier at utenriksminister Sergey Lavrov ikke deltok p\u00e5 Vladimir Putins operative m\u00f8te, hvor hans utvalgte diskuterte muligheten for atompr\u00f8vesprengning.\u00a0<\/p>\n<p>Trump <a href=\"https:\/\/www.dagbladet.no\/nyheter\/trump-usa-skal-starte-med-atomvapentester\/83787331\" rel=\"nofollow noopener\" target=\"_blank\">varslet forrige uke<\/a> at USA skal begynne \u00e5 begynne med atomv\u00e5pen-testing.<\/p>\n<p>    <a itemprop=\"url\" href=\"https:\/\/www.dagbladet.no\/nyheter\/de-onsket-ham-dod\/83817112\" rel=\"nofollow noopener\" target=\"_blank\"><\/p>\n<p>      <img loading=\"lazy\" decoding=\"async\" src=\"https:\/\/www.europesays.com\/no\/wp-content\/uploads\/2025\/11\/83817562.webp\" width=\"980\" height=\"441\" title=\"- \u00abDe\u00bb \u00f8nsket ham d\u00f8d\" alt=\"\" class=\"lazyload\" style=\"--aspect-ratio-image: 2.22; \"\/><\/p>\n<p>        &#8211; \u00abDe\u00bb \u00f8nsket ham d\u00f8d<\/p>\n<p>    <\/a><\/p>\n<p>Den amerikanske presidenten hevder at Russland tester sine atomv\u00e5pen hyppig, og mener derfor det er viktig at USA gj\u00f8r det samme.\u00a0<\/p>\n<p>Mislykket samtale\t<\/p>\n<p>At Lavrov ikke var til stede p\u00e5 onsdagens m\u00f8te, f\u00f8rte til at den russiske avisa\u00a0<a href=\"https:\/\/www.moscowtimes.ru\/2025\/11\/06\/vlasti-rf-soglasilis-smyagchit-povyshenie-nalogov-dlya-msp-no-menshe-chem-prosil-biznes-a179331\" target=\"_blank\" class=\"\" rel=\"nofollow noopener\">Moscow Times<\/a>\u00a0spekulerte i at forholdet mellom ham og Putin har kj\u00f8lnet.\u00a0<\/p>\n<p class=\"font-weight-bold m-font-weight-bold\" data-lab-font_weight=\"font-weight-bold\">Avisa hevdet at Putin skal v\u00e6re misforn\u00f8yd med Lavrov, etter at samtalene hans i oktober med USAs utenriksminister Marc Rubio f\u00f8rte til at et planlagt toppm\u00f8te mellom Trump og Putin i Budapest ble avlyst. <\/p>\n<p class=\"font-weight-normal m-font-weight-normal\" data-lab-font_weight=\"font-weight-normal\">Ogs\u00e5 i USA har man bitt seg merke i spekulasjonene:<\/p>\n<p class=\"font-weight-normal m-font-weight-normal\" data-lab-font_weight=\"font-weight-normal\">\u00abLavrovs frav\u00e6r f\u00e5r alarmklokkene til \u00e5 ringe i Moskva\u00bb, skriver <a href=\"https:\/\/edition.cnn.com\/2025\/11\/07\/europe\/russian-foreign-minister-sergey-lavrov-absence-intl\" rel=\"nofollow noopener\" target=\"_blank\">CNN<\/a>.\u00a0<\/p>\n<p>I ettertid av samtalen, skal Rubio ha anbefalt Trump \u00e5 kansellere m\u00f8tet med Putin. Seinere\u00a0<a href=\"https:\/\/borsen.dagbladet.no\/nyheter\/lover-alvorlig-svar-etter-sanksjoner\/83763200\" target=\"_blank\" rel=\"nofollow noopener\">innf\u00f8rte USA sanksjoner mot russiske oljeselskaper<\/a> for f\u00f8rste gang.\u00a0<\/p>\n<p>Temaet for toppm\u00f8tet skulle handle om krigen mellom Russland og Ukraina, og hvordan den kan avsluttes. If\u00f8lge nyhetsbyr\u00e5et Reuters ble m\u00f8tet avlyst p\u00e5 grunn av Russlands uforsonlighet og harde krav ang\u00e5ende Ukraina.<\/p>\n<p>        MOSKVA, RUSSLAND: Under en tale i forbindelse med markeringen av den nasjonale enhetsdagen uttalte president Vladimir at Russland vil ta i bruk det interkontinentale ballistiske missilet Sarmat, ogs\u00e5 kjent som \u00abSatan 2\u00bb, i kamp fra neste \u00e5r. Video: AP\/Reuters\/Russlands forsvarsdepartement. Reporter: Christina H. Korneliussen<\/p>\n<p>Kreml avkrefter\t<\/p>\n<p class=\"font-weight-bold m-font-weight-bold\" data-lab-font_weight=\"font-weight-bold\"> Kreml-talsmann Dmitrij Peskov avviste fredag spekulasjoner om at Russlands utenriksminister Sergej Lavrov skal ha falt i un\u00e5de hos president Vladimir Putin, if\u00f8lge Reuters.\u00a0<\/p>\n<p>    <a itemprop=\"url\" href=\"https:\/\/www.dagbladet.no\/nyheter\/skal-ha-blitt-lurt-til-a-vaere-leiesoldater\/83816960\" rel=\"nofollow noopener\" target=\"_blank\"><\/p>\n<p>      <img loading=\"lazy\" decoding=\"async\" src=\"https:\/\/www.europesays.com\/no\/wp-content\/uploads\/2025\/11\/1762529958_709_83816984.webp\" width=\"980\" height=\"441\" title=\"Skal ha blitt lurt til \u00e5 v\u00e6re leiesoldater\" alt=\"\" class=\"lazyload\" style=\"--aspect-ratio-image: 2.22; \"\/><\/p>\n<p>        Skal ha blitt lurt til \u00e5 v\u00e6re leiesoldater<\/p>\n<p>    <\/a><\/p>\n<p>Peskov svarte p\u00e5 et sp\u00f8rsm\u00e5l under sin daglige pressebriefing og sa at Lavrov fortsatt st\u00e5r trygt i stillingen sin.\u00a0\u00a0<\/p>\n<p class=\"font-weight-bold m-font-weight-bold\" data-lab-font_weight=\"font-weight-bold\">&#8211; Slike rykter stemmer ikke med virkeligheten. Lavrov utf\u00f8rer fortsatt sine oppgaver som utenriksminister, sier Peskov.\u00a0<\/p>\n","protected":false},"excerpt":{"rendered":"Flere store medier har spekulert i at Russlands utenriksminister er ute i kulda hos Vladimir Putin. N\u00e5 kommenterer&hellip;\n","protected":false},"author":2,"featured_media":81107,"comment_status":"","ping_status":"","sticky":false,"template":"","format":"standard","meta":{"footnotes":""},"categories":[5],"tags":[335,20,21,24,25,15,19,22,23,17,18,13,30,28,29,14,16,188,26,27,50,412],"class_list":{"0":"post-81106","1":"post","2":"type-post","3":"status-publish","4":"format-standard","5":"has-post-thumbnail","7":"category-overskrifter","8":"tag-atomvapen","9":"tag-breaking-news","10":"tag-breakingnews","11":"tag-featured-news","12":"tag-featurednews","13":"tag-headlines","14":"tag-hovedoppslag","15":"tag-latest-news","16":"tag-latestnews","17":"tag-main-news","18":"tag-mainnews","19":"tag-news","20":"tag-no","21":"tag-norge","22":"tag-norway","23":"tag-nyheter","24":"tag-overskrifter","25":"tag-russland","26":"tag-top-stories","27":"tag-topstories","28":"tag-usa","29":"tag-utenriks"},"share_on_mastodon":{"url":"https:\/\/pubeurope.com\/@no\/115509170540616698","error":""},"_links":{"self":[{"href":"https:\/\/www.europesays.com\/no\/wp-json\/wp\/v2\/posts\/81106","targetHints":{"allow":["GET"]}}],"collection":[{"href":"https:\/\/www.europesays.com\/no\/wp-json\/wp\/v2\/posts"}],"about":[{"href":"https:\/\/www.europesays.com\/no\/wp-json\/wp\/v2\/types\/post"}],"author":[{"embeddable":true,"href":"https:\/\/www.europesays.com\/no\/wp-json\/wp\/v2\/users\/2"}],"replies":[{"embeddable":true,"href":"https:\/\/www.europesays.com\/no\/wp-json\/wp\/v2\/comments?post=81106"}],"version-history":[{"count":0,"href":"https:\/\/www.europesays.com\/no\/wp-json\/wp\/v2\/posts\/81106\/revisions"}],"wp:featuredmedia":[{"embeddable":true,"href":"https:\/\/www.europesays.com\/no\/wp-json\/wp\/v2\/media\/81107"}],"wp:attachment":[{"href":"https:\/\/www.europesays.com\/no\/wp-json\/wp\/v2\/media?parent=81106"}],"wp:term":[{"taxonomy":"category","embeddable":true,"href":"https:\/\/www.europesays.com\/no\/wp-json\/wp\/v2\/categories?post=81106"},{"taxonomy":"post_tag","embeddable":true,"href":"https:\/\/www.europesays.com\/no\/wp-json\/wp\/v2\/tags?post=81106"}],"curies":[{"name":"wp","href":"https:\/\/api.w.org\/{rel}","templated":true}]}}