{"id":81108,"date":"2025-11-07T15:40:17","date_gmt":"2025-11-07T15:40:17","guid":{"rendered":"https:\/\/www.europesays.com\/no\/81108\/"},"modified":"2025-11-07T15:40:17","modified_gmt":"2025-11-07T15:40:17","slug":"odd-martinsen-bisettelse-idretts-norge-tok-farvel-med-skilegenden-odd-martinsen","status":"publish","type":"post","link":"https:\/\/www.europesays.com\/no\/81108\/","title":{"rendered":"Odd Martinsen, Bisettelse | Idretts-Norge tok farvel med skilegenden Odd Martinsen"},"content":{"rendered":"\n<p>Den tidligere langrennsstjernen med tilnavnet \u00abStafett-Martin\u00bb d\u00f8de mandag 27. oktober. Han ble 82 \u00e5r gammel.<\/p>\n<p>Fredag var viktige deler av Idretts-Norge p\u00e5 plass i bisettelsen i Nittedal kirke.<\/p>\n<p>Martinsen fikk sitt kallenavn for sine stafettegenskaper. Han var kjent for sin h\u00f8ye toppfart i sporet og ble av den grunn oftest plassert p\u00e5 f\u00f8rsteetappene p\u00e5 det norske stafettlaget.<\/p>\n<p>P\u00e5 VM-stafetten i Oslo i 1966 og OL-stafetten i Grenoble i 1968 sprengte han feltet p\u00e5 startetappen. Begge ganger endte det med norsk gull.<\/p>\n<p>   <img decoding=\"async\" width=\"4004\" height=\"2669\" fetchpriority=\"low\"  loading=\"lazy\"  src=\"https:\/\/www.europesays.com\/no\/wp-content\/uploads\/2025\/11\/NTB_QxwBIF6vujM.jpg\" alt=\"Nittedal 20251107. &#10;Idrettspresident Zaineb Al-Samarai f\u00f8r bisettelsen til tidligere skil\u00f8per Odd Martinsen. Han bisettes i Nittedal kirke fredag.&#10;Foto: Gorm Kallestad \/ NTB\" class=\"brick-c-cFOWSL\" style=\"--brick-image-ratio: 4004 \/ 2669;\"\/><\/p>\n<p>      Idrettspresident Zaineb Al-Samarai f\u00f8r bisettelsen til tidligere skil\u00f8per Odd Martinsen. Han bisettes i Nittedal kirke fredag.<br \/>\n      Foto: Gorm Kallestad \/ NTB\n    <\/p>\n<p>  Enorm karriere<\/p>\n<p>I tillegg til \u00e5 v\u00e6re en stafettekspert var Martinsen ogs\u00e5 en solid individuell ut\u00f8ver. I de to nevnte mesterskapene tok han VM-bronse p\u00e5 15-kilometeren i Oslo og OL-s\u00f8lv p\u00e5 30-kilometeren i Grenoble.<\/p>\n<p>Merittlisten inneholder ogs\u00e5 s\u00f8lv og bronse i VM i 1970 (15 km og 30 km) samt VM-bronse i stafett (1974) og OL-s\u00f8lv i stafett (1976).<\/p>\n<p>Til tross for stor suksess i internasjonale renn ble det aldri noen individuelle OL- eller VM-gull. Men det ergret han seg aldri over, fortalte Martinsen til V\u00e5rt Land i 2015.<\/p>\n<p>Etter at karrieren var over la Martinsen seg opp en formue p\u00e5 salg av Fischer-ski. Skimerket var p\u00e5 begynnelsen av 80-tallet p\u00e5 jakt etter ny norsk import\u00f8r, en jobb som Martinsen fikk.<\/p>\n<p>   <img decoding=\"async\" width=\"8023\" height=\"5349\" fetchpriority=\"low\"  loading=\"lazy\"  src=\"https:\/\/www.europesays.com\/no\/wp-content\/uploads\/2025\/11\/NTB_sOeOrl46vuY.jpg\" alt=\"Nittedal 20251107. &#10;Den tidligere skil\u00f8peren Odd-Bj\u00f8rn Hjelmeset f\u00f8r bisettelsen til tidligere skil\u00f8per Odd Martinsen. Han bisettes i Nittedal kirke fredag.&#10;Foto: Gorm Kallestad \/ NTB\" class=\"brick-c-cFOWSL\" style=\"--brick-image-ratio: 8023 \/ 5349;\"\/><\/p>\n<p>      Den tidligere skil\u00f8peren Odd-Bj\u00f8rn Hjelmeset f\u00f8r bisettelsen til tidligere skil\u00f8per Odd Martinsen. Han bisettes i Nittedal kirke fredag.<br \/>\n      Foto: Gorm Kallestad \/ NTB\n    <\/p>\n<p>  FIS-topp<\/p>\n<p>Fra 1986 til 2002 var Martinsen leder for langrennskomiteen i FIS (Det internasjonale skiforbundet). Fra den tiden var han mest forn\u00f8yd med at han var med \u00e5 s\u00f8rge for at den tradisjonsrike, klassiske stilen i langrennssporten ble beholdt, tross massiv motstand fra mellomeuropeiske og tidligere \u00f8steuropeiske land.<\/p>\n<p>   <img decoding=\"async\" width=\"3430\" height=\"2287\" fetchpriority=\"low\"  loading=\"lazy\"  src=\"https:\/\/www.europesays.com\/no\/wp-content\/uploads\/2025\/11\/NTB_GNJgq7vdU8s.jpg\" alt=\"Nittedal 20251107. &#10;Den tidligere skil\u00f8peren Vegard Ulvang f\u00f8r bisettelsen til tidligere skil\u00f8per Odd Martinsen. Han bisettes i Nittedal kirke fredag.&#10;Foto: Gorm Kallestad \/ NTB\" class=\"brick-c-cFOWSL\" style=\"--brick-image-ratio: 3430 \/ 2287;\"\/><\/p>\n<p>      Den tidligere skil\u00f8peren Vegard Ulvang f\u00f8r bisettelsen til tidligere skil\u00f8per Odd Martinsen. Han bisettes i Nittedal kirke fredag.<br \/>\n      Foto: Gorm Kallestad \/ NTB\n    <\/p>\n<p>Martinsen var ikke alene om \u00e5 ha forsvart familiens \u00e6re i OL- og VM-sammenheng. Ogs\u00e5 datteren Bente Skari, som dominerte internasjonal kvinnelangrenn fra 1999 til 2003, vant de gjeveste medaljene.<\/p>\n<p>Langrennslegenden Martinsen fikk en rekke utmerkelser for sine prestasjoner, blant annet Holmenkollmedaljen (1969). Han var ogs\u00e5 utnevnt til Ridder av 1. klasse av St. Olav Orden.<\/p>\n<p>(\u00a9NTB)<\/p>\n","protected":false},"excerpt":{"rendered":"Den tidligere langrennsstjernen med tilnavnet \u00abStafett-Martin\u00bb d\u00f8de mandag 27. oktober. Han ble 82 \u00e5r gammel. Fredag var viktige&hellip;\n","protected":false},"author":2,"featured_media":81109,"comment_status":"","ping_status":"","sticky":false,"template":"","format":"standard","meta":{"footnotes":""},"categories":[59],"tags":[36,380,398,30,28,29,9980,83,82,1510],"class_list":{"0":"post-81108","1":"post","2":"type-post","3":"status-publish","4":"format-standard","5":"has-post-thumbnail","7":"category-sport","8":"tag-art","9":"tag-bisettelse","10":"tag-langrenn","11":"tag-no","12":"tag-norge","13":"tag-norway","14":"tag-odd-martinsen","15":"tag-sport","16":"tag-sports","17":"tag-story"},"share_on_mastodon":{"url":"https:\/\/pubeurope.com\/@no\/115509174458487063","error":""},"_links":{"self":[{"href":"https:\/\/www.europesays.com\/no\/wp-json\/wp\/v2\/posts\/81108","targetHints":{"allow":["GET"]}}],"collection":[{"href":"https:\/\/www.europesays.com\/no\/wp-json\/wp\/v2\/posts"}],"about":[{"href":"https:\/\/www.europesays.com\/no\/wp-json\/wp\/v2\/types\/post"}],"author":[{"embeddable":true,"href":"https:\/\/www.europesays.com\/no\/wp-json\/wp\/v2\/users\/2"}],"replies":[{"embeddable":true,"href":"https:\/\/www.europesays.com\/no\/wp-json\/wp\/v2\/comments?post=81108"}],"version-history":[{"count":0,"href":"https:\/\/www.europesays.com\/no\/wp-json\/wp\/v2\/posts\/81108\/revisions"}],"wp:featuredmedia":[{"embeddable":true,"href":"https:\/\/www.europesays.com\/no\/wp-json\/wp\/v2\/media\/81109"}],"wp:attachment":[{"href":"https:\/\/www.europesays.com\/no\/wp-json\/wp\/v2\/media?parent=81108"}],"wp:term":[{"taxonomy":"category","embeddable":true,"href":"https:\/\/www.europesays.com\/no\/wp-json\/wp\/v2\/categories?post=81108"},{"taxonomy":"post_tag","embeddable":true,"href":"https:\/\/www.europesays.com\/no\/wp-json\/wp\/v2\/tags?post=81108"}],"curies":[{"name":"wp","href":"https:\/\/api.w.org\/{rel}","templated":true}]}}