{"id":81130,"date":"2025-11-07T16:03:36","date_gmt":"2025-11-07T16:03:36","guid":{"rendered":"https:\/\/www.europesays.com\/no\/81130\/"},"modified":"2025-11-07T16:03:36","modified_gmt":"2025-11-07T16:03:36","slug":"unity-arena-fornebu-topplassering-i-stor-karing","status":"publish","type":"post","link":"https:\/\/www.europesays.com\/no\/81130\/","title":{"rendered":"Unity arena, Fornebu | Topplassering i stor k\u00e5ring"},"content":{"rendered":"\n<p>\u2013 Denne k\u00e5ringen bekrefter at vi er p\u00e5 riktig vei. Etter rebrandingen har vi jobbet m\u00e5lrettet for \u00e5 posisjonere Unity Arena som mer enn bare et konsertsted \u2013 vi er en arena hvor store kulturopplevelser skapes og hvor partnere f\u00e5r mulighet til \u00e5 v\u00e6re del av noe meningsfullt, sier administrerende direkt\u00f8r Kjetil Bell Tveit i Unity Arena i en melding.<\/p>\n<p>   <img decoding=\"async\" width=\"7988\" height=\"5325\" fetchpriority=\"low\"  loading=\"lazy\"  src=\"https:\/\/www.europesays.com\/no\/wp-content\/uploads\/2025\/11\/Unity+Arena-1019.jpg\" alt=\"\" class=\"brick-c-cFOWSL\" style=\"--brick-image-ratio: 7988 \/ 5325;\"\/><\/p>\n<p>      Kjell Bell Tveit i Unity Arena.<br \/>\n      Foto: JOAKIM S. ENGER\n    <\/p>\n<p>Arenaen har f\u00e5tt andreplass som Norges mest attraktive sponsorobjekt i kategorien kultur, if\u00f8lge \u00e5rets bransjeunders\u00f8kelse fra Sponsor Insight.<\/p>\n<p>I alt 108 markeds- og sponsorsjefer fra norsk n\u00e6ringsliv har deltatt i k\u00e5ringen.<\/p>\n<p>  <a href=\"https:\/\/www.budstikka.no\/5-55-2091811\" class=\"related-teaser has-image default-story-teaser article--c-eRUmMG article--c-eRUmMG-jKCPdD-design-default\" rel=\"nofollow noopener\" target=\"_blank\"><\/p>\n<p>    <img decoding=\"async\" loading=\"lazy\"  src=\"https:\/\/www.europesays.com\/no\/wp-content\/uploads\/2025\/11\/Red.jpg\" alt=\"\" class=\"brick-c-cFOWSL\" style=\"\"\/><\/p>\n<p>\n            Les ogs\u00e5<\/p>\n<p>              Kan f\u00e5 prestisjefylte priser\n        <\/p>\n<p>  <\/a><br \/>\n  B\u00e5de idrett og kultur<\/p>\n<p>Telenor Arena ble til Unity Arena i mai 2024.<\/p>\n<p>Gjennom \u00e5ret kommer store verdensstjerner for \u00e5 holde konserter, og noen av Norges st\u00f8rste idrettsarrangement g\u00e5r ogs\u00e5 av stabelen her.<\/p>\n<p>I februar <a href=\"https:\/\/www.budstikka.no\/na-skal-de-rigge-for-mange-tusener-pa-fornebu\/s\/5-55-2080481\" rel=\"Follow nofollow noopener\" target=\"_blank\">arrangeres h\u00e5ndball-EM p\u00e5 Fornebu.<\/a> Tidligere i oktober gikk <a href=\"https:\/\/www.budstikka.no\/i-denne-arenaen-er-det-jentene-som-dominerer-veldig-kult\/s\/5-55-2124505\" rel=\"Follow nofollow noopener\" target=\"_blank\">Nordens st\u00f8rste CrossFit-konkurranse fra Unity Arena.<\/a><\/p>\n<p>\u2013 Unity Arena har gjort en sterk jobb med rebrandingen av seg selv etter at Telenor gikk ut som navnepartner. De har omfavnet aspektet med mental helse, samtidig som de til stadighet trekker verdens st\u00f8rste artister til arenaen p\u00e5 Fornebu \u2013 de er virkelig Norges storstue for store underholdningsopplevelser, sier daglig leder i Sponsor Insight, Vegard Arntsen, i en melding.<\/p>\n<p>Her ka<a href=\"https:\/\/www.budstikka.no\/dette-krever-billie-eilish-for-konserten-pa-fornebu\/s\/5-55-1968222\" rel=\"Follow nofollow noopener\" target=\"_blank\">n du lese <\/a><a href=\"https:\/\/www.budstikka.no\/dette-krever-billie-eilish-for-konserten-pa-fornebu\/s\/5-55-1968222\" rel=\"Follow nofollow noopener\" target=\"_blank\">noe av historien til arenaen, og hva ulike artister har krevd \u00e5 ha p\u00e5 sin rider <\/a>n\u00e5r de bes\u00f8ker Fornebu.<\/p>\n<p>  <a href=\"https:\/\/www.budstikka.no\/5-55-2088257\" class=\"related-teaser has-image default-story-teaser article--c-eRUmMG article--c-eRUmMG-jKCPdD-design-default\" rel=\"nofollow noopener\" target=\"_blank\"><\/p>\n<p>    <img decoding=\"async\" loading=\"lazy\"  src=\"https:\/\/www.europesays.com\/no\/wp-content\/uploads\/2025\/11\/81F790A9-E3B3-4A92-A527-B62B2879DD7D_1_201_a.jpeg\" alt=\"\" class=\"brick-c-cFOWSL\" style=\"\"\/><\/p>\n<p>\n            Les ogs\u00e5<\/p>\n<p>              Vil samle 15.000 her \u2013 til afterski!\n        <\/p>\n<p>  <\/a><\/p>\n<p>  <a href=\"https:\/\/www.budstikka.no\/5-55-2122653\" class=\"related-teaser has-image default-story-teaser article--c-eRUmMG article--c-eRUmMG-jKCPdD-design-default\" rel=\"nofollow noopener\" target=\"_blank\"><\/p>\n<p>    <img decoding=\"async\" loading=\"lazy\"  src=\"https:\/\/www.europesays.com\/no\/wp-content\/uploads\/2025\/11\/IMG_4794.jpeg\" alt=\"\" class=\"brick-c-cFOWSL\" style=\"\"\/><\/p>\n<p>\n            Les ogs\u00e5<\/p>\n<p>              Ble h\u00f8rt: \u2013 En stor seier\n        <\/p>\n<p>  <\/a><\/p>\n","protected":false},"excerpt":{"rendered":"\u2013 Denne k\u00e5ringen bekrefter at vi er p\u00e5 riktig vei. Etter rebrandingen har vi jobbet m\u00e5lrettet for \u00e5&hellip;\n","protected":false},"author":2,"featured_media":81131,"comment_status":"","ping_status":"","sticky":false,"template":"","format":"standard","meta":{"footnotes":""},"categories":[59],"tags":[36,925,30,28,29,216,83,82,1510,10996],"class_list":{"0":"post-81130","1":"post","2":"type-post","3":"status-publish","4":"format-standard","5":"has-post-thumbnail","7":"category-sport","8":"tag-art","9":"tag-fornebu","10":"tag-no","11":"tag-norge","12":"tag-norway","13":"tag-okonomi-og-naeringsliv","14":"tag-sport","15":"tag-sports","16":"tag-story","17":"tag-unity-arena"},"share_on_mastodon":{"url":"https:\/\/pubeurope.com\/@no\/115509264773448168","error":""},"_links":{"self":[{"href":"https:\/\/www.europesays.com\/no\/wp-json\/wp\/v2\/posts\/81130","targetHints":{"allow":["GET"]}}],"collection":[{"href":"https:\/\/www.europesays.com\/no\/wp-json\/wp\/v2\/posts"}],"about":[{"href":"https:\/\/www.europesays.com\/no\/wp-json\/wp\/v2\/types\/post"}],"author":[{"embeddable":true,"href":"https:\/\/www.europesays.com\/no\/wp-json\/wp\/v2\/users\/2"}],"replies":[{"embeddable":true,"href":"https:\/\/www.europesays.com\/no\/wp-json\/wp\/v2\/comments?post=81130"}],"version-history":[{"count":0,"href":"https:\/\/www.europesays.com\/no\/wp-json\/wp\/v2\/posts\/81130\/revisions"}],"wp:featuredmedia":[{"embeddable":true,"href":"https:\/\/www.europesays.com\/no\/wp-json\/wp\/v2\/media\/81131"}],"wp:attachment":[{"href":"https:\/\/www.europesays.com\/no\/wp-json\/wp\/v2\/media?parent=81130"}],"wp:term":[{"taxonomy":"category","embeddable":true,"href":"https:\/\/www.europesays.com\/no\/wp-json\/wp\/v2\/categories?post=81130"},{"taxonomy":"post_tag","embeddable":true,"href":"https:\/\/www.europesays.com\/no\/wp-json\/wp\/v2\/tags?post=81130"}],"curies":[{"name":"wp","href":"https:\/\/api.w.org\/{rel}","templated":true}]}}