{"id":81136,"date":"2025-11-07T16:08:11","date_gmt":"2025-11-07T16:08:11","guid":{"rendered":"https:\/\/www.europesays.com\/no\/81136\/"},"modified":"2025-11-07T16:08:11","modified_gmt":"2025-11-07T16:08:11","slug":"sandvika-ulykker-og-hendelser-bil-havnet-i-elv-sjaforen-fratatt-forerkortet","status":"publish","type":"post","link":"https:\/\/www.europesays.com\/no\/81136\/","title":{"rendered":"Sandvika, Ulykker og hendelser | Bil havnet i elv: Sj\u00e5f\u00f8ren fratatt f\u00f8rerkortet"},"content":{"rendered":"\n<p>Siste: Politiet har besluttet \u00e5 frata sj\u00e5f\u00f8ren f\u00f8rerkortet. Bilf\u00f8reren er en kvinne i 60-\u00e5rene.<\/p>\n<p>\u2013 Vi har avh\u00f8rt bilf\u00f8rer, som forklarer at vedkommende har tatt feil av brems og gass, opplyser politiets operasjonsleder Eirik Sannes i en melding i Politiloggen klokken 12.51.<\/p>\n<p>N\u00f8detatene rykket ved 11.25-tiden ut til R\u00f8nne elv ved Coop-butikken p\u00e5 nedsiden av bussterminalen. Der endte en bil i vannet.<\/p>\n<p>Politiet p\u00e5 stedet opplyste at bilen trolig hadde trillet ut i elva fra parkeringsplassen ved Coop-butikken.<\/p>\n<p>   <img decoding=\"async\" width=\"4864\" height=\"3171\" fetchpriority=\"low\"  loading=\"lazy\"  src=\"https:\/\/www.europesays.com\/no\/wp-content\/uploads\/2025\/11\/Image_20251107_115439_606.jpeg\" alt=\"Bil i vannet, Sandvika\" class=\"brick-c-cFOWSL\" style=\"--brick-image-ratio: 4864 \/ 3171;\"\/><\/p>\n<p>      Brannvesenet sikret bilen og festet krok fra en bergingsbil.<br \/>\n      Foto: JOAKIM S. ENGER\n    <\/p>\n<p>\u2013 I utgangspunktet kom det inn en dramatisk melding om en bil ute i elva. S\u00e5 b\u00e5de vi, brannvesen og helsepersonell rykket ut, sa politiets leder p\u00e5 stedet, Nicolai Backe-Henden.<\/p>\n<p>    Vil du se neste video?<\/p>\n<p>    <a href=\"https:\/\/www.budstikka.no\/kloakk-i-hele-barnehagen-na-igjen\/v\/5-55-2130043\" class=\"recommend-poster\" data-adp-clicklabel=\"video-recommend\" data-adp-clickvalue=\"poster\" rel=\"nofollow noopener\" target=\"_blank\"><br \/>\n      <img decoding=\"async\" width=\"200\" height=\"200\" loading=\"lazy\" src=\"https:\/\/www.europesays.com\/no\/wp-content\/uploads\/2025\/11\/v-i-f73611d2-f560-452a-ad57-e0bec0346093-1.jpg\" alt=\"\" class=\"brick-c-cFOWSL\" style=\"--brick-image-ratio: 200 \/ 200;\"\/><\/p>\n<p>Kloakk i hele barnehagen \u2013 n\u00e5 igjen!0:40<\/p>\n<p>    <\/a><\/p>\n<p>\u2013 Har v\u00e6rt uheldig<\/p>\n<p>Bilen trillet, med sj\u00e5f\u00f8ren inni, helt ut i elva og ble st\u00e5ende p\u00e5 fast grunn der.<\/p>\n<p>\u2013 Bilf\u00f8reren har p\u00e5 en eller annen m\u00e5te v\u00e6rt uheldig her, men det er uvisst hvorfor dette skjedde, opplyste Backe-Henden.<\/p>\n<p>   <img decoding=\"async\" width=\"5712\" height=\"4284\" fetchpriority=\"low\"  loading=\"lazy\"  src=\"https:\/\/www.europesays.com\/no\/wp-content\/uploads\/2025\/11\/Image_20251107_114710_949.jpeg\" alt=\"Bil i vannet i Sandvika\" class=\"brick-c-cFOWSL\" style=\"--brick-image-ratio: 5712 \/ 4284;\"\/><\/p>\n<p>      N\u00f8detatene p\u00e5 p-plassen utenfor Coop-butikken.<br \/>\n      Foto: JOAKIM S. ENGER\n    <\/p>\n<p>Ingen personer skal ha kommet til skade.<\/p>\n<p>Parkeringsplassen ute i friluft \u2013 utenfor matbutikken \u2013 ble stengt mens n\u00f8detatene jobbet p\u00e5 stedet.<\/p>\n<p>   <img decoding=\"async\" width=\"4032\" height=\"3024\" fetchpriority=\"low\"  loading=\"lazy\"  src=\"https:\/\/www.europesays.com\/no\/wp-content\/uploads\/2025\/11\/Image_20251107_114324_797.jpeg\" alt=\"\" class=\"brick-c-cFOWSL\" style=\"--brick-image-ratio: 4032 \/ 3024;\"\/><\/p>\n<p>      Rekkverket ble skadet i forbindelse med hendelsen.<br \/>\n      Foto: JOAKIM S. ENGER\n    <\/p>\n<p>  S\u00f8kte i vannet<\/p>\n<p>En bergingsbil fra RedGo vil dra bilen opp p\u00e5 parkeringsplassen igjen. Brannvesenets innsatsleder Carl Hildisch forteller at de har s\u00f8kt ved bilen.<\/p>\n<p>\u2013 V\u00e5re overflatedykkere har s\u00f8kt og ikke funnet noe mer, sier Hildisch.<\/p>\n<p>\u2013 Dykkerne har ogs\u00e5 hjulpet til med \u00e5 forberede berging av bilen, ved \u00e5 feste wirekroken til bilen, sier han.<\/p>\n<p>   <img decoding=\"async\" width=\"4032\" height=\"3024\" fetchpriority=\"low\"  loading=\"lazy\"  src=\"https:\/\/www.europesays.com\/no\/wp-content\/uploads\/2025\/11\/Image_20251107_120426_590.jpeg\" alt=\"\" class=\"brick-c-cFOWSL\" style=\"--brick-image-ratio: 4032 \/ 3024;\"\/><\/p>\n<p>      Her blir bilen dratt opp av vannet.<br \/>\n      Foto: J\u00d8RGEN DAHL KRISTENSEN\n    <\/p>\n<p>Ved 12-tiden var bilen blitt dratt opp av vannet. Parkeringsplassen utenfor Coop-butikken ble dermed ogs\u00e5 \u00e5pnet igjen for allmennheten.<\/p>\n","protected":false},"excerpt":{"rendered":"Siste: Politiet har besluttet \u00e5 frata sj\u00e5f\u00f8ren f\u00f8rerkortet. Bilf\u00f8reren er en kvinne i 60-\u00e5rene. \u2013 Vi har avh\u00f8rt&hellip;\n","protected":false},"author":2,"featured_media":81137,"comment_status":"","ping_status":"","sticky":false,"template":"","format":"standard","meta":{"footnotes":""},"categories":[10],"tags":[36,20,21,24,25,15,22,23,13,30,28,29,14,16,254,850,1510,26,27,941],"class_list":{"0":"post-81136","1":"post","2":"type-post","3":"status-publish","4":"format-standard","5":"has-post-thumbnail","7":"category-norge","8":"tag-art","9":"tag-breaking-news","10":"tag-breakingnews","11":"tag-featured-news","12":"tag-featurednews","13":"tag-headlines","14":"tag-latest-news","15":"tag-latestnews","16":"tag-news","17":"tag-no","18":"tag-norge","19":"tag-norway","20":"tag-nyheter","21":"tag-overskrifter","22":"tag-politi","23":"tag-sandvika","24":"tag-story","25":"tag-top-stories","26":"tag-topstories","27":"tag-ulykker-og-hendelser"},"share_on_mastodon":{"url":"https:\/\/pubeurope.com\/@no\/115509284332870281","error":""},"_links":{"self":[{"href":"https:\/\/www.europesays.com\/no\/wp-json\/wp\/v2\/posts\/81136","targetHints":{"allow":["GET"]}}],"collection":[{"href":"https:\/\/www.europesays.com\/no\/wp-json\/wp\/v2\/posts"}],"about":[{"href":"https:\/\/www.europesays.com\/no\/wp-json\/wp\/v2\/types\/post"}],"author":[{"embeddable":true,"href":"https:\/\/www.europesays.com\/no\/wp-json\/wp\/v2\/users\/2"}],"replies":[{"embeddable":true,"href":"https:\/\/www.europesays.com\/no\/wp-json\/wp\/v2\/comments?post=81136"}],"version-history":[{"count":0,"href":"https:\/\/www.europesays.com\/no\/wp-json\/wp\/v2\/posts\/81136\/revisions"}],"wp:featuredmedia":[{"embeddable":true,"href":"https:\/\/www.europesays.com\/no\/wp-json\/wp\/v2\/media\/81137"}],"wp:attachment":[{"href":"https:\/\/www.europesays.com\/no\/wp-json\/wp\/v2\/media?parent=81136"}],"wp:term":[{"taxonomy":"category","embeddable":true,"href":"https:\/\/www.europesays.com\/no\/wp-json\/wp\/v2\/categories?post=81136"},{"taxonomy":"post_tag","embeddable":true,"href":"https:\/\/www.europesays.com\/no\/wp-json\/wp\/v2\/tags?post=81136"}],"curies":[{"name":"wp","href":"https:\/\/api.w.org\/{rel}","templated":true}]}}