{"id":81138,"date":"2025-11-07T16:12:09","date_gmt":"2025-11-07T16:12:09","guid":{"rendered":"https:\/\/www.europesays.com\/no\/81138\/"},"modified":"2025-11-07T16:12:09","modified_gmt":"2025-11-07T16:12:09","slug":"bob-dylan-julie-bergan-bob-dylan-album-inne-holder-spor-som-aldri-for-er-utgitt-du-far-frysninger","status":"publish","type":"post","link":"https:\/\/www.europesays.com\/no\/81138\/","title":{"rendered":"Bob Dylan, Julie bergan | Bob Dylan-album inne holder spor som aldri f\u00f8r er utgitt: \u2013 Du f\u00e5r frysninger"},"content":{"rendered":"\n<p>Musikklegenden Bob Dylan (84) beviser at han fortsatt er salgskongen. Hans nyeste utgivelse, \u00abThrough The Open Window: The Bootleg Series Vol. 18 (Highlights)\u00bb, g\u00e5r rett inn p\u00e5 f\u00f8rsteplass p\u00e5 fysisk albumlista denne uka.<\/p>\n<p><a href=\"https:\/\/topplista.no\/charts\/physicalalbums\/\" rel=\"Follow nofollow noopener\" target=\"_blank\">Sjekk hele lista her.<\/a><\/p>\n<p>Den nye samlingen er en stor nyhet for fansen, og kritikerne hyller det som omtales som en \u00ablyddokumentar\u00bb.<\/p>\n<p><b>Les ogs\u00e5: <\/b><a class=\"simple-relation related-teaser article--c-eRUmMG article--c-eRUmMG-fZoQSp-design-nettavisen article--c-eRUmMG-gwthdJ-cv\" href=\"https:\/\/www.nettavisen.no\/alle-sang-pa-cheri-cheri-lady-men-bak-kulissene-raste-tysklands-villeste-pop-krig\/s\/5-95-2714841\" rel=\"nofollow noopener\" target=\"_blank\">Alle sang p\u00e5 Cheri, Cheri Lady, men bak kulissene raste Tysklands villeste pop-krig<\/a><\/p>\n<p>Helt nye spor<\/p>\n<p>\u00abBootleg Series Vol. 18\u00bb er et dypdykk i Dylans arkiver som kartlegger hans tidlige karriere og dannelses\u00e5r fra 1956 til 1963. Men dette er mer enn bare en re-utgivelse. H\u00f8ydepunktsutgaven inneholder 42 spor, og hele 18 av disse er aldri tidligere utgitt.<\/p>\n<p>Platene inneholder sjeldenheter som studio-outtakes, alternative versjoner, uformelle hjemmeopptak og liveopptredener fra hans spede begynnelse i Minneapolis og Greenwich Village.<\/p>\n<p><b>Les ogs\u00e5: <\/b><a class=\"simple-relation related-teaser article--c-eRUmMG article--c-eRUmMG-fZoQSp-design-nettavisen article--c-eRUmMG-gwthdJ-cv\" href=\"https:\/\/www.nettavisen.no\/na-kan-du-endelig-hore-born-in-the-u-s-a-slik-den-egentlig-skulle-vare\/s\/5-95-2702700\" rel=\"nofollow noopener\" target=\"_blank\">N\u00e5 kan du endelig h\u00f8re \u00abBorn in the U. S. A\u00bb slik den egentlig skulle v\u00e6re<\/a><\/p>\n<p><b>Kritikere har allerede hyllet samlingen for \u00e5 kaste nytt lys over perioden da Robert Zimmerman forvandlet seg til Bob Dylan og skrev tidl\u00f8se sanger som \u00abBlowin\u2019 in the Wind\u00bb og \u00abThe Times They Are A-Changin\u2019\u00bb.<\/b><\/p>\n<p>   <img decoding=\"async\" width=\"954\" height=\"768\" fetchpriority=\"low\"  loading=\"lazy\"  src=\"https:\/\/www.europesays.com\/no\/wp-content\/uploads\/2025\/11\/Bob+Dylan_retro.jpg\" alt=\"\" class=\"brick-c-cFOWSL\" style=\"--brick-image-ratio: 954 \/ 768;\"\/><\/p>\n<p>      Boksen gir en unik skildring av Dylans tidlige \u00e5r, da han skjerpet talentet sitt og forvandlet tradisjonelle folkesanger og l\u00f8se tekstskisser til noen av sine st\u00f8rste og mest tidl\u00f8se sanger, skriver Sony Music Norway i en pressemelding om utgivelsen.<br \/>\n      Foto: Sandy Speiser \/ Sony Music Archives\n    <\/p>\n<p>Utgivelsen har oppn\u00e5dd en imponerende score p\u00e5 96 av 100 hos samlenettstedet <a rel=\"Follow nofollow noopener\" href=\"https:\/\/www.metacritic.com\/music\/bootleg-series-vol-18-through-the-open-window-1956-1963\/bob-dylan\" target=\"_blank\">Metacritic<\/a>. Kritikere i blant annet <a rel=\"Follow nofollow noopener\" href=\"https:\/\/www.uncut.co.uk\/reviews\/bob-dylans-through-the-open-window-the-bootleg-series-vol-18-1956-1963-reviewed-documenting-the-dawn-of-a-legend-151807\/\" target=\"_blank\">UNCUT<\/a> kaller samlingen for et \u00ablyddokumentar av hvordan legenden Bob Dylan tok form\u00bb og trekker fram de mange ulike sporene vi n\u00e5 f\u00e5r h\u00f8re.<\/p>\n<blockquote class=\"brick-c-kLSvcb theme-white\">\n<p class=\"blockquote-text\">Du f\u00e5r frysninger n\u00e5r Dylan \u00e5pner konserten i Carnegie Hall i 1963, med den offentlige debuten til \u00abThe Times They Are A-Changin\u00bb.<\/p>\n<p>        Allan Jones, UNCUT\n      <\/p><\/blockquote>\n<p>Tyler, The Creator og norsk stjerneduo<\/p>\n<p>P\u00e5 en <a rel=\"Follow nofollow noopener\" href=\"https:\/\/topplista.no\/charts\/physicalalbums\/\" target=\"_blank\">fysisk albumlistas<\/a> andreplass, rett bak Bob Dylan, finner vi den amerikanske rapperen og produsenten Tyler, The Creator. Det er albumet \u00abCHROMAKOPIA\u00bb som n\u00e5 ogs\u00e5 er utgitt fysisk, og med det tar s\u00f8lvet p\u00e5 fysisk-lista.<\/p>\n<p>Ruben og Julie Bergan har landet p\u00e5 <a rel=\"Follow nofollow noopener\" href=\"https:\/\/topplista.no\/charts\/singles\/\" target=\"_blank\">singellista<\/a> denne uka p\u00e5 en 11. plass, men sin helt ferske singel \u00abDet g\u00e5r bra\u00bb. Den s\u00e5rbare l\u00e5ta om kj\u00e6rlighet som tar slutt uten at det gj\u00f8r vondt, har \u00e5penbart truffet folkets hjerter.<\/p>\n<blockquote class=\"brick-c-kLSvcb theme-white\">\n<p class=\"blockquote-text\">De mener vi kan finne frem, men jeg vil aldri dit igjen<\/p>\n<p>        Julie Bergan og Ruben, \u00abDet g\u00e5r bra\u00bb\n      <\/p><\/blockquote>\n<p>B\u00e5de Julie Bergan og Ruben har uttrykt stor takknemlighet p\u00e5 sosiale medier over at l\u00e5ta har gjort det s\u00e5 bra den siste uka.<\/p>\n<p><b>Les ogs\u00e5: <\/b><a class=\"simple-relation related-teaser article--c-eRUmMG article--c-eRUmMG-fZoQSp-design-nettavisen article--c-eRUmMG-gwthdJ-cv\" href=\"https:\/\/www.nettavisen.no\/julie-bergan-avslorer-brudd\/s\/5-95-2709959\" rel=\"nofollow noopener\" target=\"_blank\">Julie Bergan avsl\u00f8rer brudd<\/a><\/p>\n<p>P\u00e5 tross av at f\u00f8rste- og andreplassen fortsatt tilh\u00f8rer Taylor Swift og KPop Demon Hunters, er norske artister godt representerte p\u00e5 singellista. Inne p\u00e5 topp 10 finner vi nemlig ogs\u00e5 Ari Bajgora (med to l\u00e5ter!), Golf, Tobias Sten og Ylva.<\/p>\n<p>Klarer en av disse til slutt \u00e5 ta over for Swift? Det vil tiden vise, men enn s\u00e5 lenge kan du sjekke alle ukas hitlister <a rel=\"Follow nofollow noopener\" href=\"https:\/\/topplista.no\/\" target=\"_blank\">her<\/a>. PS! Norges offisielle hitlister oppdateres hver fredag.<\/p>\n","protected":false},"excerpt":{"rendered":"Musikklegenden Bob Dylan (84) beviser at han fortsatt er salgskongen. Hans nyeste utgivelse, \u00abThrough The Open Window: The&hellip;\n","protected":false},"author":2,"featured_media":81139,"comment_status":"","ping_status":"","sticky":false,"template":"","format":"standard","meta":{"footnotes":""},"categories":[58],"tags":[71,30,28,29,72],"class_list":{"0":"post-81138","1":"post","2":"type-post","3":"status-publish","4":"format-standard","5":"has-post-thumbnail","7":"category-underholdning","8":"tag-entertainment","9":"tag-no","10":"tag-norge","11":"tag-norway","12":"tag-underholdning"},"share_on_mastodon":{"url":"https:\/\/pubeurope.com\/@no\/115509300130006463","error":""},"_links":{"self":[{"href":"https:\/\/www.europesays.com\/no\/wp-json\/wp\/v2\/posts\/81138","targetHints":{"allow":["GET"]}}],"collection":[{"href":"https:\/\/www.europesays.com\/no\/wp-json\/wp\/v2\/posts"}],"about":[{"href":"https:\/\/www.europesays.com\/no\/wp-json\/wp\/v2\/types\/post"}],"author":[{"embeddable":true,"href":"https:\/\/www.europesays.com\/no\/wp-json\/wp\/v2\/users\/2"}],"replies":[{"embeddable":true,"href":"https:\/\/www.europesays.com\/no\/wp-json\/wp\/v2\/comments?post=81138"}],"version-history":[{"count":0,"href":"https:\/\/www.europesays.com\/no\/wp-json\/wp\/v2\/posts\/81138\/revisions"}],"wp:featuredmedia":[{"embeddable":true,"href":"https:\/\/www.europesays.com\/no\/wp-json\/wp\/v2\/media\/81139"}],"wp:attachment":[{"href":"https:\/\/www.europesays.com\/no\/wp-json\/wp\/v2\/media?parent=81138"}],"wp:term":[{"taxonomy":"category","embeddable":true,"href":"https:\/\/www.europesays.com\/no\/wp-json\/wp\/v2\/categories?post=81138"},{"taxonomy":"post_tag","embeddable":true,"href":"https:\/\/www.europesays.com\/no\/wp-json\/wp\/v2\/tags?post=81138"}],"curies":[{"name":"wp","href":"https:\/\/api.w.org\/{rel}","templated":true}]}}