{"id":81155,"date":"2025-11-07T16:46:12","date_gmt":"2025-11-07T16:46:12","guid":{"rendered":"https:\/\/www.europesays.com\/no\/81155\/"},"modified":"2025-11-07T16:46:12","modified_gmt":"2025-11-07T16:46:12","slug":"pendling-lederlonninger-visst-pokker-koster-det-a-bo-og-jobbe-i-nord","status":"publish","type":"post","link":"https:\/\/www.europesays.com\/no\/81155\/","title":{"rendered":"Pendling, Lederl\u00f8nninger | Visst pokker koster det \u00e5 bo og jobbe i nord"},"content":{"rendered":"\n<p>TV 2s oppslag 6. november om at Helse Nord brukte 1,49 millioner kroner p\u00e5 pendling, har utl\u00f8st en indignasjon som nesten virker uavhengig av fakta. Det er som om hele Norge i fellesskap glemmer geografien, historien og arbeidslivet v\u00e5rt idet tallene presenteres. Som om pendling var en skandale \u2013 og ikke en struktur som Nord-Norge har b\u00e5ret seg p\u00e5 i generasjoner.<\/p>\n<p><b>Visst pokker koster det \u00e5 bo og jobbe i nord.<\/b><\/p>\n<p>Det skulle selvf\u00f8lgelig bare mangle \u2013 n\u00e5r avstandene v\u00e5re er som de er, n\u00e5r samferdselen er utilstrekkelig, og n\u00e5r infrastrukturen i praksis gj\u00f8r reise til en ekstra arbeidstid i seg selv.<\/p>\n<p>Pendling i nord er ikke en luksus. Det er kulturen v\u00e5r, arbeidshistorien v\u00e5r, og et n\u00f8dvendig kompetansefelleskap som holder landsdelen i gang. Livsnerven faktisk!<\/p>\n<p>I et s\u00f8rnorsk perspektiv fremst\u00e5r pendling som et s\u00e6rtilfelle, noe eksotisk, noe som nesten m\u00e5 begrunnes moralsk. \u00abHelse S\u00f8r-\u00d8st, Helse Vest og Helse Midt-Norge svarer at ingen av foretakslederne deres pendler\u00bb (Stoksvik. Tv2, 6.11.25). Mon tro hvorfor! I nord er pendling en grunnpilar. Det har det alltid v\u00e6rt. L\u00e6rere og prester reiste fra bygd til bygd for \u00e5 dekke flere sokn. Lensmenn hadde ansvar for &laquo;hele dalf\u00f8rer&raquo;. Leger dro mellom fiskev\u00e6r for \u00e5 sikre liv og helse. Fiskere pendlet mellom Finnmark, Lofoten og hjemplassene sine gjennom \u00e5rstidene. Arbeidsfolk har seilt p\u00e5 hurtigruta i \u00e5resvis. Reindrifterne f\u00f8lger flokken, ikke kalenderen. Tekniske tjenester, h\u00e5ndverkere, mont\u00f8rer og fagfolk har reist nord norges kyst opp og ned for \u00e5 sikre drift, beredskap og teknisk infrastruktur. Og i dag pendler folk til Svalbard,offshore, til havbruk, til helsetjenester, til utdanning \u2013 og alle disse pendlerkostnadene er hundre ganger h\u00f8yere enn det Helse Nord bruker p\u00e5 \u00e5 tilby ledere et sted \u00e5 bo mens de arbeider for hele Nordland, Troms og Finnmark.<\/p>\n<p><b>Det er ingen skandale i det. Det er arbeidslivet i nord.<\/b><\/p>\n<p>Likevel skapes det overskrifter som om Helse Nord har funnet opp pendlingen som fenomen. Det har de ikke. De videref\u00f8rer en n\u00f8dvendig praksis som gj\u00f8r det mulig \u00e5 levere helsetjenester i en landsdel der avstander ikke kan forhandles med \u2013 bare h\u00e5ndteres.<\/p>\n<p>Og i denne h\u00e5ndteringen ligger det menneskelige kostnader som sjelden nevnes, men som preger livene til sv\u00e6rt mange. Pendling er ikke bare et sp\u00f8rsm\u00e5l om fly- og b\u00e5tbilletter og leiligheter. Det er frav\u00e6r fra familietid, to husholdninger, emosjonell slitasje og en arbeidshverdag som ikke slutter n\u00e5r d\u00f8ra til kontoret lukkes. I nord b\u00e6res pendlingen av hele familier \u2013 foreldre, ektefeller, barn og besteforeldre som sjelden ser hverandre i hverdagen, men som likevel st\u00e5r i det fordi regionen trenger innsatsen. Dette er usynlig arbeid, men helt avgj\u00f8rende for at samfunnsoppdragene v\u00e5re i det hele tatt kan l\u00f8ses.<\/p>\n<p>Det som samtidig overses totalt, er hvordan pendling faktisk skaper verdier i distriktene. N\u00e5r fagfolk pendler inn og ut av ulike deler av nord, betyr det at folk kan fortsette \u00e5 bo der de har r\u00f8tter, der barna g\u00e5r p\u00e5 skole, der skatteinntektene skaper lokale tjenester, og der lokalsamfunn f\u00e5r beholde livskraften sin.<\/p>\n<blockquote class=\"brick-c-kLSvcb theme-white\">\n<p class=\"blockquote-text\">Det som burde vekke reaksjoner, er at vi fortsatt mangler en nasjonal forst\u00e5else av hva det faktisk vil si \u00e5 drifte velferd, helse og beredskap i en region som fysisk er st\u00f8rre enn Danmark \u2013 men med f\u00e6rre innbyggere enn Oslo.<\/p>\n<\/blockquote>\n<p><b>Pendling i nord handler ikke om \u00e5 flytte mennesker vekk fra hus og hjem \u2013 men om \u00e5 slippe at familier m\u00e5 forlate dem. Det er en strategi for \u00e5 unng\u00e5 fraflytting, ikke en \u00e5rsak til den.<\/b><\/p>\n<p>At ledere i nord pendler, er dermed ikke et symptom p\u00e5 gr\u00e5dighet og stormannsgal styring\u2013 men p\u00e5 geografi. Avstanden mellom kompetanse og behov er ikke moralsk feil. Den er fysisk, demografisk og uunng\u00e5elig. Alternativet til pendling er ikke billigere tjenester, bedre drift eller et mer rettferdig system. Alternativet er at kritiske funksjoner st\u00e5r tomme, og at lokalsamfunn mister de tjenestene de har krav p\u00e5.<\/p>\n<p><b>Det er derfor b\u00e5de historiel\u00f8st og analytisk svakt n\u00e5r pendling i Helse Nord behandles som et s\u00e6rtilfelle verdt skandalisering.<\/b><\/p>\n<p>Det som burde vekke reaksjoner, er at vi fortsatt mangler en nasjonal forst\u00e5else av hva det faktisk vil si \u00e5 drifte velferd, helse og beredskap i en region som fysisk er st\u00f8rre enn Danmark \u2013 men med f\u00e6rre innbyggere enn Oslo.<\/p>\n<p>Det er dette debatten burde handle om:<\/p>\n<p>Hvordan vi bygger et land der geografien ikke gj\u00f8r store deler av befolkningen til tapere i offentligheten, men der vi anerkjenner at strukturelle forskjeller krever strukturelle l\u00f8sninger.<\/p>\n<p><b>Pendling er en slik l\u00f8sning. Den er ikke perfekt, men den er n\u00f8dvendig. Og den er langt rimeligere enn konsekvensene av \u00e5 ikke ha den.<\/b><\/p>\n<p>Til syvende og sist handler dette om \u00e5 forst\u00e5 at n\u00e5r en leder pendler i nord, er det ikke bare en individuell beslutning \u2013 det er et kollektivt bidrag. Det er et samfunnsoppdrag. Og det burde respekteres, ikke latterliggj\u00f8res.<\/p>\n<p>Kanskje er det ikke pendlingen som er problemet. Kanskje er det at staten ikke har levert infrastrukturen som kunne gjort pendling overfl\u00f8dig. Kanskje er det ikke regionen som skylder forklaringer \u2013 men resten av landet som skylder regionen anerkjennelse.<\/p>\n<p>Og kanskje, burde ikke pendlerutgifter i nord skandaliseres \u2013 men subsidieres.<\/p>\n","protected":false},"excerpt":{"rendered":"TV 2s oppslag 6. november om at Helse Nord brukte 1,49 millioner kroner p\u00e5 pendling, har utl\u00f8st en&hellip;\n","protected":false},"author":2,"featured_media":81156,"comment_status":"","ping_status":"","sticky":false,"template":"","format":"standard","meta":{"footnotes":""},"categories":[10],"tags":[36,20,21,24,25,10998,15,5909,22,23,8165,13,30,2698,28,29,14,1533,16,9514,10967,26,27],"class_list":{"0":"post-81155","1":"post","2":"type-post","3":"status-publish","4":"format-standard","5":"has-post-thumbnail","7":"category-norge","8":"tag-art","9":"tag-breaking-news","10":"tag-breakingnews","11":"tag-featured-news","12":"tag-featurednews","13":"tag-geografi","14":"tag-headlines","15":"tag-kompetanse","16":"tag-latest-news","17":"tag-latestnews","18":"tag-lederlonninger","19":"tag-news","20":"tag-no","21":"tag-nord-norge","22":"tag-norge","23":"tag-norway","24":"tag-nyheter","25":"tag-opinion","26":"tag-overskrifter","27":"tag-pendling","28":"tag-samfunnsoppdrag","29":"tag-top-stories","30":"tag-topstories"},"share_on_mastodon":{"url":"https:\/\/pubeurope.com\/@no\/115509433651854491","error":""},"_links":{"self":[{"href":"https:\/\/www.europesays.com\/no\/wp-json\/wp\/v2\/posts\/81155","targetHints":{"allow":["GET"]}}],"collection":[{"href":"https:\/\/www.europesays.com\/no\/wp-json\/wp\/v2\/posts"}],"about":[{"href":"https:\/\/www.europesays.com\/no\/wp-json\/wp\/v2\/types\/post"}],"author":[{"embeddable":true,"href":"https:\/\/www.europesays.com\/no\/wp-json\/wp\/v2\/users\/2"}],"replies":[{"embeddable":true,"href":"https:\/\/www.europesays.com\/no\/wp-json\/wp\/v2\/comments?post=81155"}],"version-history":[{"count":0,"href":"https:\/\/www.europesays.com\/no\/wp-json\/wp\/v2\/posts\/81155\/revisions"}],"wp:featuredmedia":[{"embeddable":true,"href":"https:\/\/www.europesays.com\/no\/wp-json\/wp\/v2\/media\/81156"}],"wp:attachment":[{"href":"https:\/\/www.europesays.com\/no\/wp-json\/wp\/v2\/media?parent=81155"}],"wp:term":[{"taxonomy":"category","embeddable":true,"href":"https:\/\/www.europesays.com\/no\/wp-json\/wp\/v2\/categories?post=81155"},{"taxonomy":"post_tag","embeddable":true,"href":"https:\/\/www.europesays.com\/no\/wp-json\/wp\/v2\/tags?post=81155"}],"curies":[{"name":"wp","href":"https:\/\/api.w.org\/{rel}","templated":true}]}}