{"id":81157,"date":"2025-11-07T16:52:09","date_gmt":"2025-11-07T16:52:09","guid":{"rendered":"https:\/\/www.europesays.com\/no\/81157\/"},"modified":"2025-11-07T16:52:09","modified_gmt":"2025-11-07T16:52:09","slug":"berg-og-dalbane-pa-grona-lund-rives-etter-dodsulykke","status":"publish","type":"post","link":"https:\/\/www.europesays.com\/no\/81157\/","title":{"rendered":"Berg-og-dalbane p\u00e5 Gr\u00f6na Lund rives etter d\u00f8dsulykke"},"content":{"rendered":"\n<p class=\"_lead_o9xde_2 _lead_xtcu6_50 layout-component text-serif-m layout-normal text-serif-l layout-component layout-wide layout-padded _wide_17hqh_1 layout-padded\">To \u00e5r etter at en kvinne d\u00f8de i en ulykke p\u00e5 berg-og-dalbanen Jetline p\u00e5 Gr\u00f6na Lund i Stockholm, er banens skjebne beseglet. <\/p>\n<p><img alt=\"Jetline har st\u00e5tt stille siden ulykken i juni 2023. N\u00e5 rives den.  Foto: Marko Saavala \/ TT via AP \/ NTB\" class=\"_image_qp4xg_65 layout-component layout-wide\" data-fullscreen- data-track-element-type=\"Article image fullscreen\" data-track-name=\"ImageFullscreen\" fetchpriority=\"high\" decoding=\"sync\" loading=\"eager\" height=\"4612\" itemprop=\"image\"  src=\"https:\/\/www.europesays.com\/no\/wp-content\/uploads\/2025\/11\/982976e3-0230-4b0b-98f7-4de926f462e9\"  style=\"object-position:0% 0%\" width=\"6918\"\/>Jetline har st\u00e5tt stille siden ulykken i juni 2023. N\u00e5 rives den.  Foto: Marko Saavala \/ TT via AP \/ NTB<\/p>\n<ul aria-hidden=\"true\" class=\"_images_18f0k_111\">\n<li><a class=\"_link_18f0k_116\" href=\"https:\/\/www.vg.no\/forfatter\/ntb\" style=\"z-index:1\" title=\"NTB\" rel=\"nofollow noopener\" target=\"_blank\"><img alt=\"Bilde av NTB\" class=\"_image_18f0k_93\" fetchpriority=\"low\" loading=\"lazy\" decoding=\"async\" itemprop=\"image\"  src=\"https:\/\/www.europesays.com\/no\/wp-content\/uploads\/2025\/11\/1762534328_386_c33980b0-5d07-4027-84a1-813f90a7c8d6\"  width=\"480\"\/><\/a><\/li>\n<\/ul>\n<p> Oppdatert fredag 7. november kl. 17:23     <\/p>\n<p class=\"_paragraph_o9xde_4 _paragraph_xtcu6_10 layout-component text-serif-m layout-normal text-serif-m layout-padded\">Administrerende direkt\u00f8r Jan Eriksson sier til lokalavisa <a href=\"https:\/\/www.mitti.se\/nyheter\/klart-efter-dodsolyckan--da-rivs-jetline-6.3.329135.8dfd4a7c5a\" class=\"_link_o9xde_39\" rel=\"nofollow noopener\" target=\"_blank\">Mitti<\/a> at det forberedende arbeidet f\u00f8r rivingen allerede er i gang, og s\u00e5 snart parken stenger for vinteren, begynner demonteringen for fullt. <\/p>\n<p class=\"_paragraph_o9xde_4 _paragraph_xtcu6_10 layout-component text-serif-m layout-normal text-serif-m layout-padded\">Rivingen kommer til \u00e5 g\u00e5 foreg\u00e5 gjennom hele vinteren.<\/p>\n<p class=\"_paragraph_o9xde_4 _paragraph_xtcu6_10 layout-component text-serif-m layout-normal text-serif-m layout-padded\"><strong class=\"_strong_o9xde_25\">\u2013 Det er et stort apparat. Gr\u00f6na Lund er et tettbebygd omr\u00e5de, og berg-og-dalbanen st\u00e5r midt i parken, sier han.<\/strong><\/p>\n<p class=\"_paragraph_o9xde_4 _paragraph_xtcu6_10 layout-component text-serif-m layout-normal text-serif-m layout-padded\">Parken har lagt planer om hva Jetline skal erstattes med, men det er hemmelig inntil videre. Berg-og-dalbanen har ikke v\u00e6rt i drift siden ulykken.<\/p>\n<p class=\"_paragraph_o9xde_4 _paragraph_xtcu6_10 layout-component text-serif-m layout-normal text-serif-m layout-padded\">I juni 2023 r\u00f8k en st\u00f8ttearm p\u00e5 h\u00f8yre side under en berg-og-dalbanevogn. Det utl\u00f8ste en br\u00e5stopp, og passasjerene ble slynget framover mot sikkerhetsb\u00f8ylen. <\/p>\n<p class=\"_paragraph_o9xde_4 _paragraph_xtcu6_10 layout-component text-serif-m layout-normal text-serif-m layout-padded\">Tre personer falt ut av vogna, en kvinne i 30-\u00e5rene d\u00f8de, og totalt ni ble skadet.<\/p>\n<p class=\"_paragraph_o9xde_4 _paragraph_xtcu6_10 layout-component text-serif-m layout-normal text-serif-m layout-padded\"><strong class=\"_strong_o9xde_25\">Her kj\u00f8rer de berg-og-dal-banen rett f\u00f8r ulykken:<\/strong><\/p>\n","protected":false},"excerpt":{"rendered":"To \u00e5r etter at en kvinne d\u00f8de i en ulykke p\u00e5 berg-og-dalbanen Jetline p\u00e5 Gr\u00f6na Lund i Stockholm,&hellip;\n","protected":false},"author":2,"featured_media":81158,"comment_status":"","ping_status":"","sticky":false,"template":"","format":"standard","meta":{"footnotes":""},"categories":[12],"tags":[20,21,24,25,10999,15,22,23,13,30,28,29,14,16,3148,26,27,42,43,44,45],"class_list":{"0":"post-81157","1":"post","2":"type-post","3":"status-publish","4":"format-standard","5":"has-post-thumbnail","7":"category-verden","8":"tag-breaking-news","9":"tag-breakingnews","10":"tag-featured-news","11":"tag-featurednews","12":"tag-fornoyelsesparker","13":"tag-headlines","14":"tag-latest-news","15":"tag-latestnews","16":"tag-news","17":"tag-no","18":"tag-norge","19":"tag-norway","20":"tag-nyheter","21":"tag-overskrifter","22":"tag-stockholm","23":"tag-top-stories","24":"tag-topstories","25":"tag-verden","26":"tag-world","27":"tag-world-news","28":"tag-worldnews"},"share_on_mastodon":{"url":"https:\/\/pubeurope.com\/@no\/115509457419594431","error":""},"_links":{"self":[{"href":"https:\/\/www.europesays.com\/no\/wp-json\/wp\/v2\/posts\/81157","targetHints":{"allow":["GET"]}}],"collection":[{"href":"https:\/\/www.europesays.com\/no\/wp-json\/wp\/v2\/posts"}],"about":[{"href":"https:\/\/www.europesays.com\/no\/wp-json\/wp\/v2\/types\/post"}],"author":[{"embeddable":true,"href":"https:\/\/www.europesays.com\/no\/wp-json\/wp\/v2\/users\/2"}],"replies":[{"embeddable":true,"href":"https:\/\/www.europesays.com\/no\/wp-json\/wp\/v2\/comments?post=81157"}],"version-history":[{"count":0,"href":"https:\/\/www.europesays.com\/no\/wp-json\/wp\/v2\/posts\/81157\/revisions"}],"wp:featuredmedia":[{"embeddable":true,"href":"https:\/\/www.europesays.com\/no\/wp-json\/wp\/v2\/media\/81158"}],"wp:attachment":[{"href":"https:\/\/www.europesays.com\/no\/wp-json\/wp\/v2\/media?parent=81157"}],"wp:term":[{"taxonomy":"category","embeddable":true,"href":"https:\/\/www.europesays.com\/no\/wp-json\/wp\/v2\/categories?post=81157"},{"taxonomy":"post_tag","embeddable":true,"href":"https:\/\/www.europesays.com\/no\/wp-json\/wp\/v2\/tags?post=81157"}],"curies":[{"name":"wp","href":"https:\/\/api.w.org\/{rel}","templated":true}]}}