{"id":81167,"date":"2025-11-07T17:01:13","date_gmt":"2025-11-07T17:01:13","guid":{"rendered":"https:\/\/www.europesays.com\/no\/81167\/"},"modified":"2025-11-07T17:01:13","modified_gmt":"2025-11-07T17:01:13","slug":"mystisk-norsk-tjern-skifter-farge-forskere-avslorer-arsaken","status":"publish","type":"post","link":"https:\/\/www.europesays.com\/no\/81167\/","title":{"rendered":"Mystisk norsk tjern skifter farge: Forskere avsl\u00f8rer \u00e5rsaken"},"content":{"rendered":"<p>  Det norske tjernet skifter farge fra gr\u00f8nt til r\u00f8dt. N\u00e5 mener forskere \u00e5 ha funnet forklaringen p\u00e5 det uvanlige fenomenet.<\/p>\n<p>\n    UNIKT: \u00c5rsaken til fargespillet i vannet skal v\u00e6re en spesiell alge, if\u00f8lge forskeren. Foto: Torfinn Kr\u00e5kenes\n  <\/p>\n<p>Den siste tida har bilder av Tormodalstjernet i Kinn kommune f\u00e5tt stor oppmerksomhet p\u00e5 sosiale medier.<\/p>\n<p>Det lille tjernet har nemlig vist seg i alt fra gule til blodr\u00f8de nyanser &#8211; et syn som har vakt b\u00e5de undring og fascinasjon.<\/p>\n<p>N\u00e5 mener professor Gunnar Bratbak ved Institutt for biovitenskap ved Universitetet i Bergen at han har funnet forklaringen p\u00e5 det fargerike fenomenet.<\/p>\n<p>Det var <a href=\"https:\/\/www.nrk.no\/vestland\/dette-er-arsaka-til-at-gatefullt-tjern-i-stad-skiftar-farge-1.17637758\" target=\"_blank\" rel=\"nofollow noopener\">NRK <\/a>som omtalte saken f\u00f8rst.<\/p>\n<p>Finnes flere steder\t<\/p>\n<p> Etter \u00e5 ha lest om det merkelige tjernet tidligere i sommer, bestemte professoren seg for \u00e5 dra dit selv. <\/p>\n<p>&#8211; Jeg var der i begynnelsen av juli og tok noen vannpr\u00f8ver, forteller professor Gunnar Bratbak til Dagbladet.<\/p>\n<p>Etter \u00e5 ha mikroskopert pr\u00f8vene og dyrket organismene som vokste i vannet, fant han og kollegene svaret: en gr\u00f8nnalge med navnet Haematococcus.<\/p>\n<p>          <img loading=\"lazy\" decoding=\"async\" src=\"https:\/\/www.europesays.com\/no\/wp-content\/uploads\/2025\/11\/83815300.webp\" width=\"980\" height=\"559\" title=\"AKTIV FASE: Livssyklusen til algen avgj\u00f8r fargen p\u00e5 vannet. Foto: Torfinn Kr\u00e5kenes\" alt=\"\" class=\"\" style=\"--aspect-ratio-image: 1.75; \"\/><\/p>\n<p>\n          AKTIV FASE: Livssyklusen til algen avgj\u00f8r fargen p\u00e5 vannet. Foto: Torfinn Kr\u00e5kenes\n      <\/p>\n<p>&#8211; Den har en ganske spesiell livssyklus. N\u00e5r forholdene er gode, er den gr\u00f8nn og aktiv. N\u00e5r milj\u00f8et blir t\u00f8ffere, g\u00e5r den i dvale og blir knallr\u00f8d. Da produserer den et fargestoff som heter astaxantin, forklarer han.<\/p>\n<p>Det er nettopp dette fargestoffet som gj\u00f8r at hele tjernet kan gl\u00f8de r\u00f8dt &#8211; og som gj\u00f8r Tormodalstjernet til et av de mer i\u00f8ynefallende naturfenomenene langs kysten.<\/p>\n<p>    <a itemprop=\"url\" href=\"https:\/\/www.dagbladet.no\/nyheter\/skjult-fare-ma-vaere-forberedt\/83817155\" rel=\"nofollow noopener\" target=\"_blank\"><\/p>\n<p>      <img loading=\"lazy\" decoding=\"async\" src=\"https:\/\/www.europesays.com\/no\/wp-content\/uploads\/2025\/11\/83817392.webp\" width=\"980\" height=\"441\" title=\"\u00abSkjult\u00bb fare: - M\u00e5 v\u00e6re forberedt\" alt=\"\" class=\"lazyload\" style=\"--aspect-ratio-image: 2.22; \"\/><\/p>\n<p>        \u00abSkjult\u00bb fare: &#8211; M\u00e5 v\u00e6re forberedt<\/p>\n<p>    <\/a><\/p>\n<p>Fenomenet er ikke helt unikt, men de sterke fargene er sjeldne.<\/p>\n<p>&#8211; Etter at saken kom p\u00e5 NRK, har jeg f\u00e5tt mange meldinger fra folk som har sett lignende dammer langs kysten. Det er nok en naturlig prosess som finnes flere steder, men her har algen f\u00e5tt spesielt gode vekstvilk\u00e5r, sier Bratbak.<\/p>\n<p>Han beskriver tjernet som et lite, selvstendig \u00f8kosystem &#8211; et sted det ville v\u00e6rt spennende \u00e5 f\u00f8lge utviklingen over tid.<\/p>\n<p>    <a itemprop=\"url\" href=\"https:\/\/www.dagbladet.no\/nyheter\/helomvending-trekker-saken\/83817620\" rel=\"nofollow noopener\" target=\"_blank\"><\/p>\n<p>      <img loading=\"lazy\" decoding=\"async\" src=\"https:\/\/www.europesays.com\/no\/wp-content\/uploads\/2025\/11\/1762534873_461_83817790.webp\" width=\"980\" height=\"441\" title=\"Helomvending: Trekker saken\" alt=\"\" class=\"lazyload\" style=\"--aspect-ratio-image: 2.22; \"\/><\/p>\n<p>        Helomvending: Trekker saken<\/p>\n<p>    <\/a><\/p>\n<p>&#8211; Denne algen dyrkes faktisk industrielt for \u00e5 lage fargestoffet astaxantin, som brukes til \u00e5 gi oppdrettslaks den karakteristiske r\u00f8dfargen. S\u00e5 du kan si at det er b\u00e5de vakkert og nyttig, sier professoren.<\/p>\n<p>Aldri sett f\u00f8r\t<\/p>\n<p>Dagbladet har ogs\u00e5 v\u00e6rt i kontakt med Torfinn Kr\u00e5kenes, som har vokst opp i n\u00e6rheten av tjernet og fulgt det siden han var barn.<\/p>\n<p>Gjennom \u00e5ra har han sett hvordan vannet skifter farge fra sitrongult til blodr\u00f8dt &#8211; et syn han har dokumentert flittig.\u00a0Bildene hans har vakt stor oppsikt p\u00e5 sosiale medier. <\/p>\n<p>          <img loading=\"lazy\" decoding=\"async\" src=\"https:\/\/www.europesays.com\/no\/wp-content\/uploads\/2025\/11\/83815299.webp\" width=\"980\" height=\"559\" title=\"SJELDENT FENOMEN: At algene har tatt over tjernet s\u00e5 fullstendig, er ikke hverdagskost, if\u00f8lge Bratbak. Foto: Torfinn Kr\u00e5kenes\" alt=\"\" class=\"\" style=\"--aspect-ratio-image: 1.75; \"\/><\/p>\n<p>\n          SJELDENT FENOMEN: At algene har tatt over tjernet s\u00e5 fullstendig, er ikke hverdagskost, if\u00f8lge Bratbak. Foto: Torfinn Kr\u00e5kenes\n      <\/p>\n<p>I sommer oppdaget han likevel noe helt nytt. Da hadde vannet f\u00e5tt et uvanlig m\u00f8nster, og det boblet p\u00e5 overflaten.<\/p>\n<p>Selv for Kr\u00e5kenes, som har sett tjernet i utallige tilstander, var dette noe han aldri hadde opplevd f\u00f8r.<\/p>\n","protected":false},"excerpt":{"rendered":"Det norske tjernet skifter farge fra gr\u00f8nt til r\u00f8dt. N\u00e5 mener forskere \u00e5 ha funnet forklaringen p\u00e5 det&hellip;\n","protected":false},"author":2,"featured_media":81168,"comment_status":"","ping_status":"","sticky":false,"template":"","format":"standard","meta":{"footnotes":""},"categories":[5],"tags":[20,21,24,25,2885,15,19,22,23,17,18,11000,13,30,28,29,14,16,4005,26,27],"class_list":{"0":"post-81167","1":"post","2":"type-post","3":"status-publish","4":"format-standard","5":"has-post-thumbnail","7":"category-overskrifter","8":"tag-breaking-news","9":"tag-breakingnews","10":"tag-featured-news","11":"tag-featurednews","12":"tag-forskning","13":"tag-headlines","14":"tag-hovedoppslag","15":"tag-latest-news","16":"tag-latestnews","17":"tag-main-news","18":"tag-mainnews","19":"tag-naturfenomen","20":"tag-news","21":"tag-no","22":"tag-norge","23":"tag-norway","24":"tag-nyheter","25":"tag-overskrifter","26":"tag-some","27":"tag-top-stories","28":"tag-topstories"},"share_on_mastodon":{"url":"https:\/\/pubeurope.com\/@no\/115509492811850180","error":""},"_links":{"self":[{"href":"https:\/\/www.europesays.com\/no\/wp-json\/wp\/v2\/posts\/81167","targetHints":{"allow":["GET"]}}],"collection":[{"href":"https:\/\/www.europesays.com\/no\/wp-json\/wp\/v2\/posts"}],"about":[{"href":"https:\/\/www.europesays.com\/no\/wp-json\/wp\/v2\/types\/post"}],"author":[{"embeddable":true,"href":"https:\/\/www.europesays.com\/no\/wp-json\/wp\/v2\/users\/2"}],"replies":[{"embeddable":true,"href":"https:\/\/www.europesays.com\/no\/wp-json\/wp\/v2\/comments?post=81167"}],"version-history":[{"count":0,"href":"https:\/\/www.europesays.com\/no\/wp-json\/wp\/v2\/posts\/81167\/revisions"}],"wp:featuredmedia":[{"embeddable":true,"href":"https:\/\/www.europesays.com\/no\/wp-json\/wp\/v2\/media\/81168"}],"wp:attachment":[{"href":"https:\/\/www.europesays.com\/no\/wp-json\/wp\/v2\/media?parent=81167"}],"wp:term":[{"taxonomy":"category","embeddable":true,"href":"https:\/\/www.europesays.com\/no\/wp-json\/wp\/v2\/categories?post=81167"},{"taxonomy":"post_tag","embeddable":true,"href":"https:\/\/www.europesays.com\/no\/wp-json\/wp\/v2\/tags?post=81167"}],"curies":[{"name":"wp","href":"https:\/\/api.w.org\/{rel}","templated":true}]}}