{"id":81188,"date":"2025-11-07T17:22:11","date_gmt":"2025-11-07T17:22:11","guid":{"rendered":"https:\/\/www.europesays.com\/no\/81188\/"},"modified":"2025-11-07T17:22:11","modified_gmt":"2025-11-07T17:22:11","slug":"orban-moter-trump-med-ett-mal-omga-sanksjonene","status":"publish","type":"post","link":"https:\/\/www.europesays.com\/no\/81188\/","title":{"rendered":"Orban m\u00f8ter Trump med ett m\u00e5l: \u2013 Omg\u00e5 sanksjonene"},"content":{"rendered":"\n<p class=\"_lead_o9xde_2 _lead_xtcu6_50 layout-component text-serif-m layout-normal text-serif-l layout-component layout-wide layout-padded _wide_17hqh_1 layout-padded\">Han omtales som \u00abPutins trojanske hest\u00bb og som en av Trumps favoritter i Europa. N\u00e5 er han p\u00e5 vei til Det ovale kontor.<\/p>\n<p><img alt=\" Foto: Manuel Balce Ceneta \/ AP \/ NTB\" class=\"_image_qp4xg_65 layout-component layout-wide\" data-fullscreen- data-track-element-type=\"Article image fullscreen\" data-track-name=\"ImageFullscreen\" fetchpriority=\"high\" decoding=\"sync\" loading=\"eager\" height=\"2331\" itemprop=\"image\"  src=\"https:\/\/www.europesays.com\/no\/wp-content\/uploads\/2025\/11\/f76b4e58-1dea-4261-badb-c4c8b3d64c60\"  style=\"object-position:0% 0%\" width=\"3500\"\/> Foto: Manuel Balce Ceneta \/ AP \/ NTB<\/p>\n<ul aria-hidden=\"true\" class=\"_images_18f0k_111\">\n<li><a class=\"_link_18f0k_116\" href=\"https:\/\/www.vg.no\/forfatter\/isak-loeve-pilskog-loe\" style=\"z-index:1\" title=\"Isak L\u00f8ve Pilskog Loe\" rel=\"nofollow noopener\" target=\"_blank\"><img alt=\"Bilde av Isak L\u00f8ve Pilskog Loe\" class=\"_image_18f0k_93\" fetchpriority=\"low\" loading=\"lazy\" decoding=\"async\" itemprop=\"image\"  src=\"https:\/\/www.europesays.com\/no\/wp-content\/uploads\/2025\/11\/1762536130_383_8b0354e3-bf53-460c-9c1c-790321a0c923\"  width=\"480\"\/><\/a><\/li>\n<\/ul>\n<p> Oppdatert fredag 7. november kl. 18:12    <\/p>\n<ul class=\"_list_o9xde_3 _list_64s2r_85 _unordered_o9xde_106 text-sans-m\">\n<li class=\"_item_o9xde_30\">Viktor Orban drar til Det hvite hus fredag for \u00e5 be president Donald Trump om unntak fra sanksjonene mot russisk olje og gass<\/li>\n<li class=\"_item_o9xde_30\">Ungarn er sv\u00e6rt avhengig av russisk olje; Orban kaller sanksjonene en \u00abfeil\u00bb og vil omg\u00e5 dem, men Trump sa i oktober at han ikke vil gi unntak.<\/li>\n<\/ul>\n<p>Vis mer <\/p>\n<p class=\"_paragraph_o9xde_4 _paragraph_xtcu6_10 layout-component text-serif-m layout-normal text-serif-m layout-padded\">Ungarns statsminister Viktor Orban har et klart m\u00e5l n\u00e5r han fredag m\u00f8ter president <a href=\"https:\/\/www.vg.no\/tag\/donald-trump-2?utm_source=vg-article&amp;utm_medium=auto-tagger&amp;utm_campaign=wgyxr5\" class=\"_link_o9xde_39\" rel=\"nofollow noopener\" target=\"_blank\">Donald Trump<\/a> i Det hvite hus: \u00c5 f\u00e5 unntak fra de nye amerikanske sanksjonene mot russiske oljeselskaper.<\/p>\n<p class=\"_paragraph_o9xde_4 _paragraph_xtcu6_10 layout-component text-serif-m layout-normal text-serif-m layout-padded\">Trump innf\u00f8rte i oktober sanksjoner mot de russiske oljegigantene Lukoil og Rosneft, noe som kan tvinge Moskva til \u00e5 stenge sine gjenv\u00e6rende oljer\u00f8rledninger til Europa. <\/p>\n<p class=\"_paragraph_o9xde_4 _paragraph_xtcu6_10 layout-component text-serif-m layout-normal text-serif-m layout-padded\">Det er d\u00e5rlige nyheter for Ungarn, som f\u00e5r mesteparten av sin olje fra Russland.<\/p>\n<p class=\"_paragraph_o9xde_4 _paragraph_xtcu6_10 layout-component text-serif-m layout-normal text-serif-m layout-padded\">Og Orban har allerede varslet at han vil finne m\u00e5ter \u00e5 omg\u00e5 sanksjonene p\u00e5.<\/p>\n<p class=\"_paragraph_o9xde_4 _paragraph_xtcu6_10 layout-component text-serif-m layout-normal text-serif-m layout-padded\">\u2013 Det er faktisk sanksjoner p\u00e5 plass mot visse russiske oljeselskaper. Jeg startet uken med \u00e5 r\u00e5df\u00f8re meg med MOLMOLMOL er Ungarns statlige energiselskap-ledere flere ganger, og vi jobber med hvordan vi kan omg\u00e5 disse sanksjonene, sa Orban til radioprogrammet \u00ab<a href=\"https:\/\/miniszterelnok.hu\/en\/prime-viktor-orban-on-the-kossuth-radio-programme-good-morning-hungary-2025-10-31\/\" class=\"_link_o9xde_39\" rel=\"nofollow noopener\" target=\"_blank\">Good Morning Hungary<\/a>\u00bb da han ble spurt om forventningene f\u00f8r m\u00f8tet med Trump.<\/p>\n<p class=\"_paragraph_o9xde_4 _paragraph_xtcu6_10 layout-component text-serif-m layout-normal text-serif-m layout-padded\">MOL er Ungarns energiselskap.<\/p>\n<p> N\u00e6re b\u00e5nd til Trump<\/p>\n<p class=\"_paragraph_o9xde_4 _paragraph_xtcu6_10 layout-component text-serif-m layout-normal text-serif-m layout-padded\">Orban og Trump har utviklet et n\u00e6rt forhold gjennom \u00e5rene. <\/p>\n<p class=\"_paragraph_o9xde_4 _paragraph_xtcu6_10 layout-component text-serif-m layout-normal text-serif-m layout-padded\">Trump ser p\u00e5 den ungarske lederen som en slags likesinnet sjel og et forbilde for de omfattende reformene han selv \u00f8nsker \u00e5 gjennomf\u00f8re i sin andre periode som president.<\/p>\n<p class=\"_paragraph_o9xde_4 _paragraph_xtcu6_10 layout-component text-serif-m layout-normal text-serif-m layout-padded\">\u2013 Det er helt riktig at de ser opp til hverandre, sier Eva Sarfi, f\u00f8rstelektor i \u00d8st-Europa-studier ved Universitetet i Oslo.<\/p>\n<p class=\"_paragraph_o9xde_4 _paragraph_xtcu6_10 layout-component text-serif-m layout-normal text-serif-m layout-padded\">Hun vil ikke kalle det for et diplomatisk kj\u00e6rlighetsforhold, men kanskje mer en slags personlig fascinasjon.<\/p>\n<p class=\"_paragraph_o9xde_4 _paragraph_xtcu6_10 layout-component text-serif-m layout-normal text-serif-m layout-padded\"><strong class=\"_strong_o9xde_25\">\u2013 Orban er en av favorittene til Trump i Europa. Jeg vil likevel tro at Trump klarer \u00e5 se det store bildet, og han sa i oktober at han ikke vil gi Ungarn det unntaket, sier Sarfi.<\/strong><\/p>\n<p class=\"_root_1xq52_1\" lang=\"en\" dir=\"auto\">Tomorrow in Washington, a summit of patriots!<\/p>\n<p>Donald Trump \ud83e\udd1d Viktor Orb\u00e1n <\/p>\n<p class=\"_paragraph_o9xde_4 _paragraph_xtcu6_10 layout-component text-serif-m layout-normal text-serif-m layout-padded\">Men at Orban er en av Trumps favoritter er nettopp derfor europeere er nerv\u00f8se f\u00f8r presidentens f\u00f8rste ansikt-til-ansikt-m\u00f8te med mannen som omtales som <a href=\"https:\/\/www.chathamhouse.org\/2023\/12\/orbans-ukraine-gamble-blow-eus-geopolitical-ambitions\" class=\"_link_o9xde_39\" rel=\"nofollow noopener\" target=\"_blank\">\u00abPutins trojanske hest\u00bb.<\/a><\/p>\n<p class=\"_paragraph_o9xde_4 _paragraph_xtcu6_10 layout-component text-serif-m layout-normal text-serif-m layout-padded\">Et unntak for Ungarn ville utgj\u00f8re et stort hull i Trumps sanksjonsregime mot Russland, og det ville ogs\u00e5 v\u00e6re et symbolsk tilbakeslag for ukrainske og europeiske ledere som i m\u00e5nedsvis har brukt en samlet stemme for \u00e5 presse presidenten til \u00e5 \u00f8ke presset mot Moskva.<\/p>\n<p>Kaller sanksjoner en \u00abfeil\u00bb<\/p>\n<p class=\"_paragraph_o9xde_4 _paragraph_xtcu6_10 layout-component text-serif-m layout-normal text-serif-m layout-padded\">Orban har kalt Trumps sanksjoner mot Russland en \u00abfeil\u00bb og argumentert med at landet ikke er klart til br\u00e5tt \u00e5 stoppe sin avhengighet av Moskvas olje p\u00e5 grunn av \u00f8konomiske forhold.<\/p>\n<p class=\"_paragraph_o9xde_4 _paragraph_xtcu6_10 layout-component text-serif-m layout-normal text-serif-m layout-padded\">\u2013 Ungarn er sv\u00e6rt avhengig av russisk olje og gass. Og uten dem vil energiprisene skyte i v\u00e6ret og for\u00e5rsake mangel i v\u00e5re forsyninger, <a href=\"https:\/\/jen.jiji.com\/jc\/eng_agt?g=adnkronos&amp;k=20251027KRONOS-202510112372566310_eng\" class=\"_link_o9xde_39\" rel=\"nofollow noopener\" target=\"_blank\">sa<\/a> han forrige m\u00e5ned.<\/p>\n<p class=\"_paragraph_o9xde_4 _paragraph_xtcu6_10 layout-component text-serif-m layout-normal text-serif-m layout-padded\">Den ungarske lederen har tidligere hevdet at Budapest ikke har noe valg annet enn \u00e5 stole p\u00e5 Russland for billig olje og gass p\u00e5 grunn av sin geografiske beliggenhet uten kyst, og har insistert p\u00e5 at prisene ellers ville eksplodere for forbrukerne.<\/p>\n<p><img alt=\"Foto: FILIP SINGER \/ EPA \/ NTB\" class=\"_image_qp4xg_65 layout-component layout-normal\" data-fullscreen- data-track-element-type=\"Article image fullscreen\" data-track-name=\"ImageFullscreen\" decoding=\"async\" loading=\"lazy\" height=\"5504\" itemprop=\"image\"  src=\"https:\/\/www.europesays.com\/no\/wp-content\/uploads\/2025\/11\/1ed88ac9-849f-464f-bc7f-be11cfeef0db\"  style=\"object-position:0% 0%\" width=\"8256\"\/>Foto: FILIP SINGER \/ EPA \/ NTB<\/p>\n<p class=\"_paragraph_o9xde_4 _paragraph_xtcu6_10 layout-component text-serif-m layout-normal text-serif-m layout-padded\">Selv om resten av EU i stor grad har vendt seg bort fra Moskvas eksport siden president Vladimir Putins fullskala invasjon av Ukraina vinteren 2022, har Ungarn og nabolandet Slovakia forblitt dypt avhengige av Kreml for \u00e5 holde lysene p\u00e5.<\/p>\n<ul class=\"_list_o9xde_3 _list_xtcu6_9 _unordered_o9xde_106 layout-component text-serif-m layout-normal text-serif-m layout-padded\">\n<li class=\"_item_o9xde_30\">Den amerikanske tenketanken Atlantic Council <a href=\"https:\/\/www.atlanticcouncil.org\/blogs\/ukrainealert\/hungary-has-alternative-energy-options-but-chooses-to-rely-on-russia\/\" class=\"_link_o9xde_39\" rel=\"nofollow noopener\" target=\"_blank\">ansl\u00e5r<\/a> at Ungarn n\u00e5 f\u00e5r 86 % av r\u00e5oljen sin fra Russland. Det er en \u00f8kning fra 61 % f\u00f8r fullskalainvasjonen av Ukraina.<\/li>\n<li class=\"_item_o9xde_30\">If\u00f8lge en <a href=\"https:\/\/energyandcleanair.org\/wp\/wp-content\/uploads\/2025\/05\/CSD_CREA_HU_SK_05_25.pdf\" class=\"_link_o9xde_39\" rel=\"nofollow noopener\" target=\"_blank\">studie<\/a> fra CREA og Centre for the Study of Democracy har Russlands oljeeksport til Ungarn og Slovakia skapt 5,4 milliarder euro i skatteinntekter for Kreml siden fullskala\u00adinvasjonen av Ukraina.<\/li>\n<\/ul>\n<p>Viktig for Orban<\/p>\n<p class=\"_paragraph_o9xde_4 _paragraph_xtcu6_10 layout-component text-serif-m layout-normal text-serif-m layout-padded\">F\u00f8rstelektor Sarfi stiller sp\u00f8rsm\u00e5l ved hva Ungarn kan tilby USA i forhandlinger.<\/p>\n<p class=\"_paragraph_o9xde_4 _paragraph_xtcu6_10 layout-component text-serif-m layout-normal text-serif-m layout-padded\">\u2013 Jeg vil ikke spekulere i det, men jeg tenker at Ungarn er et lite land. Hva kan de egentlig tilby p\u00e5 forretningssiden? sp\u00f8r hun retorisk.<\/p>\n<p class=\"_root_1xq52_1\" lang=\"en\" dir=\"auto\">\ud83c\udded\ud83c\uddfa\ud83e\udd1d\ud83c\uddfa\ud83c\uddf8 If there has ever been a golden age in Hungarian\u2013American relations, it is now.<\/p>\n<p>More than 1,400 US-owned companies operate in Hungary, providing over 100,000 jobs and driving technological progress. Cooperation between our universities, researchers, and governments has <\/p>\n<p class=\"_paragraph_o9xde_4 _paragraph_xtcu6_10 layout-component text-serif-m layout-normal text-serif-m layout-padded\">Hun anser det likevel sannsynlig at Ungarn kan f\u00e5 en overgangsperiode.<\/p>\n<p class=\"_paragraph_o9xde_4 _paragraph_xtcu6_10 layout-component text-serif-m layout-normal text-serif-m layout-padded\">\u2013 Jeg tror at Ungarn f\u00e5r en overgangsperiode, men p\u00e5 sikt m\u00e5 de koble seg fra det russiske olje- og gassnettet, sier Sarfi.<\/p>\n","protected":false},"excerpt":{"rendered":"Han omtales som \u00abPutins trojanske hest\u00bb og som en av Trumps favoritter i Europa. N\u00e5 er han p\u00e5&hellip;\n","protected":false},"author":2,"featured_media":81189,"comment_status":"","ping_status":"","sticky":false,"template":"","format":"standard","meta":{"footnotes":""},"categories":[12],"tags":[20,21,55,24,25,15,22,23,13,30,28,29,14,16,26,27,2393,42,43,44,45],"class_list":{"0":"post-81188","1":"post","2":"type-post","3":"status-publish","4":"format-standard","5":"has-post-thumbnail","7":"category-verden","8":"tag-breaking-news","9":"tag-breakingnews","10":"tag-donald-trump","11":"tag-featured-news","12":"tag-featurednews","13":"tag-headlines","14":"tag-latest-news","15":"tag-latestnews","16":"tag-news","17":"tag-no","18":"tag-norge","19":"tag-norway","20":"tag-nyheter","21":"tag-overskrifter","22":"tag-top-stories","23":"tag-topstories","24":"tag-ungarn","25":"tag-verden","26":"tag-world","27":"tag-world-news","28":"tag-worldnews"},"share_on_mastodon":{"url":"https:\/\/pubeurope.com\/@no\/115509575564756801","error":""},"_links":{"self":[{"href":"https:\/\/www.europesays.com\/no\/wp-json\/wp\/v2\/posts\/81188","targetHints":{"allow":["GET"]}}],"collection":[{"href":"https:\/\/www.europesays.com\/no\/wp-json\/wp\/v2\/posts"}],"about":[{"href":"https:\/\/www.europesays.com\/no\/wp-json\/wp\/v2\/types\/post"}],"author":[{"embeddable":true,"href":"https:\/\/www.europesays.com\/no\/wp-json\/wp\/v2\/users\/2"}],"replies":[{"embeddable":true,"href":"https:\/\/www.europesays.com\/no\/wp-json\/wp\/v2\/comments?post=81188"}],"version-history":[{"count":0,"href":"https:\/\/www.europesays.com\/no\/wp-json\/wp\/v2\/posts\/81188\/revisions"}],"wp:featuredmedia":[{"embeddable":true,"href":"https:\/\/www.europesays.com\/no\/wp-json\/wp\/v2\/media\/81189"}],"wp:attachment":[{"href":"https:\/\/www.europesays.com\/no\/wp-json\/wp\/v2\/media?parent=81188"}],"wp:term":[{"taxonomy":"category","embeddable":true,"href":"https:\/\/www.europesays.com\/no\/wp-json\/wp\/v2\/categories?post=81188"},{"taxonomy":"post_tag","embeddable":true,"href":"https:\/\/www.europesays.com\/no\/wp-json\/wp\/v2\/tags?post=81188"}],"curies":[{"name":"wp","href":"https:\/\/api.w.org\/{rel}","templated":true}]}}