{"id":81194,"date":"2025-11-07T17:26:13","date_gmt":"2025-11-07T17:26:13","guid":{"rendered":"https:\/\/www.europesays.com\/no\/81194\/"},"modified":"2025-11-07T17:26:13","modified_gmt":"2025-11-07T17:26:13","slug":"prins-harry-beklager-valg-av-los-angeles-dodgers-caps-under-world-series","status":"publish","type":"post","link":"https:\/\/www.europesays.com\/no\/81194\/","title":{"rendered":"Prins Harry beklager valg av Los Angeles Dodgers-caps under World Series"},"content":{"rendered":"<p class=\"kicker \" style=\"\">Prins Harry og Meghan<\/p>\n<p>  Prins Harry (41) legger seg flat etter en av sine opptredener.<\/p>\n<p>\n    P\u00c5 PLASS: Hertuginne Meghan og prins Harry p\u00e5 plass for \u00e5 se Toronto Blue Jays og Los Angeles Dodgers i MLB World Series-finalen p\u00e5 Dodger Stadium. Foto: Reuters\n  <\/p>\n<p>&#8211; F\u00f8rst vil jeg be Canada om unnskyldning for at jeg hadde den p\u00e5. For det andre: Jeg ble tvunget. Jeg hadde ikke noe valg, sier prins Harry til kanadiske CTV News, if\u00f8lge <a href=\"https:\/\/www.theguardian.com\/uk-news\/2025\/nov\/07\/prince-harry-meghan-baseball-la-dodgers-cap-apologise-canada\" rel=\"nofollow noopener\" target=\"_blank\">The Guardian<\/a>.<\/p>\n<p>        NEKTER: Prinsesse M\u00e4rtha Louise svarer p\u00e5 noen bisarre rykter som har spredt seg den siste tiden. Reporter: Nora Skavhaug \/ R\u00f8d L\u00f8per. Video: Danny Son Ngoc To \/ Dagbladet TV. <\/p>\n<p>Han ber Canada om unnskyldning etter at han og kona Hertuginne Meghan (44) ble fotografert med Los Angeles DoSdgers-caps under en World Series-kamp mot kanadiske Toronto Blue Jays.<\/p>\n<p>Hertugen, som n\u00e5 er i Canada i forbindelse med arrangementer under Remembrance Week,\u00a0forklarer valget av hodeplagg p\u00e5 f\u00f8lgende m\u00e5te:<\/p>\n<p>&#8211; N\u00e5r du mangler en del h\u00e5r p\u00e5 toppen og sitter under lyskastere, tar du hvilken som helst caps som er tilgjengelig, forklarer han i intervjuet med den kanadiske TV-kanalen. <\/p>\n<p>        VIRALT: Kritikken hagler mot Hertuginne Meghan en video av henne og Prins Harry har g\u00e5tt viralt p\u00e5 nettet. Video: @Sussexroyal_hm via Instagram \/ R\u00f8d L\u00f8per.<\/p>\n<p>I ettertid har prins Harry skaffet seg en Toronto Blue Jays-caps.<\/p>\n<p>        T\u00d8FT: Sebastian Solberg \u00e5pner seg om at det siste \u00e5ret har v\u00e6rt vanskelig. Reporter: Nora Skavhaug \/ R\u00f8d L\u00f8per. Video: Danny Son Ngoc To. <\/p>\n<p class=\"font-weight-bold m-font-weight-bold\" data-lab-font_weight=\"font-weight-bold\">&#8211; N\u00e5 som jeg har innr\u00f8mmet det, blir det ganske vanskelig for meg \u00e5 reise tilbake til Los Angeles.<\/p>\n<p> Los Angeles Dodgers ble det f\u00f8rste laget p\u00e5 25 \u00e5r til \u00e5 vinne World Series to \u00e5r p\u00e5 rad, etter \u00e5 ha snudd kampen og sl\u00e5tt Toronto Blue Jays 5-4 etter ekstraomganger i den sjuende og avgj\u00f8rende kampen. <\/p>\n","protected":false},"excerpt":{"rendered":"Prins Harry og Meghan Prins Harry (41) legger seg flat etter en av sine opptredener. P\u00c5 PLASS: Hertuginne&hellip;\n","protected":false},"author":2,"featured_media":81026,"comment_status":"","ping_status":"","sticky":false,"template":"","format":"standard","meta":{"footnotes":""},"categories":[59],"tags":[479,8173,30,28,29,75,83,82],"class_list":{"0":"post-81194","1":"post","2":"type-post","3":"status-publish","4":"format-standard","5":"has-post-thumbnail","7":"category-sport","8":"tag-kjendis","9":"tag-meghan-markle","10":"tag-no","11":"tag-norge","12":"tag-norway","13":"tag-prins-harry","14":"tag-sport","15":"tag-sports"},"share_on_mastodon":{"url":"https:\/\/pubeurope.com\/@no\/115509591234099539","error":""},"_links":{"self":[{"href":"https:\/\/www.europesays.com\/no\/wp-json\/wp\/v2\/posts\/81194","targetHints":{"allow":["GET"]}}],"collection":[{"href":"https:\/\/www.europesays.com\/no\/wp-json\/wp\/v2\/posts"}],"about":[{"href":"https:\/\/www.europesays.com\/no\/wp-json\/wp\/v2\/types\/post"}],"author":[{"embeddable":true,"href":"https:\/\/www.europesays.com\/no\/wp-json\/wp\/v2\/users\/2"}],"replies":[{"embeddable":true,"href":"https:\/\/www.europesays.com\/no\/wp-json\/wp\/v2\/comments?post=81194"}],"version-history":[{"count":0,"href":"https:\/\/www.europesays.com\/no\/wp-json\/wp\/v2\/posts\/81194\/revisions"}],"wp:featuredmedia":[{"embeddable":true,"href":"https:\/\/www.europesays.com\/no\/wp-json\/wp\/v2\/media\/81026"}],"wp:attachment":[{"href":"https:\/\/www.europesays.com\/no\/wp-json\/wp\/v2\/media?parent=81194"}],"wp:term":[{"taxonomy":"category","embeddable":true,"href":"https:\/\/www.europesays.com\/no\/wp-json\/wp\/v2\/categories?post=81194"},{"taxonomy":"post_tag","embeddable":true,"href":"https:\/\/www.europesays.com\/no\/wp-json\/wp\/v2\/tags?post=81194"}],"curies":[{"name":"wp","href":"https:\/\/api.w.org\/{rel}","templated":true}]}}