{"id":81195,"date":"2025-11-07T17:27:26","date_gmt":"2025-11-07T17:27:26","guid":{"rendered":"https:\/\/www.europesays.com\/no\/81195\/"},"modified":"2025-11-07T17:27:26","modified_gmt":"2025-11-07T17:27:26","slug":"den-uventede-romansen-som-sjokkerer","status":"publish","type":"post","link":"https:\/\/www.europesays.com\/no\/81195\/","title":{"rendered":"Den uventede romansen som sjokkerer"},"content":{"rendered":"<p class=\"kicker \" style=\"\">Justin Trodeu og Katy Perry:<\/p>\n<p>  Den tidligere flammen til sangerinnen tar bladet fra munnen i en oppsiktsvekkende uttalelse.<\/p>\n<p>\n    ROMANSEN BLOMSTRER:Den angivelige romansen mellom Katy Perry og Justin Trodeau har f\u00e5tt internasjonal oppmerksomhet. Foto: THE CANADIAN PRESS\/Frank Gunn, AP\/Invision &#8211; Jordan Strauss\n  <\/p>\n<p>Det er sv\u00e6rt f\u00e5 som ikke har f\u00e5tt med seg den spennende &#8211; og noks\u00e5 uventede &#8211; romansen mellom tidligere statsminister Justin Trodeau (53) og popstjernen Katy Perry (41).<\/p>\n<p>Den oppsiktsvekkende fl\u00f8rten startet s\u00e5 sm\u00e5tt etter at Katy og Justin ble fanget p\u00e5 kamera i en het omfavnelse p\u00e5 en yatch i sommer &#8211; kort tid etter at bruddet med hennes tidligere partner Orlando Bloom (48) var offentliggjort.<\/p>\n<p>          <img loading=\"lazy\" decoding=\"async\" src=\"https:\/\/www.europesays.com\/no\/wp-content\/uploads\/2025\/11\/83713281.webp\" width=\"980\" height=\"559\" title=\"AVSL\u00d8RT: Katy Perry og Justin Trudeau ble avbildet mens de sto tett omslynget p\u00e5 dekk p\u00e5 Katys luksusyacht i Santa Barbara. N\u00e5 ser det ut til at de har gjort forholdet offentlig. Foto: SWNS \/ NTB\" alt=\"\" class=\"\" style=\"--aspect-ratio-image: 1.75; \"\/><\/p>\n<p>\n          AVSL\u00d8RT: Katy Perry og Justin Trudeau ble avbildet mens de sto tett omslynget p\u00e5 dekk p\u00e5 Katys luksusyacht i Santa Barbara. N\u00e5 ser det ut til at de har gjort forholdet offentlig. Foto: SWNS \/ NTB\n      <\/p>\n<p class=\"font-weight-bold m-font-weight-bold\" data-lab-font_weight=\"font-weight-bold\">Verken Justin eller Katy har bekreftet eller avkreftet romanseryktene som florerer rundt dem, men etter at sangerinnen og politikeren nylig ble avbildet h\u00e5nd i h\u00e5nd i Paris, er det ikke lenger mulig \u00e5 skjule at det skal ha oppst\u00e5tt s\u00f8t musikk mellom partene.<\/p>\n<p>Stjernespekket forholdsliste\t<\/p>\n<p>Det er ikke f\u00f8rste gang den verdenskjente popstjernen har f\u00e5tt spalteplass i media grunnet sine romantiske eskapader. Hun har tidligere v\u00e6rt i et mye omtalt og langvarig forhold med Orlando Bloom, skapte overskrifter da ekteskapet mellom Russell Brand (50) havarerte p\u00e5 sjokkerende vis, og fikk privatlivet brettet ut etter at hun var romantisk involvert med sangeren John Mayer (48).\u00a0<\/p>\n<p>          <img loading=\"lazy\" decoding=\"async\" src=\"https:\/\/www.europesays.com\/no\/wp-content\/uploads\/2025\/11\/83803102.webp\" width=\"980\" height=\"559\" title=\"GIFT - OG SKILT: Katy Perry og Russell Brand giftet seg i 2010 - og skilte seg i 2012. Brand skal ha informert kona om at han hadde s\u00f8kt om skilsmisse via tekstmelding. Foto: UPI\/Shutterstock\" alt=\"\" class=\"\" style=\"--aspect-ratio-image: 1.75; \"\/><\/p>\n<p>\n          GIFT &#8211; OG SKILT: Katy Perry og Russell Brand giftet seg i 2010 &#8211; og skilte seg i 2012. Brand skal ha informert kona om at han hadde s\u00f8kt om skilsmisse via tekstmelding. Foto: UPI\/Shutterstock\n      <\/p>\n<p>          <img loading=\"lazy\" decoding=\"async\" src=\"https:\/\/www.europesays.com\/no\/wp-content\/uploads\/2025\/11\/83713169.webp\" width=\"980\" height=\"559\" title=\"OVER: Orlando og Katy var sammen i ti \u00e5r f\u00f8r de gikk hver til sitt tidligere i \u00e5r. Foto: SplashNews\" alt=\"\" class=\"\" style=\"--aspect-ratio-image: 1.75; \"\/><\/p>\n<p>\n          OVER: Orlando og Katy var sammen i ti \u00e5r f\u00f8r de gikk hver til sitt tidligere i \u00e5r. Foto: SplashNews\n      <\/p>\n<p>Etter bruddet med sistnevnte, ga han ut l\u00e5ten \u00abStill feel like your man\u00bb, som han senere bekreftet handlet om bruddet til sangerinnen.<\/p>\n<p>          <img loading=\"lazy\" decoding=\"async\" src=\"https:\/\/www.europesays.com\/no\/wp-content\/uploads\/2025\/11\/83803095.webp\" width=\"980\" height=\"559\" title=\"AV OG P\u00c5: Katy Perry og John Mayer var i et av-og-p\u00e5 forhold fra 2012 til 2015. Foto: Mannie Garcia\/UPI\/Shutterstock\" alt=\"\" class=\"\" style=\"--aspect-ratio-image: 1.75; \"\/><\/p>\n<p>\n          AV OG P\u00c5: Katy Perry og John Mayer var i et av-og-p\u00e5 forhold fra 2012 til 2015. Foto: Mannie Garcia\/UPI\/Shutterstock\n      <\/p>\n<p class=\"font-weight-bold m-font-weight-bold\" data-lab-font_weight=\"font-weight-bold\">Et av forholdene som derimot ikke har f\u00e5tt like mye oppmerksomhet, er det forholdet hun skal ha hatt med DJen Thomas Pentz &#8211; ogs\u00e5 kjent under artistnavnet Diplo (46).<\/p>\n<p>          <img loading=\"lazy\" decoding=\"async\" src=\"https:\/\/www.europesays.com\/no\/wp-content\/uploads\/2025\/11\/83803126.webp\" width=\"980\" height=\"559\" title=\"KORTVARIG: Page Six skriver at Diplo og Katy Perry hadde en virvelvindromanse i 2014. Foto: David X Prutting\/BFA.com\/Shutterstock\" alt=\"\" class=\"\" style=\"--aspect-ratio-image: 1.75; \"\/><\/p>\n<p>\n          KORTVARIG: Page Six skriver at Diplo og Katy Perry hadde en virvelvindromanse i 2014. Foto: David X Prutting\/BFA.com\/Shutterstock\n      <\/p>\n<p class=\"font-weight-bold m-font-weight-bold\" data-lab-font_weight=\"font-weight-bold\">Da den verdenskjente DJen nylig gjestet podkasten \u00abSmart Girl Dumb Questions\u00bb, kom han med en noks\u00e5 sjokkerende uttalelse &#8211; han hevdet i podkasten at han hadde datet b\u00e5de Katy Perry og hennes nye flamme Justin Trudeau.<\/p>\n<p>Diplo, som tidligere har hatt en kortvarig aff\u00e6re med sangerinnen, tok programlederen litt p\u00e5 senga med p\u00e5standen om at han angivelig skal ha hatt en liten fl\u00f8rt med med den tidligere statsministeren &#8211; som ekskj\u00e6resten n\u00e5 dater.<\/p>\n<p>    <a itemprop=\"url\" href=\"https:\/\/www.seher.no\/kongelig\/ma-legge-ned\/83802930\" rel=\"nofollow noopener\" target=\"_blank\"><\/p>\n<p>      <img loading=\"lazy\" decoding=\"async\" src=\"https:\/\/www.europesays.com\/no\/wp-content\/uploads\/2025\/11\/83802936.webp\" width=\"980\" height=\"441\" title=\"M\u00e5 legge ned\" alt=\"\" class=\"lazyload\" style=\"--aspect-ratio-image: 2.22; \"\/><\/p>\n<p>        M\u00e5 legge ned<\/p>\n<p>    <\/a><\/p>\n<p class=\"font-weight-bold m-font-weight-bold\" data-lab-font_weight=\"font-weight-bold\">&#8211; Det var litt rart, fordi &#8230; jeg er egentlig ikke s\u00e5 interessert i politikere, var blant det han uttalte i podkasten.<\/p>\n<p>        BESVIMER: Da Katy Perry inviterte tilfeldige fans opp p\u00e5 scenen p\u00e5 hennes konsert i Detroit, gikk det ikke helt slik det skulle. Video: X \/ Youtube \/ R\u00f8d L\u00f8per.<\/p>\n<p>Det var noks\u00e5 uklart om Diplo kom med en liten sp\u00f8k &#8211; eller om han mente det han sa i episoden. Programlederen m\u00e5tte derfor ut p\u00e5 sin offisielle Youtube-kanal og rydde opp f\u00f8r ryktene skulle spre seg ytterligere;<\/p>\n<p class=\"font-weight-bold m-font-weight-bold\" data-lab-font_weight=\"font-weight-bold\">Det hele hadde bare v\u00e6rt et fors\u00f8k p\u00e5 \u00e5 komme med en liten sp\u00f8k &#8211; han hadde faktisk ikke v\u00e6rt romantisk involvert med den kanadiske politikeren.<\/p>\n<p>    <a itemprop=\"url\" href=\"https:\/\/www.seher.no\/kjendis\/ny-vending-anmeldt-for-trakassering\/83801872\" rel=\"nofollow noopener\" target=\"_blank\"><\/p>\n<p>      <img loading=\"lazy\" decoding=\"async\" src=\"https:\/\/www.europesays.com\/no\/wp-content\/uploads\/2025\/11\/1762536445_291_82771671.webp\" width=\"980\" height=\"441\" title=\"Ny vending: Anmeldt for trakassering!\" alt=\"\" class=\"lazyload\" style=\"--aspect-ratio-image: 2.22; \"\/><\/p>\n<p>        Ny vending: Anmeldt for trakassering!<\/p>\n<p>    <\/a><\/p>\n<p>Det som derimot er sant, er at Diplo og Katy Perry hadde en liten fl\u00f8rt tilbake i 2014. Duoen ble observert p\u00e5 kjendisfestivalen Coachella sammen &#8211; i het omfavnelse.\u00a0<\/p>\n<p>Tre \u00e5r senere, i 2017, rangerte ogs\u00e5 Katy ham som sin tredje beste elsker &#8211; en solid pallplass bak Orlando Bloom og John Mayer. Denne pikante avsl\u00f8ringen serverte hun under en direktesendt prat med talkshow-vert James Corden, skriver <a href=\"https:\/\/pagesix.com\/2025\/11\/02\/celebrity-news\/diplo-makes-shocking-claim-about-katy-perry-and-justin-trudeau-amid-their-new-romance\/?_gl=1*c00i6s*_ga*MjAxOTUwNzY3LjE3NjExMjY3ODc.*_ga_0DZ7LHF5PZ*czE3NjIxNjA0MTckbzMkZzEkdDE3NjIxNjA1MzckajU4JGwwJGgw\" rel=\"nofollow noopener\" target=\"_blank\">Page Six.<\/a><\/p>\n<p>        I kveld er det duket for Alexandra Joners \u00e5rlige halloweenfest. Durek og M\u00e4rtha dukket opp p\u00e5 den r\u00f8de l\u00f8peren. Reporter: Karolina Rusov-Hansen. Video: Nicolai Alcaniz<\/p>\n<p>Diplo responderte den gang p\u00e5 X, tidligere Twitter, med meldingene:<\/p>\n<p>\u00ab\u00abJeg kan ikke engang huske at vi hadde sex&#8230;\u00bb, og<\/p>\n<p class=\"font-weight-bold m-font-weight-bold\" data-lab-font_weight=\"font-weight-bold\">\u00abJeg vant bronsemedaljen i de Olympiske sex-lekene!\u00bb<\/p>\n<p>          <img loading=\"lazy\" decoding=\"async\" src=\"https:\/\/www.europesays.com\/no\/wp-content\/uploads\/2025\/11\/83803163.webp\" width=\"686\" height=\"515\" title=\"Foto: Skjermdump fra X\" alt=\"\" class=\"\" style=\"--aspect-ratio-image: 1.33; \"\/><\/p>\n<p>\n          Foto: Skjermdump fra X\n      <\/p>\n<p>\u00abHodestups forelsket\u00bb\t<\/p>\n<p>B\u00e5de Diplo, Orlando og Russell er et lukket kapittel for Katy &#8211; som str\u00e5ler med sin nye flamme.<\/p>\n<p>          <img loading=\"lazy\" decoding=\"async\" src=\"https:\/\/www.europesays.com\/no\/wp-content\/uploads\/2025\/11\/83713248.webp\" width=\"980\" height=\"559\" title=\"UTIPPET: Det var nok ikke mange som hadde sett for seg at tidligere statsminister i Canada og Katy Perry skulle finne tonen. Foto: THE CANADIAN PRESS\/Frank Gunn, AP\/Invision - Jordan Strauss\" alt=\"\" class=\"\" style=\"--aspect-ratio-image: 1.75; \"\/><\/p>\n<p>\n          UTIPPET: Det var nok ikke mange som hadde sett for seg at tidligere statsminister i Canada og Katy Perry skulle finne tonen. Foto: THE CANADIAN PRESS\/Frank Gunn, AP\/Invision &#8211; Jordan Strauss\n      <\/p>\n<p>Kilder forteller til nettstedet Page Six at politikeren ogs\u00e5 er hodestups forelsket i artisten &#8211; og mener hun er den perfekte kvinnen.<\/p>\n","protected":false},"excerpt":{"rendered":"Justin Trodeu og Katy Perry: Den tidligere flammen til sangerinnen tar bladet fra munnen i en oppsiktsvekkende uttalelse.&hellip;\n","protected":false},"author":2,"featured_media":81196,"comment_status":"","ping_status":"","sticky":false,"template":"","format":"standard","meta":{"footnotes":""},"categories":[58],"tags":[11001,4104,71,5941,8706,3007,479,30,28,29,8869,11002,72],"class_list":{"0":"post-81195","1":"post","2":"type-post","3":"status-publish","4":"format-standard","5":"has-post-thumbnail","7":"category-underholdning","8":"tag-diplo","9":"tag-eksklusivt","10":"tag-entertainment","11":"tag-john-mayer","12":"tag-justin-trudeau","13":"tag-katy-perry","14":"tag-kjendis","15":"tag-no","16":"tag-norge","17":"tag-norway","18":"tag-orlando-bloom","19":"tag-russell-brand","20":"tag-underholdning"},"share_on_mastodon":{"url":"https:\/\/pubeurope.com\/@no\/115509595081144558","error":""},"_links":{"self":[{"href":"https:\/\/www.europesays.com\/no\/wp-json\/wp\/v2\/posts\/81195","targetHints":{"allow":["GET"]}}],"collection":[{"href":"https:\/\/www.europesays.com\/no\/wp-json\/wp\/v2\/posts"}],"about":[{"href":"https:\/\/www.europesays.com\/no\/wp-json\/wp\/v2\/types\/post"}],"author":[{"embeddable":true,"href":"https:\/\/www.europesays.com\/no\/wp-json\/wp\/v2\/users\/2"}],"replies":[{"embeddable":true,"href":"https:\/\/www.europesays.com\/no\/wp-json\/wp\/v2\/comments?post=81195"}],"version-history":[{"count":0,"href":"https:\/\/www.europesays.com\/no\/wp-json\/wp\/v2\/posts\/81195\/revisions"}],"wp:featuredmedia":[{"embeddable":true,"href":"https:\/\/www.europesays.com\/no\/wp-json\/wp\/v2\/media\/81196"}],"wp:attachment":[{"href":"https:\/\/www.europesays.com\/no\/wp-json\/wp\/v2\/media?parent=81195"}],"wp:term":[{"taxonomy":"category","embeddable":true,"href":"https:\/\/www.europesays.com\/no\/wp-json\/wp\/v2\/categories?post=81195"},{"taxonomy":"post_tag","embeddable":true,"href":"https:\/\/www.europesays.com\/no\/wp-json\/wp\/v2\/tags?post=81195"}],"curies":[{"name":"wp","href":"https:\/\/api.w.org\/{rel}","templated":true}]}}