{"id":81212,"date":"2025-11-07T17:42:48","date_gmt":"2025-11-07T17:42:48","guid":{"rendered":"https:\/\/www.europesays.com\/no\/81212\/"},"modified":"2025-11-07T17:42:48","modified_gmt":"2025-11-07T17:42:48","slug":"jeg-provde-a-fange-skytteren","status":"publish","type":"post","link":"https:\/\/www.europesays.com\/no\/81212\/","title":{"rendered":"&#8211; Jeg pr\u00f8vde \u00e5 fange skytteren"},"content":{"rendered":"<p class=\"kicker \" style=\"\">Skudd p\u00e5 H\u00f8ybr\u00e5ten i Oslo:<\/p>\n<p>  Kvinnen satt i stua og slappet av da maskerte menn skj\u00f8t gjennom d\u00f8ra hennes. N\u00e5 forteller hun om dramaet.<\/p>\n<p>\n    DER KULENE TRAFF: Politiet har merket av p\u00e5 d\u00f8ra hvor kulene traff. Men det var bare tilfeldigheter at det ikke ble personskader, forteller en av beboerne til Dagbladet. Foto: Hans O. Torgersen\n  <\/p>\n<p>&#8211; Jeg er bare en vanlig person med vanlig jobb, sier kvinnen<br \/>\ntil Dagbladet.<\/p>\n<p>Hun er oppr\u00f8rt, men rolig, etter skyteepisoden mot rekkehuset<br \/>\nhun bor i p\u00e5 H\u00f8ybr\u00e5ten i Oslo torsdag kveld. To gutter p\u00e5 17 \u00e5r ble siktet for drapsfors\u00f8k i saken &#8211; f\u00f8r siktelsen ble endret til grove trusler og grov ulovlig befatning med skytev\u00e5pen, if\u00f8lge\u00a0<a href=\"https:\/\/www.nrk.no\/stor-oslo\/skudd-avfyrt-mot-bolig-pa-hoybraten-i-oslo-1.17643157\" rel=\"nofollow noopener\" target=\"_blank\">NRK<\/a>.\u00a0<\/p>\n<p class=\"font-weight-bold m-font-weight-bold\" data-lab-font_weight=\"font-weight-bold\">&#8211; Vi var hjemme, dattera mi var p\u00e5 soverommet og jeg satt<br \/>\nved bordet i stua og leste p\u00e5 nettet. Da smalt det, og et skudd kom gjennom d\u00f8ra.<br \/>\nJeg ble sjokkert, sier kvinnen.<\/p>\n<p class=\"font-weight-bold m-font-weight-bold\" data-lab-font_weight=\"font-weight-bold\"> If\u00f8lge politiet var det tre personer i boligen. Den tredje personen var kvinnens bror, opplyser hun. Hennes andre barn var ikke til stede.\u00a0<\/p>\n<p>&#8211; Dattera mi ringte politiet, jeg pr\u00f8vde \u00e5 \u00e5pne d\u00f8ra for \u00e5<br \/>\nfange skytteren.<\/p>\n<p>Da, avsl\u00f8rer kvinnen, var det n\u00e6re p\u00e5 at hun ble truffet<br \/>\nselv.<\/p>\n<p>&#8211; Jeg pr\u00f8vde \u00e5 g\u00e5 ut, men da kom det et skudd til.<\/p>\n<p class=\"italic m-italic\" data-lab-italic=\"italic\">&#8211; Du kunne alts\u00e5 ha blitt truffet?<\/p>\n<p>&#8211; Ja, jeg var i n\u00e6rheten av d\u00f8ra. Jeg tenkte: \u00abHva skjer?!<br \/>\nHva er dette for noe?! Er det tilfeldig?!\u00bb\u00a0<\/p>\n<p>          <img loading=\"lazy\" decoding=\"async\" src=\"https:\/\/www.europesays.com\/no\/wp-content\/uploads\/2025\/11\/83821817.webp\" width=\"980\" height=\"559\" title=\"ETTERFORSKER: Politiet var i natt i gang med \u00e5 unders\u00f8ke \u00e5stedet for skytingen. Foto: Hans O. Torgersen\" alt=\"\" class=\"\" style=\"--aspect-ratio-image: 1.75; \"\/><\/p>\n<p>\n          ETTERFORSKER: Politiet var i natt i gang med \u00e5 unders\u00f8ke \u00e5stedet for skytingen. Foto: Hans O. Torgersen\n      <\/p>\n<p>Maskert med gev\u00e6r\t<\/p>\n<p>Kvinnen forteller at datteren s\u00e5 skytterne.<\/p>\n<p>&#8211; Dattera mi skrek, hun s\u00e5 dem, hun s\u00e5 at de pr\u00f8vde \u00e5 skyte<br \/>\nflere skudd. <\/p>\n<p class=\"italic m-italic\" data-lab-italic=\"italic\">&#8211; Var de maskert?<\/p>\n<p>&#8211; De var maskert, if\u00f8lge dattera mi, de s\u00e5 ut som de var 15-16 \u00e5r gamle. De pr\u00f8vde \u00e5 skyte flere skudd, men<br \/>\nklarte ikke. De var stresset.\u00a0<\/p>\n<p class=\"font-weight-bold m-font-weight-bold\" data-lab-font_weight=\"font-weight-bold\">If\u00f8lge kvinnen s\u00e5 det ut til at skytterne hadde et jaktv\u00e5pen, kanskje ei<br \/>\nhagle &#8211; og ikke pistol eller automatgev\u00e6r. Derfor var det vrient \u00e5 f\u00e5 til flere<br \/>\nenn de to skuddene som kom.<\/p>\n<p class=\"italic m-italic\" data-lab-italic=\"italic\">&#8211; Hvordan g\u00e5r det med dere n\u00e5?<\/p>\n<p>&#8211; Det g\u00e5r bra. Men jeg trodde dette var et trygt land, og<br \/>\ndet har v\u00e6rt det fram til n\u00e5. Men dette er uakseptabelt.<\/p>\n<p>Stakk i taxi\t<\/p>\n<p>To personer <a href=\"https:\/\/www.dagbladet.no\/nyheter\/pagrepet-i-taxi-etter-skyteepisode\/83821042\" rel=\"nofollow noopener\" target=\"_blank\">ble p\u00e5grepet i en taxi ikke lenge etter skytingen<\/a>.<\/p>\n<p class=\"font-weight-bold m-font-weight-bold\" data-lab-font_weight=\"font-weight-bold\">&#8211; To personer som kan knyttes til hendelsen, er n\u00e5 p\u00e5grepet i n\u00e6rheten av stedet hvor hendelsen oppsto, opplyste operasjonsleder \u00d8yvind Hammervold i Oslo politidistrikt, i en uttalelse til pressen, like f\u00f8r midnatt natt til fredag.<\/p>\n<p>          <img loading=\"lazy\" decoding=\"async\" src=\"https:\/\/www.europesays.com\/no\/wp-content\/uploads\/2025\/11\/83821818.webp\" width=\"980\" height=\"657\" title=\"STOR AKSJON: Politiet rykket ut med store mannskaper i natt. Kort tid etter skytingen ble to personer p\u00e5grepet i en taxi. Foto: Hans O. Torgersen\" alt=\"\" class=\"\" style=\"--aspect-ratio-image: 1.49; \"\/><\/p>\n<p>\n          STOR AKSJON: Politiet rykket ut med store mannskaper i natt. Kort tid etter skytingen ble to personer p\u00e5grepet i en taxi. Foto: Hans O. Torgersen\n      <\/p>\n<p>Han \u00f8nsket av hensyn til etterforskningen ikke \u00e5 gi ytterligere detaljer om disse, utover at det er to menn &#8211; og at de ble p\u00e5grepet i en taxi i n\u00e6rheten.<\/p>\n<p>&#8211; Det er ingen holdepunkter n\u00e5 for at det er andre gjerningspersoner, opplyser operasjonslederen, og legger til at de heller ikke har noen holdepunkter for at det er farlig for andre.<\/p>\n<p>Bestilte taxi<\/p>\n<p> Politiet fikk flere meldingen om skudd rundt klokka 23 torsdag og rykket ut med store ressurser.\u00a0<\/p>\n<p>Flukt-taxien<a href=\"https:\/\/www.dagbladet.no\/nyheter\/knytter-seg-til-hendelsen\/83821042?articleToken=f0e2697a139019bf444e6c89c9f21261a7a49610dde0c233e1c7027e2371b08f\" rel=\"nofollow noopener\" target=\"_blank\"> ble bestilt til en adresse p\u00e5 H\u00f8ybr\u00e5ten, if\u00f8lge NTB<\/a>. Etter rundt 200 meters kj\u00f8ring ble bilen stanset, og politiet p\u00e5grep de to passasjerene. Mennene har status som mistenkte.<\/p>\n<p>&#8211; De to p\u00e5grepne knytter seg til hendelsen, opplyser operasjonsleder \u00d8yvind Hammervold i Oslo politidistrikt til\u00a0<a href=\"https:\/\/www.nrk.no\/stor-oslo\/skudd-avfyrt-mot-bolig-pa-hoybraten-i-oslo-1.17643157\" target=\"_blank\" rel=\"nofollow noopener\">NRK<\/a>.<\/p>\n<p> Det har i h\u00f8st v\u00e6rt\u00a0<a href=\"https:\/\/www.dagbladet.no\/emne\/krim\" rel=\"nofollow noopener\" target=\"_blank\">flere voldshendelser som if\u00f8lge politiet knyttes til gjeld til svenske kriminelle nettverk<\/a>. P\u00e5 sp\u00f8rsm\u00e5l om politiet tror hendelsen kan v\u00e6re gjengrelatert, svarer Hammervold til NRK at de jobber ut ifra flere hypoteser.<\/p>\n<p>&#8211; Vi kan ikke utelukke det. N\u00f8yaktig hva som er bakenforliggende \u00e5rsaker er det for tidlig \u00e5 uttale seg om.<\/p>\n","protected":false},"excerpt":{"rendered":"Skudd p\u00e5 H\u00f8ybr\u00e5ten i Oslo: Kvinnen satt i stua og slappet av da maskerte menn skj\u00f8t gjennom d\u00f8ra&hellip;\n","protected":false},"author":2,"featured_media":81213,"comment_status":"","ping_status":"","sticky":false,"template":"","format":"standard","meta":{"footnotes":""},"categories":[5],"tags":[20,21,24,25,15,19,2539,983,22,23,17,18,13,30,28,29,14,16,26,27],"class_list":{"0":"post-81212","1":"post","2":"type-post","3":"status-publish","4":"format-standard","5":"has-post-thumbnail","7":"category-overskrifter","8":"tag-breaking-news","9":"tag-breakingnews","10":"tag-featured-news","11":"tag-featurednews","12":"tag-headlines","13":"tag-hovedoppslag","14":"tag-innenriks","15":"tag-krim","16":"tag-latest-news","17":"tag-latestnews","18":"tag-main-news","19":"tag-mainnews","20":"tag-news","21":"tag-no","22":"tag-norge","23":"tag-norway","24":"tag-nyheter","25":"tag-overskrifter","26":"tag-top-stories","27":"tag-topstories"},"share_on_mastodon":{"url":"https:\/\/pubeurope.com\/@no\/115509657936247970","error":""},"_links":{"self":[{"href":"https:\/\/www.europesays.com\/no\/wp-json\/wp\/v2\/posts\/81212","targetHints":{"allow":["GET"]}}],"collection":[{"href":"https:\/\/www.europesays.com\/no\/wp-json\/wp\/v2\/posts"}],"about":[{"href":"https:\/\/www.europesays.com\/no\/wp-json\/wp\/v2\/types\/post"}],"author":[{"embeddable":true,"href":"https:\/\/www.europesays.com\/no\/wp-json\/wp\/v2\/users\/2"}],"replies":[{"embeddable":true,"href":"https:\/\/www.europesays.com\/no\/wp-json\/wp\/v2\/comments?post=81212"}],"version-history":[{"count":0,"href":"https:\/\/www.europesays.com\/no\/wp-json\/wp\/v2\/posts\/81212\/revisions"}],"wp:featuredmedia":[{"embeddable":true,"href":"https:\/\/www.europesays.com\/no\/wp-json\/wp\/v2\/media\/81213"}],"wp:attachment":[{"href":"https:\/\/www.europesays.com\/no\/wp-json\/wp\/v2\/media?parent=81212"}],"wp:term":[{"taxonomy":"category","embeddable":true,"href":"https:\/\/www.europesays.com\/no\/wp-json\/wp\/v2\/categories?post=81212"},{"taxonomy":"post_tag","embeddable":true,"href":"https:\/\/www.europesays.com\/no\/wp-json\/wp\/v2\/tags?post=81212"}],"curies":[{"name":"wp","href":"https:\/\/api.w.org\/{rel}","templated":true}]}}