{"id":81244,"date":"2025-11-07T18:17:19","date_gmt":"2025-11-07T18:17:19","guid":{"rendered":"https:\/\/www.europesays.com\/no\/81244\/"},"modified":"2025-11-07T18:17:19","modified_gmt":"2025-11-07T18:17:19","slug":"nedbemanning-arbeid-paleggsgigant-varsler-nedbemanning-vil-kutte-25-arsverk-blant-annet-i-fredrikstad","status":"publish","type":"post","link":"https:\/\/www.europesays.com\/no\/81244\/","title":{"rendered":"Nedbemanning, Arbeid | P\u00e5leggsgigant varsler nedbemanning: Vil kutte 25 \u00e5rsverk \u2013 blant annet i Fredrikstad"},"content":{"rendered":"\n<p><b><a href=\"https:\/\/www.nettavisen.no\/nyheter\/mills-varsler-nedbemanning-skal-kutte-25-arsverk\/s\/5-95-2716611\" rel=\"Follow nofollow noopener\" target=\"_blank\">[Nettavisen]<\/a><\/b> Det bekrefter kommunikasjonssjef Cathrine Myhren-Haugen i Mills overfor<a href=\"https:\/\/e24.no\/naeringsliv\/i\/bm9ql3\/mills-varsler-nedbemanninger-i-hele-norge-krevende\" rel=\"Follow nofollow noopener\" target=\"_blank\"> E24.<\/a><\/p>\n<p>\u2013 Jeg kan bekrefte at Mills for tiden gjennomf\u00f8rer en omorganisering. Vi er midt i en prosess, men forventer at nedbemanningen vil ber\u00f8re cirka 25 ansatte p\u00e5 tvers av organisasjonen, sier Myhren-Haugen.<\/p>\n<p>  <a href=\"https:\/\/www.f-b.no\/5-59-3742614\" class=\"related-teaser has-image default-story-teaser article--c-eRUmMG article--c-eRUmMG-jKCPdD-design-default\" rel=\"nofollow noopener\" target=\"_blank\"><\/p>\n<p>    <img decoding=\"async\" loading=\"lazy\"  src=\"https:\/\/www.europesays.com\/no\/wp-content\/uploads\/2025\/11\/Bilde+1.png\" alt=\"\" class=\"brick-c-cFOWSL\" style=\"\"\/><\/p>\n<p>\n            Les ogs\u00e5<\/p>\n<p>              300 millioner til ny fabrikk: \u2013 Sterk interesse fra EU\n        <\/p>\n<p>  <\/a><\/p>\n<p>De Mills-ansatte skal ha blitt informert om nedbemanningen p\u00e5 allm\u00f8ter denne uken.<\/p>\n<p><b>Nedbemanningen vil gjelde for fabrikkene i Fredrikstad, Drammen og Oslo.<\/b><\/p>\n<p>Det familieeide selskapet gjennomf\u00f8rte ogs\u00e5 en nedbemanningsprosess ved utgangen av 2023. Den gang var det hovedsakelig medarbeidere i administrasjonen som m\u00e5tte forlate postene sine.<\/p>\n<p>  <a href=\"https:\/\/www.f-b.no\/5-59-3745430\" class=\"related-teaser has-image default-story-teaser article--c-eRUmMG article--c-eRUmMG-jKCPdD-design-default\" rel=\"nofollow noopener\" target=\"_blank\"><\/p>\n<p>    <img decoding=\"async\" loading=\"lazy\"  src=\"https:\/\/www.europesays.com\/no\/wp-content\/uploads\/2025\/11\/norske+matvarer.bin\" alt=\"\" class=\"brick-c-cFOWSL\" style=\"\"\/><\/p>\n<p>\n            Les ogs\u00e5<\/p>\n<p>              Norske varer billigere i Sverige: \u2013 Det er helt ulogisk\n        <\/p>\n<p>  <\/a><\/p>\n<p>Kommunikasjonsjefen p\u00e5peker at selskapet har eksistert i 140 \u00e5r og ikke er ukjent med \u00e5 skulle tilpasse seg.<\/p>\n<p>\u2013 Vi har kommet styrket ut av omstillinger tidligere, og er trygg p\u00e5 at vi vil gj\u00f8re det ogs\u00e5 denne gangen, sier kommunikasjonssjefen.<\/p>\n<p><a href=\"https:\/\/e24.no\/naeringsliv\/i\/bm9ql3\/mills-varsler-nedbemanninger-i-hele-norge-krevende?referer=https%3A%2F%2Fwww.vg.no\" rel=\"Follow nofollow noopener\" target=\"_blank\">E24<\/a> skriver at Mills st\u00e5r bak kjente mat- og merkevarer som Delikat, Mills, Vita Hjertego\u2019, Soft Flora, Olivero, Plantego\u2019 og Melange. Konsernet omsatte for rundt 2,4 milliarder kroner i 2024, og fikk et resultat f\u00f8r skatt p\u00e5 over 300 millioner kroner.<\/p>\n<p>I tillegg til Norge, har Mills virksomheter i Sverige, Danmark og i Polen. Ved \u00e5rsskiftet var det rundt 372 ansatte i konsernet, melder E24.<\/p>\n","protected":false},"excerpt":{"rendered":"[Nettavisen] Det bekrefter kommunikasjonssjef Cathrine Myhren-Haugen i Mills overfor E24. \u2013 Jeg kan bekrefte at Mills for tiden&hellip;\n","protected":false},"author":2,"featured_media":81245,"comment_status":"","ping_status":"","sticky":false,"template":"","format":"standard","meta":{"footnotes":""},"categories":[10],"tags":[991,11005,36,20,21,24,25,15,22,23,11006,2324,13,30,28,29,14,16,1510,26,27],"class_list":{"0":"post-81244","1":"post","2":"type-post","3":"status-publish","4":"format-standard","5":"has-post-thumbnail","7":"category-norge","8":"tag-arbeid","9":"tag-arbeidsmarkedet","10":"tag-art","11":"tag-breaking-news","12":"tag-breakingnews","13":"tag-featured-news","14":"tag-featurednews","15":"tag-headlines","16":"tag-latest-news","17":"tag-latestnews","18":"tag-mills-as","19":"tag-nedbemanning","20":"tag-news","21":"tag-no","22":"tag-norge","23":"tag-norway","24":"tag-nyheter","25":"tag-overskrifter","26":"tag-story","27":"tag-top-stories","28":"tag-topstories"},"share_on_mastodon":{"url":"https:\/\/pubeurope.com\/@no\/115509791691136912","error":""},"_links":{"self":[{"href":"https:\/\/www.europesays.com\/no\/wp-json\/wp\/v2\/posts\/81244","targetHints":{"allow":["GET"]}}],"collection":[{"href":"https:\/\/www.europesays.com\/no\/wp-json\/wp\/v2\/posts"}],"about":[{"href":"https:\/\/www.europesays.com\/no\/wp-json\/wp\/v2\/types\/post"}],"author":[{"embeddable":true,"href":"https:\/\/www.europesays.com\/no\/wp-json\/wp\/v2\/users\/2"}],"replies":[{"embeddable":true,"href":"https:\/\/www.europesays.com\/no\/wp-json\/wp\/v2\/comments?post=81244"}],"version-history":[{"count":0,"href":"https:\/\/www.europesays.com\/no\/wp-json\/wp\/v2\/posts\/81244\/revisions"}],"wp:featuredmedia":[{"embeddable":true,"href":"https:\/\/www.europesays.com\/no\/wp-json\/wp\/v2\/media\/81245"}],"wp:attachment":[{"href":"https:\/\/www.europesays.com\/no\/wp-json\/wp\/v2\/media?parent=81244"}],"wp:term":[{"taxonomy":"category","embeddable":true,"href":"https:\/\/www.europesays.com\/no\/wp-json\/wp\/v2\/categories?post=81244"},{"taxonomy":"post_tag","embeddable":true,"href":"https:\/\/www.europesays.com\/no\/wp-json\/wp\/v2\/tags?post=81244"}],"curies":[{"name":"wp","href":"https:\/\/api.w.org\/{rel}","templated":true}]}}