{"id":81254,"date":"2025-11-07T18:24:18","date_gmt":"2025-11-07T18:24:18","guid":{"rendered":"https:\/\/www.europesays.com\/no\/81254\/"},"modified":"2025-11-07T18:24:18","modified_gmt":"2025-11-07T18:24:18","slug":"reingjerde-reindrift-reingjerdet-i-balsfjord-bor-utredes-grundig","status":"publish","type":"post","link":"https:\/\/www.europesays.com\/no\/81254\/","title":{"rendered":"Reingjerde, Reindrift | Reingjerdet i Balsfjord b\u00f8r utredes grundig"},"content":{"rendered":"\n<p>Reinbeitedistriktet har s\u00f8kt Statsforvalteren om tillatelse til \u00e5 sette opp dette gjerdet. De begrunner det med et behov for \u00e5 styrke reindriftens rammebetingelser og langsiktige b\u00e6rekraft.<\/p>\n<p>De begrunner det med at reindrifta opplever stadig st\u00f8rre press p\u00e5 grunn av arealinngrep, ukontrollerte trekk og konflikter med andre brukere.<\/p>\n<p><a href=\"https:\/\/www.nordlys.no\/reindrifta-vil-sette-opp-sperregjerde-det-moter-lokal-motstand\/s\/5-163-112467\" rel=\"nofollow noopener\" target=\"_blank\">Saken er omtalt i Nye Troms. <\/a><\/p>\n<p>Det er hele 136 grunneiere som vil ha rett til \u00e5 uttale seg i en h\u00f8ring.<\/p>\n<p><b>Statsforvalteren sendte s\u00f8knaden nylig ut p\u00e5 h\u00f8ring til grunneiere. Det er om lag 130 private grunneiere i Balsfjord og Storfjord som kan bli ber\u00f8rt av et 25 km langt og opp til 1,7 meter h\u00f8yt gjerde. <\/b><\/p>\n<p>Reinbeitedistriktet mener staten m\u00e5 ekspropriere grunn til gjerdet, dersom det oppst\u00e5r uenighet med enkeltgrunneiere.<\/p>\n<p>Det sier seg selv at dette gjerdet har h\u00f8yt konfliktpotensial.<\/p>\n<p>  <a href=\"https:\/\/www.nordnorskdebatt.no\/5-124-394781\" class=\"related-teaser has-image default-opinion-teaser article--c-eRUmMG article--c-eRUmMG-jKCPdD-design-default\" rel=\"nofollow noopener\" target=\"_blank\"><\/p>\n<p>    <img decoding=\"async\" loading=\"lazy\"  src=\"https:\/\/www.europesays.com\/no\/wp-content\/uploads\/2025\/11\/Reingjerde%2C+Allan+Klo.jpg\" alt=\"\" class=\"brick-c-cFOWSL\" style=\"\"\/><\/p>\n<p>\n            Les ogs\u00e5<\/p>\n<p>              Et sperregjerde p\u00e5 2-3 mil fra Nordkjosbotn til Oteren?\n        <\/p>\n<p>  <\/a><\/p>\n<p>Grunneierne har frist til 19. november med \u00e5 komme med innspill til s\u00f8knaden. Samtidig virker lokale politikere \u00e5 ha blitt overrasket av s\u00f8knaden. Det kan fremst\u00e5 som om kommunen dermed ikke har noe myndighet i en ganske omfattende reguleringssak p\u00e5 sine egne arealer.<\/p>\n<p>Dermed f\u00e5r Statsforvalteren s\u00f8knaden direkte p\u00e5 bordet.<\/p>\n<p>Frps representant Torbj\u00f8rn Fagermo tok saken opp i kommunestyret med en interpellasjon, p\u00e5 vegne av grunneiere som frykter for vannforsyninger, naturmangfold og begrensninger av fri ferdsel.<\/p>\n<p><b>Det er betimelige bekymringer for en inngripende utbygging, langs en europavei, som merkelig nok ikke krever en konsekvensutredning. Langs denne veien ligger det ogs\u00e5 flere landbrukseiendommer som m\u00e5 hensyntas. <\/b><\/p>\n<p>En konsekvensutredning ville v\u00e6rt p\u00e5krevd om det oms\u00f8kte gjerdet var 30 kilometer langt. Men siden gjerdet er 25 kilometer langt, kreves det ikke like grundig utredning.<\/p>\n<p>Det fremst\u00e5r som vilk\u00e5rlig at skarve fem kilometer skal ha utslagsgivende betydning for kravet om grundig utredning.<\/p>\n<p><b>Konsekvensene rundt dette reingjerdet burde utredes, ikke minst som et konfliktdempende tiltak. Tilliten til prosessene er lav i lokalsamfunnet, og det er alvorlig. <\/b><\/p>\n<p>Dessverre er det slik at <a href=\"https:\/\/www.statsforvalteren.no\/trondelag\/landbruk\/forkommunal-landbruksforvaltning\/jordbruk\/konfliktforebyggende-tiltak-mellom-reindrift-og-landbruk\/\" rel=\"nofollow noopener\" target=\"_blank\">bygging <\/a>av gjerder er de eneste konfliktdempende tiltakene som st\u00f8ttes av Landbruksdirektoratet. Forebygging av konflikt, gjennom lange s\u00f8knadsfrister, folkem\u00f8ter og h\u00f8ringer burde komme p\u00e5 den lista.<\/p>\n<p>Mangelen p\u00e5 utredning i denne saken vil f\u00f8re til \u00f8kt konfliktniv\u00e5 rundt reindriftsn\u00e6ringen i Balsfjord kommune.<\/p>\n<p>Det er lite konstruktivt.<\/p>\n","protected":false},"excerpt":{"rendered":"Reinbeitedistriktet har s\u00f8kt Statsforvalteren om tillatelse til \u00e5 sette opp dette gjerdet. De begrunner det med et behov&hellip;\n","protected":false},"author":2,"featured_media":81255,"comment_status":"","ping_status":"","sticky":false,"template":"","format":"standard","meta":{"footnotes":""},"categories":[10],"tags":[11009,36,3667,20,21,24,25,11008,15,22,23,246,13,30,28,29,14,1533,16,338,11007,5458,26,27],"class_list":{"0":"post-81254","1":"post","2":"type-post","3":"status-publish","4":"format-standard","5":"has-post-thumbnail","7":"category-norge","8":"tag-arealkonflikter","9":"tag-art","10":"tag-balsfjord","11":"tag-breaking-news","12":"tag-breakingnews","13":"tag-featured-news","14":"tag-featurednews","15":"tag-grunneiere","16":"tag-headlines","17":"tag-latest-news","18":"tag-latestnews","19":"tag-leder","20":"tag-news","21":"tag-no","22":"tag-norge","23":"tag-norway","24":"tag-nyheter","25":"tag-opinion","26":"tag-overskrifter","27":"tag-reindrift","28":"tag-reingjerde","29":"tag-statsforvalteren","30":"tag-top-stories","31":"tag-topstories"},"share_on_mastodon":{"url":"https:\/\/pubeurope.com\/@no\/115509819212018851","error":""},"_links":{"self":[{"href":"https:\/\/www.europesays.com\/no\/wp-json\/wp\/v2\/posts\/81254","targetHints":{"allow":["GET"]}}],"collection":[{"href":"https:\/\/www.europesays.com\/no\/wp-json\/wp\/v2\/posts"}],"about":[{"href":"https:\/\/www.europesays.com\/no\/wp-json\/wp\/v2\/types\/post"}],"author":[{"embeddable":true,"href":"https:\/\/www.europesays.com\/no\/wp-json\/wp\/v2\/users\/2"}],"replies":[{"embeddable":true,"href":"https:\/\/www.europesays.com\/no\/wp-json\/wp\/v2\/comments?post=81254"}],"version-history":[{"count":0,"href":"https:\/\/www.europesays.com\/no\/wp-json\/wp\/v2\/posts\/81254\/revisions"}],"wp:featuredmedia":[{"embeddable":true,"href":"https:\/\/www.europesays.com\/no\/wp-json\/wp\/v2\/media\/81255"}],"wp:attachment":[{"href":"https:\/\/www.europesays.com\/no\/wp-json\/wp\/v2\/media?parent=81254"}],"wp:term":[{"taxonomy":"category","embeddable":true,"href":"https:\/\/www.europesays.com\/no\/wp-json\/wp\/v2\/categories?post=81254"},{"taxonomy":"post_tag","embeddable":true,"href":"https:\/\/www.europesays.com\/no\/wp-json\/wp\/v2\/tags?post=81254"}],"curies":[{"name":"wp","href":"https:\/\/api.w.org\/{rel}","templated":true}]}}