{"id":81260,"date":"2025-11-07T18:27:52","date_gmt":"2025-11-07T18:27:52","guid":{"rendered":"https:\/\/www.europesays.com\/no\/81260\/"},"modified":"2025-11-07T18:27:52","modified_gmt":"2025-11-07T18:27:52","slug":"kultur-konsert-bare-jorgen-star-igjen-det-blir-noe-totalt-annerledes","status":"publish","type":"post","link":"https:\/\/www.europesays.com\/no\/81260\/","title":{"rendered":"Kultur, Konsert | Bare\u00a0J\u00f8rgen st\u00e5r igjen: \u2013\u00a0Det blir noe TOTALT annerledes"},"content":{"rendered":"\n<p>J\u00f8rgen Nordeng var rapper sammen med Lars Audun Sandness\/Poppa Lars (fra Kilbotn) i Tungtvann, spilte i punkband og holdt utallige konserter under navnet Joddski. I 2025 gj\u00f8r han noe helt nytt.<\/p>\n<p>   <img decoding=\"async\" width=\"1008\" height=\"1630\" fetchpriority=\"low\"  loading=\"lazy\"  src=\"https:\/\/www.europesays.com\/no\/wp-content\/uploads\/2025\/11\/Skjermbilde+2025-11-06+kl.+17.17.15.png\" alt=\"\" class=\"brick-c-cFOWSL\" style=\"--brick-image-ratio: 1008 \/ 1630;\"\/><\/p>\n<p>      5 P\u00c5 TERNINGEN: \u2013 Helt som forventet er J\u00f8rgen Nordeng mer opptatt av \u00e5 formidle innholdet i tekstene enn \u00e5 synge rent og pent. Det gj\u00f8r at musikken er full av sjel, nerve og identitet. Noen ganger s\u00e5 treffer han og musikerne og produsentene s\u00e5 sterkt og godt at man blir sittende og m\u00e5pe av beundring og begeistring, skriver Avisa Nordlands anmelder, Rune Slyngstad.<\/p>\n<p>5. juni sto J\u00f8rgen p\u00e5 scenen p\u00e5 Nasjonalbiblioteket og tolket viser av folk som KM Myrland, Kari Bremnes og Ingeborg Oktober. Det var i tospann med country\/americana\/rockelegenden Torgeir Waldemar. P\u00e5 scenen i Harstad f\u00e5r vi h\u00f8re flere l\u00e5ter fra hans kommende prosjekt backet opp av Torgeir Waldemar (gitarer\/kor\/munnspill), Finn Sletten (trommer\/perk), Tarjei Nordeng (gitar) og OIav Nygaard (bass\/kor).<\/p>\n<p>Det strippes alts\u00e5 ned. Til beinet. Visesang og akustiske gitarer? Vi stilte han noen sp\u00f8rsm\u00e5l f\u00f8r konserten i Storsalen Scene i Kulturhuset l\u00f8rdag 8. november.<\/p>\n<p><b>Ny stil, hva er det? \u00abAlle\u00bb forbinder deg bare med hiphop?<\/b><\/p>\n<p>\u2013 Haha, ja, det gj\u00f8r de nok. Jeg har jo gjort litt andre ting ogs\u00e5, som punkbandet Polardegos, og turnert med \u00c5ge Aleksandersen. Men, ja. Dette er noe helt nytt, og jeg tror ikke s\u00e5 mange egentlig s\u00e5 det komme. Men hei, det er jo bare musikk, og jeg pr\u00f8ver ikke \u00e5 la meg v\u00e6re bundet av sjangre.<\/p>\n<p><b>Hvorfor ny sjanger? Er du g\u00e5tt lei av hiphop?<\/b><\/p>\n<p>\u2013 Man g\u00e5r vel aldri lei av noe som er en s\u00e5 stor del av en selv, men som artist har det alltid v\u00e6rt viktig for meg \u00e5 utfordre seg selv, og \u00e5 pr\u00f8ve nye ting. Jeg er n\u00e5 ogs\u00e5 47,5 \u00e5r, og ikke lenger bare 22, s\u00e5 jeg har en del andre ting jeg vil formidle. Jeg vokste jo opp med alt fra Nick Cave og Terje Nilsen til Napalm Death, og elsker alt av sjangre. Pappa var rockejournalist, mamma spilte piano og sang og storebror (som spiller p\u00e5 plata Kj\u00e6rlighetsspr\u00e5k) var heavy metal-gitarist, f\u00f8r han ble jazz-mann. S\u00e5 har ogs\u00e5 denne singer songwriter-sjangeren noe av de beste tekstene i verden, og \u00e5 g\u00e5 inn i et s\u00e5 tungt (faglig) og n\u00e6rt (personlig) univers f\u00f8les veldig rett. Det er jo heller ingen hemmelighet at Terje Nilsen har betydd mye for meg, og f\u00f8r jeg begynte \u00e5 rappe spilte jeg faktisk inn l\u00e5ten \u00abS\u00f8vnlaus Blues\u00bb som 11-12 \u00e5ring. Den var veeeeldig Terje Nilsen, for \u00e5 si det s\u00e5nn.<\/p>\n<p>   <img decoding=\"async\" width=\"5955\" height=\"4000\" fetchpriority=\"low\"  loading=\"lazy\"  src=\"https:\/\/www.europesays.com\/no\/wp-content\/uploads\/2025\/11\/Joddski-Myrland-00232.jpg\" alt=\"\" class=\"brick-c-cFOWSL\" style=\"--brick-image-ratio: 5955 \/ 4000;\"\/><\/p>\n<p>      I studio med KM Myrland i 2019: Fra venstre: Joddski, KM Myrland og OnklP. L\u00e5ten ble KM Myrlands siste innspilling.<br \/>\n      Foto: Cato Lauvli\n    <\/p>\n<p><b>Ditt nye album Kj\u00e6rlighetsspr\u00e5k har f\u00e5tt veldig god mottakelse, hva betyr det for deg?<\/b><\/p>\n<p>\u2013 Alle musikere og kunstnere \u00f8nsker jo at folk skal like det de gj\u00f8r. For meg er det viktigste at folk som kan sjangeren, og folk som jeg ser opp til liker det og anerkjenner meg. Jeg har jo f\u00e5tt spilt plata for folk jeg har covret, som Ulf Risnes i Tre Sm\u00e5 Kinesere, og f\u00e5tt bra tilbakemelding. Det varmer. Ogs\u00e5 n\u00e5r \u00c5ge, Mari Boine og s\u00e5nne folk som forfatteren Levi Henriksen gir meg skryt. Anmeldelsene av plata har jo ogs\u00e5 v\u00e6rt storveies, og det fra tungvektere som jeg selv har lest og fulgt r\u00e5dene til. N\u00e5r det er sagt, tenker jeg heldigvis ikke p\u00e5 det n\u00e5r jeg lager musikk, det hadde hemmet meg totalt. Men n\u00e5r vi har spilt konsert med Nordeng, har folk kommet bort og hatt en skikkelig n\u00e6r opplevelse. Noen har gr\u00e5tt, andre har blitt totalt overrasket og kan ikke tro det. Da blir jeg alts\u00e5 helt utrolig glad. Vanskelig \u00e5 forutse hvordan mottakelsen blir.<\/p>\n<p>   <img decoding=\"async\" width=\"2000\" height=\"1312\" fetchpriority=\"low\"  loading=\"lazy\"  src=\"https:\/\/www.europesays.com\/no\/wp-content\/uploads\/2025\/11\/NTB_bwuoE7lS2Rw.jpg\" alt=\"&#10;OSLO 20020130. Tungtvann, Poppa-Lars (t.h.) og J\u00f8rg-1, har f\u00e5tt gode kritikker for albumet \" m=\"\" foto:=\"\" thomas=\"\" bj=\"\" scanpix=\"\" class=\"brick-c-cFOWSL\" style=\"--brick-image-ratio: 2000 \/ 1312;\"\/><\/p>\n<p>      GAMLE DAGER: Tungtvann med Poppa Lars (t.h.) og J\u00f8rg-1, fikk gode kritikker for albumet M\u00f8rketid. Bildet er fra 2002.<br \/>\n      Foto: Thomas Bj\u00f8rnflaten, NTB\/Scanpix\n    <\/p>\n<p><b>Hva kan publikum forvente seg p\u00e5 konserten\/arrangementet?<\/b><\/p>\n<p>\u2013 Det blir noe TOTALT annerledes enn det de forbinder med Tungtvann og Joddski, i alle fall. Det viktigste er vel at fest og h\u00e6la i taket-faktoren er borte. Det blir inderlig, n\u00e6rt og &#8230; styggvakkert, kan man si det? Jeg har med meg Torgeir Waldemar p\u00e5 gitarer, munnspill og kor. Han er jo legendarisk innen rock, americana og lignende, og denne konserten er litt hans tolkninger av mitt materiale. S\u00e5 har jeg med Olav Nygaard p\u00e5 bass (kontra og vanlig) som ogs\u00e5 synger, og har v\u00e6rt en ekstremt viktig brikke for \u00e5 f\u00e5 dette prosjektet opp. Bakerst p\u00e5 scena finner du trommelegenden Finn Sletten, som mange kjenner fra jazz og latinske prosjekter. Han tilf\u00f8rer noe helt unikt, som jeg blir overrasket over hver gang. Mest materiale fra Kj\u00e6rlighetsspr\u00e5k, men ikke bli overrasket om Kari Bremnes og KM Myrland f\u00e5r sine velfortjente hyllester.<\/p>\n<p>  <a href=\"https:\/\/www.iharstad.no\/5-126-63858\" class=\"related-teaser has-image default-opinion-teaser article--c-eRUmMG article--c-eRUmMG-jKCPdD-design-default\" rel=\"nofollow noopener\" target=\"_blank\"><\/p>\n<p>    <img decoding=\"async\" loading=\"lazy\"  src=\"https:\/\/www.europesays.com\/no\/wp-content\/uploads\/2025\/11\/KM+MYRLAND.jpg\" alt=\"\" class=\"brick-c-cFOWSL\" style=\"\"\/><\/p>\n<p>\n            Les ogs\u00e5<\/p>\n<p>              Her er det siste konsertbildet fra Utheim: Hvil i fred, Knut Magne\n        <\/p>\n<p>  <\/a><\/p>\n<p><b>Hvordan startet interessen din for musikk?<\/b><\/p>\n<p>\u2013 Faren min var platesamler, hipster og seinere rockejournalist og hadde en enorm platesamling som jeg dykka ned i tidlig, Der fantes b\u00e5de jazz, punk, metal og rap og alt av rock. Broren min sine AC\/DC og Van Halen-plater var viktige, og det at mora mi sang og spilte piano. Det f\u00f8rste som slo meg personlig var nok Pelle Parafins B\u00f8ljeband-serien til Tramteatret, som gikk p\u00e5 NRK da jeg var bitte liten gutt.<\/p>\n<p>   <img decoding=\"async\" width=\"2048\" height=\"1536\" fetchpriority=\"low\"  loading=\"lazy\"  src=\"https:\/\/www.europesays.com\/no\/wp-content\/uploads\/2025\/11\/54e66317-d1ef-48dc-9c83-39666bfcdb5d.jpg\" alt=\"\" class=\"brick-c-cFOWSL\" style=\"--brick-image-ratio: 2048 \/ 1536;\"\/><\/p>\n<p>      J\u00f8rgen Nordeng forteller at han har brukt fem \u00e5r p\u00e5 den nye platen.<br \/>\n      Foto: Sara Gulliksen Wik\n    <\/p>\n<p><b>Ditt forhold til Harstad, en spr\u00f8 opplevelse herfra?<\/b><\/p>\n<p>\u2013 Det var i Harstad at skapelsesberetningen til Tungtvann starta, egentlig. Jeg dreiv butikken 50\/50 i Narvik og da vi hadde julebord i Harstad, spilte noen av de som dreiv 50\/50 Harstad en minidisc med beats som Lars Audun hadde lagd. Jeg trygla om \u00e5 \u00abf\u00e5\u00bb noen, men det kom visst ikke p\u00e5 tale, s\u00e5 mandagen etter ringte jeg Lars og vi blei kjent og enige om at vi var enige. Og resten er historie. Den f\u00f8rste Tungtvann-konserten fant ogs\u00e5 sted her. Det gikk ikke kjempebra. Jeg hadde rappa i Bod\u00f8 dagen f\u00f8r, havna p\u00e5 heimbrentsfylla og mista b\u00e5de bussen og stemmen. Men jeg kom da frem til slutt. Da hadde Lars og lillebror Ola (som da var sidekick) allerede diskutert om det egentlig var noe vits. S\u00e5 da kan du si vi nesten b\u00e5de blei starta og oppl\u00f8st her. Den siste storyen kan leses i detalj i Tungtvann-tegneserien P\u00e6bel, som John S. Jamtli ga ut i \u00e5r.<\/p>\n<p>  <a href=\"https:\/\/www.iharstad.no\/5-126-86030\" class=\"related-teaser has-image default-story-teaser article--c-eRUmMG article--c-eRUmMG-jKCPdD-design-default\" rel=\"nofollow noopener\" target=\"_blank\"><\/p>\n<p>    <img decoding=\"async\" loading=\"lazy\"  src=\"https:\/\/www.europesays.com\/no\/wp-content\/uploads\/2025\/11\/1762540067_828_IMG_0853.jpg\" alt=\"\" class=\"brick-c-cFOWSL\" style=\"\"\/><\/p>\n<p>\n            Les ogs\u00e5<\/p>\n<p>              Tungtvann i toppform f\u00f8r comebacket i Harstad: \u2013 Vi er stressa, men ikke for \u00e5 st\u00e5 p\u00e5 scenen\n        <\/p>\n<p>  <\/a><\/p>\n<p><b>Hva sier Poppa Lars til dette nye? Har du v\u00e6rt i Kilbotn? Kommer han p\u00e5 konserten?<\/b><\/p>\n<p>\u2013 Poppa Lars er en mann av f\u00e5 ord. Jeg tror kanskje han er glad han slipper v\u00e6re med p\u00e5 dette, haha. Men han vet jo ogs\u00e5 godt hvordan musikksmaken min er, s\u00e5 han var nok mindre overrasket enn de fleste. Og ja, jeg har s\u00e5gar overnattet i gamle huset deres i Kilbotn, s\u00e5 der har jeg v\u00e6rt flere ganger!! Han bor jo i Troms\u00f8, s\u00e5 det er nok langt \u00e5 g\u00e5. Kanskje broren hans, som ogs\u00e5 var med i Tungtvann kommer, da?<\/p>\n<p><b>Hvem dr\u00f8mmer du om \u00e5 samarbeide med &#8211; lokale, nasjonale eller internasjonale artister?<\/b><\/p>\n<p>\u2013 Jeg er jo s\u00e5 heldig \u00e5 ha f\u00e5tt jobba med ekstremt mange av mine norske favoritter, fra Erlend Ropstad og Bjella (innen denne sjangeren), til Lars Vaular, Tommy Tee og n\u00e5 nylig Ari Bajgora p\u00e5 rapfronten. For Nordeng-universet m\u00e5 jeg si Prepple fra DumDum Boys og Sivert H\u00f8yem ligger h\u00f8yt oppe. Av rappere i Norge er jo Chirag og Arif to av de store jeg ikke har gjort l\u00e5ter med. Og 90-tallslegenden Anarad. I utlandet vil jeg gjerne gj\u00f8re l\u00e5t med Jay Z, Nick Cave, Busta Rhymes, Scarface og Bob Dylan, om det ikke er for mye forlangt?<\/p>\n<p>   <img decoding=\"async\" width=\"2048\" height=\"1536\" fetchpriority=\"low\"  loading=\"lazy\"  src=\"https:\/\/www.europesays.com\/no\/wp-content\/uploads\/2025\/11\/989b900d-4ded-456b-bea9-dbb4aab468c5.jpg\" alt=\"\" class=\"brick-c-cFOWSL\" style=\"--brick-image-ratio: 2048 \/ 1536;\"\/><\/p>\n<p>      Det ble helt stille i salen da Nordeng inntok scenen p\u00e5 Beddingen kulturhus i Bod\u00f8 tidligere i h\u00f8st.<br \/>\n      Foto: Sara Gulliksen Wik\n    <\/p>\n<p><b>Hva er det som har skjedd i ditt liv som du tror folk ville v\u00e6re overrasket over \u00e5 h\u00f8re?<\/b><\/p>\n<p>\u2013 At jeg debuterte som sanger p\u00e5 scena med s\u00e5nn mafia-hatt, og barf\u00f8tter, liggende i en oppbl\u00e5sbar, rosa Cadillac, mens jeg sang \u00abDont Worry Be Happy\u00bb, akkompagnert av acapella-kor. Da var jeg vel 10-11, og havna ikke p\u00e5 topp 3 under Talentkonkurransen i Glomfjord.<\/p>\n<p>  <a href=\"https:\/\/www.iharstad.no\/5-126-28877\" class=\"related-teaser has-image default-story-teaser article--c-eRUmMG article--c-eRUmMG-jKCPdD-design-default\" rel=\"nofollow noopener\" target=\"_blank\"><\/p>\n<p>    <img decoding=\"async\" loading=\"lazy\"  src=\"https:\/\/www.europesays.com\/no\/wp-content\/uploads\/2025\/11\/48ed3539-129b-4394-b95e-d7bec225d8ac.bin\" alt=\"\" class=\"brick-c-cFOWSL\" style=\"\"\/><\/p>\n<p>\n            Les ogs\u00e5<\/p>\n<p>              Patrick fikk nasjonal suksess og flyttet fra hjembyen: \u2013 Har alltid likt meg i Harstad, men det var annerledes f\u00f8r\n        <\/p>\n<p>  <\/a><\/p>\n<p><b>Hvilken kulturakt\u00f8r fra v\u00e5rt distrikt har imponert deg mest i 2025?<\/b><\/p>\n<p>\u2013 Siden Poppa Lars allerede har n\u00f8kkelen til byen: Den som klarer \u00e5 f\u00e5 oppf\u00f8rt en RSP-statue i rundkj\u00f8ringa i Kanebogen, og omd\u00f8pt torget til KM Myrlands Plass!<\/p>\n<p><b>Hvilket rykte om deg selv \u00f8nsker du var sant?<\/b><\/p>\n<p>\u2013 At jeg er t\u00f8ff. Jeg kan nemlig ikke sl\u00e5ss.<\/p>\n<p>   <img decoding=\"async\" width=\"2148\" height=\"1426\" fetchpriority=\"low\"  loading=\"lazy\"  src=\"https:\/\/www.europesays.com\/no\/wp-content\/uploads\/2025\/11\/Skjermbilde+2025-11-06+kl.+17.25.27.png\" alt=\"\" class=\"brick-c-cFOWSL\" style=\"--brick-image-ratio: 2148 \/ 1426;\"\/><\/p>\n<p>      Harstad trenger en RSP-statue i rundkj\u00f8ringa i Kanebogen. RSP er mannen til h\u00f8yre p\u00e5 bildet, Patrick Bottolfsen fra Harstad. Her er han sammen med sin makker Thomas \u00abThomax\u00bb Nyg\u00e5rd.<br \/>\n      Foto: Victoria Finstad\n    <\/p>\n<p><b>Hva er den spr\u00f8este tingen du har gjort som ingen vet om?<\/b><\/p>\n<p>\u2013 Den tror jeg kanskje skal forbli noe ingen vet om \ud83d\ude42<\/p>\n<p><b>Hvis du kunne \u00abhacket\u00bb en kjendis p\u00e5 sosiale medier, hvem ville det v\u00e6rt og hva er det f\u00f8rste du ville poste?<\/b><\/p>\n<p>\u2013 Synes ikke hacking er noe kult, men det er jo vanskelig \u00e5 ikke tenke Donald Trump da?<\/p>\n<p><b>Andre ting du vil nevne?<\/b><\/p>\n<p>\u2013 KOM P\u00c5 KONSERT\n<\/p>\n<p>   <img decoding=\"async\" width=\"6240\" height=\"4160\" fetchpriority=\"low\"  loading=\"lazy\"  src=\"https:\/\/www.europesays.com\/no\/wp-content\/uploads\/2025\/11\/JN4.JPG\" alt=\"\" class=\"brick-c-cFOWSL\" style=\"--brick-image-ratio: 6240 \/ 4160;\"\/><\/p>\n<p>      J\u00f8rgen Nordeng i front med bandet bak seg. Olav Nygaard (t.v.), Tarjei Nordeng, som er J\u00f8rgens bror, og August Veseth. Finn Sletten er der in spirit.<br \/>\n      Foto: Eivind Reintz\n    <\/p>\n<p>  <a href=\"https:\/\/www.iharstad.no\/5-126-349250\" class=\"related-teaser has-image default-story-teaser article--c-eRUmMG article--c-eRUmMG-jKCPdD-design-default\" rel=\"nofollow noopener\" target=\"_blank\"><\/p>\n<p>    <img decoding=\"async\" loading=\"lazy\"  src=\"https:\/\/www.europesays.com\/no\/wp-content\/uploads\/2025\/11\/Tungtvann+opera+1.bin\" alt=\"\" class=\"brick-c-cFOWSL\" style=\"\"\/><\/p>\n<p>\n            Les ogs\u00e5<\/p>\n<p>              Tungtvann til Operaen: \u2013 Det kommer til \u00e5 bli helt r\u00e5tt!\n        <\/p>\n<p>  <\/a><\/p>\n","protected":false},"excerpt":{"rendered":"J\u00f8rgen Nordeng var rapper sammen med Lars Audun Sandness\/Poppa Lars (fra Kilbotn) i Tungtvann, spilte i punkband og&hellip;\n","protected":false},"author":2,"featured_media":81261,"comment_status":"","ping_status":"","sticky":false,"template":"","format":"standard","meta":{"footnotes":""},"categories":[58],"tags":[465,36,71,1839,155,410,30,28,29,72],"class_list":{"0":"post-81260","1":"post","2":"type-post","3":"status-publish","4":"format-standard","5":"has-post-thumbnail","7":"category-underholdning","8":"tag-arbeidsliv","9":"tag-art","10":"tag-entertainment","11":"tag-feature","12":"tag-konsert","13":"tag-kultur","14":"tag-no","15":"tag-norge","16":"tag-norway","17":"tag-underholdning"},"share_on_mastodon":{"url":"https:\/\/pubeurope.com\/@no\/115509835130013841","error":""},"_links":{"self":[{"href":"https:\/\/www.europesays.com\/no\/wp-json\/wp\/v2\/posts\/81260","targetHints":{"allow":["GET"]}}],"collection":[{"href":"https:\/\/www.europesays.com\/no\/wp-json\/wp\/v2\/posts"}],"about":[{"href":"https:\/\/www.europesays.com\/no\/wp-json\/wp\/v2\/types\/post"}],"author":[{"embeddable":true,"href":"https:\/\/www.europesays.com\/no\/wp-json\/wp\/v2\/users\/2"}],"replies":[{"embeddable":true,"href":"https:\/\/www.europesays.com\/no\/wp-json\/wp\/v2\/comments?post=81260"}],"version-history":[{"count":0,"href":"https:\/\/www.europesays.com\/no\/wp-json\/wp\/v2\/posts\/81260\/revisions"}],"wp:featuredmedia":[{"embeddable":true,"href":"https:\/\/www.europesays.com\/no\/wp-json\/wp\/v2\/media\/81261"}],"wp:attachment":[{"href":"https:\/\/www.europesays.com\/no\/wp-json\/wp\/v2\/media?parent=81260"}],"wp:term":[{"taxonomy":"category","embeddable":true,"href":"https:\/\/www.europesays.com\/no\/wp-json\/wp\/v2\/categories?post=81260"},{"taxonomy":"post_tag","embeddable":true,"href":"https:\/\/www.europesays.com\/no\/wp-json\/wp\/v2\/tags?post=81260"}],"curies":[{"name":"wp","href":"https:\/\/api.w.org\/{rel}","templated":true}]}}