{"id":81283,"date":"2025-11-07T19:03:08","date_gmt":"2025-11-07T19:03:08","guid":{"rendered":"https:\/\/www.europesays.com\/no\/81283\/"},"modified":"2025-11-07T19:03:08","modified_gmt":"2025-11-07T19:03:08","slug":"brann-gratangen-enebolig-fullstendig-overtent","status":"publish","type":"post","link":"https:\/\/www.europesays.com\/no\/81283\/","title":{"rendered":"Brann, Gratangen | Enebolig fullstendig overtent"},"content":{"rendered":"<p> (<a href=\"https:\/\/www.fremover.no\" rel=\"nofollow noopener\" target=\"_blank\">Fremover<\/a>) <\/p>\n<p>N\u00f8detatene rykket ut til Kystkulturveien i Gratangen etter melding om brann i en enebolig sent fredag ettermiddag.<\/p>\n<p>\u2013 Full fyr. N\u00f8detatene er p\u00e5 vei, meldte politiet klokken 17.30.<\/p>\n<p>Kort tid etter, klokken 17.47, opplyste politiet at bygget var fullstendig overtent, og at ingen befant seg i huset.<\/p>\n<p>\u2013 Brannvesenet er p\u00e5 stedet n\u00e5. Huset er overtent, bekreftet ogs\u00e5 110-operat\u00f8r Finn-Viggo Dreyer til Fremover klokken 17.55.<\/p>\n<p>Ti minutter senere melder politiet at huset er tapt.<\/p>\n<p>\u2013 Ikke noe \u00e5 berge. Det vil bli en kontrollert nedbrenning samt hindre spredning til omkringliggende bygg.<\/p>\n<p>I 19-tiden jobber brannvesenet fortsatt med nedbrenning av boligen. 110-operat\u00f8r Dreyer forteller at brannmannskapene har klart \u00e5 redde et n\u00e6rliggende bygg fra \u00e5 ta fyr.<\/p>\n<p>Saken oppdateres.<\/p>\n","protected":false},"excerpt":{"rendered":"(Fremover) N\u00f8detatene rykket ut til Kystkulturveien i Gratangen etter melding om brann i en enebolig sent fredag ettermiddag.&hellip;\n","protected":false},"author":2,"featured_media":81284,"comment_status":"","ping_status":"","sticky":false,"template":"","format":"standard","meta":{"footnotes":""},"categories":[10],"tags":[36,367,20,21,24,25,9052,15,22,23,13,30,28,29,14,16,1510,26,27],"class_list":{"0":"post-81283","1":"post","2":"type-post","3":"status-publish","4":"format-standard","5":"has-post-thumbnail","7":"category-norge","8":"tag-art","9":"tag-brann","10":"tag-breaking-news","11":"tag-breakingnews","12":"tag-featured-news","13":"tag-featurednews","14":"tag-gratangen","15":"tag-headlines","16":"tag-latest-news","17":"tag-latestnews","18":"tag-news","19":"tag-no","20":"tag-norge","21":"tag-norway","22":"tag-nyheter","23":"tag-overskrifter","24":"tag-story","25":"tag-top-stories","26":"tag-topstories"},"share_on_mastodon":{"url":"https:\/\/pubeurope.com\/@no\/115509972324919105","error":""},"_links":{"self":[{"href":"https:\/\/www.europesays.com\/no\/wp-json\/wp\/v2\/posts\/81283","targetHints":{"allow":["GET"]}}],"collection":[{"href":"https:\/\/www.europesays.com\/no\/wp-json\/wp\/v2\/posts"}],"about":[{"href":"https:\/\/www.europesays.com\/no\/wp-json\/wp\/v2\/types\/post"}],"author":[{"embeddable":true,"href":"https:\/\/www.europesays.com\/no\/wp-json\/wp\/v2\/users\/2"}],"replies":[{"embeddable":true,"href":"https:\/\/www.europesays.com\/no\/wp-json\/wp\/v2\/comments?post=81283"}],"version-history":[{"count":0,"href":"https:\/\/www.europesays.com\/no\/wp-json\/wp\/v2\/posts\/81283\/revisions"}],"wp:featuredmedia":[{"embeddable":true,"href":"https:\/\/www.europesays.com\/no\/wp-json\/wp\/v2\/media\/81284"}],"wp:attachment":[{"href":"https:\/\/www.europesays.com\/no\/wp-json\/wp\/v2\/media?parent=81283"}],"wp:term":[{"taxonomy":"category","embeddable":true,"href":"https:\/\/www.europesays.com\/no\/wp-json\/wp\/v2\/categories?post=81283"},{"taxonomy":"post_tag","embeddable":true,"href":"https:\/\/www.europesays.com\/no\/wp-json\/wp\/v2\/tags?post=81283"}],"curies":[{"name":"wp","href":"https:\/\/api.w.org\/{rel}","templated":true}]}}