{"id":81285,"date":"2025-11-07T19:07:13","date_gmt":"2025-11-07T19:07:13","guid":{"rendered":"https:\/\/www.europesays.com\/no\/81285\/"},"modified":"2025-11-07T19:07:13","modified_gmt":"2025-11-07T19:07:13","slug":"norske-reisen-mot-nord-fikk-pixar-hjelp","status":"publish","type":"post","link":"https:\/\/www.europesays.com\/no\/81285\/","title":{"rendered":"Norske \u00abReisen mot nord\u00bb fikk Pixar-hjelp"},"content":{"rendered":"\n<p class=\"_lead_o9xde_2 _lead_xtcu6_50 layout-component text-serif-m layout-normal text-serif-l layout-component layout-wide layout-padded _wide_17hqh_1 layout-padded\">Pixar-legende forelsket seg i Norge og skandinaviske eventyr. N\u00e5 har han hjulpet til med \u00e5 lage animasjonsfilmen \u00abReisen mot nord\u00bb.<\/p>\n<p><img alt=\"\u00abReisen mot nord\u00bb har f\u00e5tt r\u00e5d fra en skikkelig tungvekter.  Foto: Norsk Filmdistribusjon\" class=\"_image_qp4xg_65 layout-component layout-wide\" data-fullscreen- data-track-element-type=\"Article image fullscreen\" data-track-name=\"ImageFullscreen\" fetchpriority=\"high\" decoding=\"sync\" loading=\"eager\" height=\"8100\" itemprop=\"image\"  src=\"https:\/\/www.europesays.com\/no\/wp-content\/uploads\/2025\/11\/2f3b1f85-f6e4-41ef-828e-faf2b563ff1e\"  style=\"object-position:0% 0%\" width=\"11660\"\/>\u00abReisen mot nord\u00bb har f\u00e5tt r\u00e5d fra en skikkelig tungvekter.  Foto: Norsk Filmdistribusjon<\/p>\n<ul aria-hidden=\"true\" class=\"_images_18f0k_111\">\n<li><a class=\"_link_18f0k_116\" href=\"https:\/\/www.vg.no\/forfatter\/thor-benjamin-brekken\" style=\"z-index:1\" title=\"Benjamin Brekken\" rel=\"nofollow noopener\" target=\"_blank\"><img alt=\"Bilde av Benjamin Brekken\" class=\"_image_18f0k_93\" fetchpriority=\"low\" loading=\"lazy\" decoding=\"async\" itemprop=\"image\"  src=\"https:\/\/www.europesays.com\/no\/wp-content\/uploads\/2025\/11\/1762542430_483_1729a004-83db-4715-83a1-201a2b6019bd\"  width=\"480\"\/><\/a><\/li>\n<\/ul>\n<p> Oppdatert fredag 7. november kl. 19:57    <\/p>\n<ul class=\"_list_o9xde_3 _list_64s2r_85 _unordered_o9xde_106 text-sans-m\">\n<li class=\"_item_o9xde_30\">Pixar-veteranen bak \u00abToy Story\u00bb, Ralph Guggenheim, har v\u00e6rt konsulterende produsent p\u00e5 norske \u00abReisen mot nord\u00bb.<\/li>\n<li class=\"_item_o9xde_30\">Filmen bygger p\u00e5 H.C. Andersens \u00abSn\u00f8dronningen\u00bb, og han fokuserte p\u00e5 manuset og Bente Lohnes gjenfortelling.<\/li>\n<li class=\"_item_o9xde_30\">Han forelsket seg i Norge, roser naturen og teknologiske fremskritt \u2013 men understreker at \u00abhistorien er konge\u00bb.<\/li>\n<\/ul>\n<p>Vis mer <\/p>\n<p class=\"_paragraph_o9xde_4 _paragraph_xtcu6_10 layout-component text-serif-m layout-normal text-serif-m layout-padded\">Ralph Guggenheim, en av veteranene bak <a href=\"https:\/\/www.vg.no\/tag\/pixar?utm_source=vg-article&amp;utm_medium=auto-tagger&amp;utm_campaign=alrW14\" class=\"_link_o9xde_39\" rel=\"nofollow noopener\" target=\"_blank\">Pixars<\/a> ikoniske film \u00abToy Story\u00bb, har bidratt til den nye norske kinoaktuelle animasjonsfilmen \u00abReisen mot nord\u00bb.<\/p>\n<p class=\"_paragraph_o9xde_4 _paragraph_xtcu6_10 layout-component text-serif-m layout-normal text-serif-m layout-padded\">\u2013 Jeg bes\u00f8kte Norge i 2004 p\u00e5 en sommertur og forelsket meg i landet og naturen. Jeg vokste opp med b\u00f8ker av Selma Lagerl\u00f6f og Peter Freuchen. Deres historier om skandinavisk liv og eventyr i det frosne Arktis hadde et grep om meg fra ung alder, forteller Guggenheim i en e-post til VG.<\/p>\n<p><img alt=\"Ralph Guggenheim.   Foto: Norsk Filmdistribusjon\" class=\"_image_qp4xg_65 layout-component layout-normal\" data-fullscreen- data-track-element-type=\"Article image fullscreen\" data-track-name=\"ImageFullscreen\" decoding=\"async\" loading=\"lazy\" height=\"300\" itemprop=\"image\"  src=\"https:\/\/www.europesays.com\/no\/wp-content\/uploads\/2025\/11\/20259c58-d2cf-4667-81d9-90f1928ab3ae\"  style=\"object-position:0% 0%\" width=\"300\"\/>Ralph Guggenheim.   Foto: Norsk Filmdistribusjon<\/p>\n<p class=\"_paragraph_o9xde_4 _paragraph_xtcu6_10 layout-component text-serif-m layout-normal text-serif-m layout-padded\">Som konsulterende produsent har han hjulpet til med \u00e5 bringe H.C. Andersens eventyr \u00abSn\u00f8dronningen\u00bb til live p\u00e5 lerretet. Da produsent H\u00e5kon Gundersen ringte ham i 2022 for \u00e5 diskutere prosjektet, var han i ferd med \u00e5 g\u00e5 fra praktisk produksjon til konsulentarbeid.<\/p>\n<p class=\"_paragraph_o9xde_4 _paragraph_xtcu6_10 layout-component text-serif-m layout-normal text-serif-m layout-padded\">\u2013 Da H\u00e5kon beskrev prosjektet for meg, s\u00e5 jeg potensialet i historien og svarte entusiastisk: \u00abJa!\u00bb, sier han.<\/p>\n<p><img alt=\"\u00abReisen mot nord\u00bb.  Foto: Norsk Filmdistribusjon\" class=\"_image_qp4xg_65 layout-component layout-normal\" data-fullscreen- data-track-element-type=\"Article image fullscreen\" data-track-name=\"ImageFullscreen\" decoding=\"async\" loading=\"lazy\" height=\"876\" itemprop=\"image\"  src=\"https:\/\/www.europesays.com\/no\/wp-content\/uploads\/2025\/11\/c6bcd4f6-ed08-43f5-8045-e498294f9097\"  style=\"object-position:0% 0%\" width=\"1280\"\/>\u00abReisen mot nord\u00bb.  Foto: Norsk Filmdistribusjon<\/p>\n<p class=\"_paragraph_o9xde_4 _paragraph_xtcu6_10 layout-component text-serif-m layout-normal text-serif-m layout-padded\">Ralph Guggenheim var en av n\u00f8kkelpersonene bak den f\u00f8rste b\u00f8lgen av Pixar-filmer og en sentral skikkelse i oppbyggingen av det suksessrike animasjonsstudioet, sammen med blant andre Apple-grunnlegger Steve Jobs. <\/p>\n<p class=\"_paragraph_o9xde_4 _paragraph_xtcu6_10 layout-component text-serif-m layout-normal text-serif-m layout-padded\">Guggenheim jobbet som produsent p\u00e5 \u00abToy Story\u00bb (1995), verdens f\u00f8rste helaftens dataanimerte film, og bidro til \u00e5 forme studioets tidlige fortellerstil.<\/p>\n<p><img alt=\"POPUL\u00c6RE LEKER: Woody, Buzz og resten av flokken i \u00abToy Story\u00bb fra 1995.   Foto: Pixar\" class=\"_image_qp4xg_65 layout-component layout-normal\" data-fullscreen- data-track-element-type=\"Article image fullscreen\" data-track-name=\"ImageFullscreen\" decoding=\"async\" loading=\"lazy\" height=\"800\" itemprop=\"image\"  src=\"https:\/\/www.europesays.com\/no\/wp-content\/uploads\/2025\/11\/0e296af0-1264-44ec-8fa8-854ac8c48803\"  style=\"object-position:0% 0%\" width=\"1200\"\/>POPUL\u00c6RE LEKER: Woody, Buzz og resten av flokken i \u00abToy Story\u00bb fra 1995.   Foto: Pixar<\/p>\n<p class=\"_paragraph_o9xde_4 _paragraph_xtcu6_10 layout-component text-serif-m layout-normal text-serif-m layout-padded\">I motsetning til sine tidligere roller hos Pixar, hvor han ofte hadde tilsyn med alle deler av produksjonen, kunne han denne gangen fokusere p\u00e5 historien.<\/p>\n<p class=\"_paragraph_o9xde_4 _paragraph_xtcu6_10 layout-component text-serif-m layout-normal text-serif-m layout-padded\">\u2013 I arbeidet med \u00abReisen mot nord\u00bb fokuserte jeg utelukkende p\u00e5 manuset og Bente Lohnes gjenfortelling av det ber\u00f8mte eventyret av H.C. Andersen. Det var frigj\u00f8rende for meg. Da jeg leste manuset hennes, kunne jeg se for meg verdenen, og gi tilbakemeldinger mens historien utviklet seg, forklarer han.<\/p>\n<p><img alt=\"\u00abReisen mot nord\u00bb.  Foto: Norsk Filmdistribusjon\" class=\"_image_qp4xg_65 layout-component layout-normal\" data-fullscreen- data-track-element-type=\"Article image fullscreen\" data-track-name=\"ImageFullscreen\" decoding=\"async\" loading=\"lazy\" height=\"1080\" itemprop=\"image\"  src=\"https:\/\/www.europesays.com\/no\/wp-content\/uploads\/2025\/11\/69b6768b-5a7f-48ab-8f9f-993de9ed8564\"  style=\"object-position:0% 0%\" width=\"1920\"\/>\u00abReisen mot nord\u00bb.  Foto: Norsk Filmdistribusjon<\/p>\n<p class=\"_paragraph_o9xde_4 _paragraph_xtcu6_10 layout-component text-serif-m layout-normal text-serif-m layout-padded\">Veteranen ser store forskjeller mellom animasjonsbransjen i dag og da han startet karrieren for flere ti\u00e5r siden. <\/p>\n<p class=\"_paragraph_o9xde_4 _paragraph_xtcu6_10 layout-component text-serif-m layout-normal text-serif-m layout-padded\">\u2013 Det som har endret seg p\u00e5 30 \u00e5r, er at verkt\u00f8yene for \u00e5 lage slike filmer har utviklet seg enormt. Tekniske utfordringer vi aldri ville ha vurdert \u00e5 pr\u00f8ve, som rennende vann og virvlende sn\u00f8stormer, er n\u00e5 enklere \u00e5 skape, sier han.<\/p>\n<p class=\"_paragraph_o9xde_4 _paragraph_xtcu6_10 layout-component text-serif-m layout-normal text-serif-m layout-padded\">Dette gir kreative team st\u00f8rre frihet.<\/p>\n<p class=\"_paragraph_o9xde_4 _paragraph_xtcu6_10 layout-component text-serif-m layout-normal text-serif-m layout-padded\">\u2013 Resultatet er at manusforfattere, regiss\u00f8rer og kunstneriske ledere kan la fantasien l\u00f8pe fritt, vel vitende om at nesten enhver visuell effekt kan realiseres. Dette lar dem fokusere p\u00e5 \u00e5 fortelle den best mulige historien, med f\u00e5 tekniske begrensninger, forklarer han.<\/p>\n<p><img alt=\"\u00abReisen mot nord\u00bb.  Foto: Norsk Filmdistribusjon\" class=\"_image_qp4xg_65 layout-component layout-normal\" data-fullscreen- data-track-element-type=\"Article image fullscreen\" data-track-name=\"ImageFullscreen\" decoding=\"async\" loading=\"lazy\" height=\"2800\" itemprop=\"image\"  src=\"https:\/\/www.europesays.com\/no\/wp-content\/uploads\/2025\/11\/24fcb9c8-de70-4303-848b-a8ab34e2caa6\"  style=\"object-position:0% 0%\" width=\"4978\"\/>\u00abReisen mot nord\u00bb.  Foto: Norsk Filmdistribusjon<\/p>\n<p class=\"_paragraph_o9xde_4 _paragraph_xtcu6_10 layout-component text-serif-m layout-normal text-serif-m layout-padded\">Men selv om teknologien har utviklet seg enormt, mener Pixar-veteranen at det viktigste fortsatt er det samme.<\/p>\n<p class=\"_paragraph_o9xde_4 _paragraph_xtcu6_10 layout-component text-serif-m layout-normal text-serif-m layout-padded\">\u2013 Folk pleier \u00e5 beundre bildene i filmer fra studioer som Pixar. Det de ofte overser, er at den st\u00f8rste innsatsen ligger i \u00e5 utvikle, forme og fortelle en god historie. Animasjon og visuelle effekter er viktige, men de fungerer bare n\u00e5r de st\u00f8tter og forsterker historiefortellingen. Vi pleier \u00e5 si: \u00abHistorien er konge\u00bb, understreker han.<\/p>\n<p> <img alt=\"\u00abReisen mot nord\u00bb.  Foto: Norsk Filmdistribusjon\" class=\"_image_qp4xg_65 layout-component layout-normal\" data-fullscreen- data-track-element-type=\"Article image fullscreen\" data-track-name=\"ImageFullscreen\" decoding=\"async\" loading=\"lazy\" height=\"2800\" itemprop=\"image\"  src=\"https:\/\/www.europesays.com\/no\/wp-content\/uploads\/2025\/11\/09155cae-8c14-427b-add2-1e81a421bd74\"  style=\"object-position:0% 0%\" width=\"4978\"\/>\u00abReisen mot nord\u00bb.  Foto: Norsk Filmdistribusjon<\/p>\n<p class=\"_paragraph_o9xde_4 _paragraph_xtcu6_10 layout-component text-serif-m layout-normal text-serif-m layout-padded\">Om magien i \u00abReisen mot nord\u00bb sier han:<\/p>\n<p class=\"_paragraph_o9xde_4 _paragraph_xtcu6_10 layout-component text-serif-m layout-normal text-serif-m layout-padded\">\u2013 Den tar oss med inn i en verden og et eventyr til steder vi bare kan forestille oss, samtidig som den lar oss oppleve en gripende historie om vennskapets kraft.<\/p>\n<p class=\"_paragraph_o9xde_4 _paragraph_xtcu6_10 layout-component text-serif-m layout-normal text-serif-m layout-padded\">Guggenheim sier han forst\u00e5r hvorfor norsk natur og overtro egner seg spesielt godt for animasjon.<\/p>\n<p class=\"_paragraph_o9xde_4 _paragraph_xtcu6_10 layout-component text-serif-m layout-normal text-serif-m layout-padded\">\u2013 N\u00e5r jeg ser filmen, blir jeg imponert over mange av de visuelle elementene \u2013 animasjonen av dyr, det vakre skandinaviske landskapet og fremstillingen av is i alle dens former.<\/p>\n<p class=\"_paragraph_o9xde_4 _paragraph_xtcu6_10 layout-component text-serif-m layout-normal text-serif-m layout-padded\">\u00abReisen mot nord\u00bb vises p\u00e5 kinoer over hele Norge fra 7. november. <\/p>\n<p class=\"_paragraph_o9xde_4 _paragraph_xtcu6_10 layout-component text-serif-m layout-normal text-serif-m layout-padded\"><strong class=\"_strong_o9xde_25\">Se flere saker fra film- og serieverdenen:<\/strong><\/p>\n","protected":false},"excerpt":{"rendered":"Pixar-legende forelsket seg i Norge og skandinaviske eventyr. N\u00e5 har han hjulpet til med \u00e5 lage animasjonsfilmen \u00abReisen&hellip;\n","protected":false},"author":2,"featured_media":81286,"comment_status":"","ping_status":"","sticky":false,"template":"","format":"standard","meta":{"footnotes":""},"categories":[58],"tags":[10487,71,460,30,28,29,11011,72],"class_list":{"0":"post-81285","1":"post","2":"type-post","3":"status-publish","4":"format-standard","5":"has-post-thumbnail","7":"category-underholdning","8":"tag-animasjon","9":"tag-entertainment","10":"tag-film","11":"tag-no","12":"tag-norge","13":"tag-norway","14":"tag-pixar","15":"tag-underholdning"},"share_on_mastodon":{"url":"https:\/\/pubeurope.com\/@no\/115509988247772657","error":""},"_links":{"self":[{"href":"https:\/\/www.europesays.com\/no\/wp-json\/wp\/v2\/posts\/81285","targetHints":{"allow":["GET"]}}],"collection":[{"href":"https:\/\/www.europesays.com\/no\/wp-json\/wp\/v2\/posts"}],"about":[{"href":"https:\/\/www.europesays.com\/no\/wp-json\/wp\/v2\/types\/post"}],"author":[{"embeddable":true,"href":"https:\/\/www.europesays.com\/no\/wp-json\/wp\/v2\/users\/2"}],"replies":[{"embeddable":true,"href":"https:\/\/www.europesays.com\/no\/wp-json\/wp\/v2\/comments?post=81285"}],"version-history":[{"count":0,"href":"https:\/\/www.europesays.com\/no\/wp-json\/wp\/v2\/posts\/81285\/revisions"}],"wp:featuredmedia":[{"embeddable":true,"href":"https:\/\/www.europesays.com\/no\/wp-json\/wp\/v2\/media\/81286"}],"wp:attachment":[{"href":"https:\/\/www.europesays.com\/no\/wp-json\/wp\/v2\/media?parent=81285"}],"wp:term":[{"taxonomy":"category","embeddable":true,"href":"https:\/\/www.europesays.com\/no\/wp-json\/wp\/v2\/categories?post=81285"},{"taxonomy":"post_tag","embeddable":true,"href":"https:\/\/www.europesays.com\/no\/wp-json\/wp\/v2\/tags?post=81285"}],"curies":[{"name":"wp","href":"https:\/\/api.w.org\/{rel}","templated":true}]}}