{"id":81299,"date":"2025-11-07T19:24:14","date_gmt":"2025-11-07T19:24:14","guid":{"rendered":"https:\/\/www.europesays.com\/no\/81299\/"},"modified":"2025-11-07T19:24:14","modified_gmt":"2025-11-07T19:24:14","slug":"donald-trump-bbc-bbc-serverer-fake-news-2","status":"publish","type":"post","link":"https:\/\/www.europesays.com\/no\/81299\/","title":{"rendered":"Donald Trump, BBC | BBC serverer \u00abfake news\u00bb"},"content":{"rendered":"\n<p>Til og med Kronprinsen var hentet inn for \u00e5 lykk\u00f8nske Norsk Redakt\u00f8rforening denne uka, som i \u00e5r kan feire 75-\u00e5rsjubileum.<\/p>\n<p>Her gratulerte han norske medier med \u00e5 ha levert \u00abnyheter vi kan stole p\u00e5, kommentarer som gir oss nyanser, fagstoff som gir kunnskap og avsl\u00f8ringer som f\u00f8rer til samfunnsendringer.\u00bb<\/p>\n<p>Dette er jo selve idealet til norsk og vestlig presse, gjennom \u00e5rtiene inspirert av forbilder som Washington Post og New York Times. Og ikke minst flaggskipet BBC, det store forbildet til NRK og andre allmennkringkastere i Norden.<\/p>\n<p>\u00abTrumps tale ble kryssklippet\u00bb<\/p>\n<p>Desto mer \u00f8deleggende var p\u00e5standene i en intern BBC-rapport som torsdag ble lekket og publisert av <a rel=\"Follow nofollow noopener\" href=\"https:\/\/www.telegraph.co.uk\/news\/2025\/11\/03\/bbc-report-reveals-bias-donald-trump\/\" target=\"_blank\">den britiske avisen The Telegraph<\/a>:<\/p>\n<p>Her kommer det fram at BBC skal ha manipulert deler av Trumps tale f\u00f8r oppt\u00f8yene ved Kongressen i januar 2021, for \u00e5 f\u00e5 det til \u00e5 se ut som om han oppfordret demonstrantene til et voldelig kupp.<\/p>\n<p>I en dokumentar som ble sendt like f\u00f8r valget, var talen klippet sammen slik at det virket som at han sa:<\/p>\n<p>\u00abVi skal g\u00e5 ned til Kongressen og jeg skal v\u00e6re der med dere og vi skal kjempe. Vi skal kjempe som et helvete (like hell), og hvis dere ikke kjemper som et helvete kommer dere ikke til \u00e5 ha et land lenger.\u00bb<\/p>\n<p>BBC framstilte det som et sammenhengende klipp, og utelot setningen som sa at \u00abVi skal g\u00e5 ned, og jeg skal v\u00e6re der med dere, vi skal g\u00e5 ned til Kongressen og vi skal heie p\u00e5 v\u00e5re modige senatorer og kongressmedlemmer\u00bb.<\/p>\n<p><b>Men viktigst: Setningen som er klippet inn, om \u00e5 kjempe som et helvete, kom f\u00f8rst 54 minutter senere i talen. <\/b><\/p>\n<p>Da snakket ikke Trump lenger om \u00e5 marsjere til Kongressen, men om det han mente var korrupte valg.<\/p>\n<p>    Vil du se neste video?<\/p>\n<p>    <a href=\"https:\/\/www.nettavisen.no\/nyheter\/trump-overrasker-drar-frem-liste-midt-i-intervjuet\/v\/5-95-2705919\" class=\"recommend-poster\" data-adp-clicklabel=\"video-recommend\" data-adp-clickvalue=\"poster\" rel=\"nofollow noopener\" target=\"_blank\"><br \/>\n      <img decoding=\"async\" width=\"200\" height=\"200\" loading=\"lazy\" src=\"https:\/\/www.europesays.com\/no\/wp-content\/uploads\/2025\/11\/Trump+til+cue.jpg\" alt=\"\" class=\"brick-c-cFOWSL\" style=\"--brick-image-ratio: 200 \/ 200;\"\/><\/p>\n<p>Trump overrasker: \u2013 Se p\u00e5 dette1:14<\/p>\n<p>    <\/a><\/p>\n<p>        Flere raser n\u00e5 mot BBC, etter p\u00e5stander om at den britiske kringkasteren har manipulert og feilklippet en tale USAs president Donald Trump holdt, til et dokumentarprogram: \u2013 Noen m\u00e5 f\u00e5 sparken.<br \/>\n        \u00abSensurerte trans- og kj\u00f8nnssp\u00f8rsm\u00e5l\u00bb<\/p>\n<p>Den interne BBC-rapporten, som er skrevet av en av BBCs egne r\u00e5dgivere i etiske og redaksjonelle sp\u00f8rsm\u00e5l, sier mer:<\/p>\n<p>Den hevder ogs\u00e5 at BBCs egne LHBT-journalister har sensurert allmennkringkasterens dekning av trans- og kj\u00f8nnssp\u00f8rsm\u00e5l. Og at BBCs arabiske tjeneste har dempet de israelske lidelsene i Gaza-konflikten \u2013 blant annet Hamas-terroren i oktober 2023 \u2013 for \u00e5 f\u00e5 Israel til \u00e5 se ut som den ensidige angriperen.<\/p>\n<p>Rapporten har f\u00f8rt til krav om full gransking i Storbritannia, og ogs\u00e5 BBC har v\u00e6rt ute og sagt at de tar avsl\u00f8ringene alvorlig.<\/p>\n<p>Ja, det f\u00e5r vi h\u00e5pe.<\/p>\n<p>For hver gang det kommer en lignende avsl\u00f8ring, m\u00e5 vi regne med at tilliten til de seri\u00f8se mediene forvitrer \u00f8rlite grann. For vi skulle jo v\u00e6re selve grunnpilaren, vi som i festtaler sl\u00e5r oss p\u00e5 brystet og distanserer oss fra lettbeinte podkaster og sosiale medier \u2013 der folk kan skrive \u00abhva som helst\u00bb uten faktasjekk.<\/p>\n<p>Mens vi, derimot \u2026<\/p>\n<p>   <img decoding=\"async\" width=\"8913\" height=\"5942\" fetchpriority=\"low\"  loading=\"lazy\"  src=\"https:\/\/www.europesays.com\/no\/wp-content\/uploads\/2025\/11\/NTB_Os_OtcgrWNc_1.jpg\" alt=\"Oslo 20251105. &#10;Kronprins Haakon holder tale p\u00e5 Norsk Redakt\u00f8rforenings 75-\u00e5rsjubileum  onsdag morgen.&#10;Foto: Ole Berg-Rusten \/ NTB\" class=\"brick-c-cFOWSL\" style=\"--brick-image-ratio: 8913 \/ 5942;\"\/><\/p>\n<p>      \u00c5PNINGSTALE: Kronprins Haakon p\u00e5 talerstolen under Norsk Redakt\u00f8rforenings jubileumsmarkering onsdag.<br \/>\n      Foto: NTB \/ Ole Berg-Rusten\n    <\/p>\n<p>Skj\u00f8r tillit i skjerpet konkurranse<\/p>\n<p>Vi er etter hvert mange som har pekt p\u00e5 denne underlige trangen enkelte \u00abvelmenende\u00bb journalister har til \u00e5 gj\u00f8re den amerikanske presidenten verre enn han er. Donald Trump er sannelig ille nok som han er, om han ikke skal gis enda et p\u00e5skudd til \u00e5 angripe medier som driver kritisk journalistikk om ham selv.<\/p>\n<p>En fersk unders\u00f8kelse fra august i \u00e5r viser at det norske folk fremdeles har tillit til norske medier. <a rel=\"Follow nofollow noopener\" href=\"https:\/\/presse.no\/np-nyhet\/stabil-tillit-til-de-norske-mediene\/\" target=\"_blank\">60 prosent<\/a> oppgir 6 eller mer p\u00e5 en skala fra 1 til 10 p\u00e5 sp\u00f8rsm\u00e5l om de har tillit til mediene. Det er omtrent p\u00e5 samme niv\u00e5 som de to foreg\u00e5ende \u00e5rene.<\/p>\n<p><b><a href=\"https:\/\/www.nettavisen.no\/erik-stephansen\/\" rel=\"Follow nofollow noopener\" target=\"_blank\">Les flere kommentarer av Erik Stephansen<\/a><\/b><\/p>\n<p>Vi har derfor et annet utgangspunkt enn v\u00e5re britiske kolleger, der tilsvarende tall kan v\u00e6re helt nede p\u00e5 <a rel=\"Follow nofollow noopener\" href=\"https:\/\/www.m24.no\/reklame-tillit\/britene-stoler-mer-pa-reklame-enn-nyheter\/724910\" target=\"_blank\">26 prosent<\/a>.<\/p>\n<p>Men en BBC-skandale kan like fullt ha innvirkning p\u00e5 tilliten til alle redakt\u00f8rstyrte medier i Europa &#8211; p\u00e5 kort sikt, fordi mange bekjenner seg til de samme idealene om sannhetss\u00f8ken og tilstrebet upartiskhet. Og ikke minst fordi BBC gjerne blir sitert som p\u00e5litelig kilde.<\/p>\n<p>Da er det selvsagt en tr\u00f8st at det er BBC selv som er kilde for avsl\u00f8ringen, brakt videre av The Telegraph \u2013 et annet tradisjonelt medium. For p\u00e5 lang sikt er evnen og viljen til \u00e5 kritisere seg selv og hverandre helt n\u00f8dvendig n\u00e5r b\u00e5de debattklimaet og konkurransen skjerpes.<\/p>\n<p><b>Slik kritikk m\u00e5 vi ha mer, ikke mindre av, for \u00e5 bevare den n\u00f8dvendige tilliten de neste 75 \u00e5rene. <\/b><\/p>\n","protected":false},"excerpt":{"rendered":"Til og med Kronprinsen var hentet inn for \u00e5 lykk\u00f8nske Norsk Redakt\u00f8rforening denne uka, som i \u00e5r kan&hellip;\n","protected":false},"author":2,"featured_media":81253,"comment_status":"","ping_status":"","sticky":false,"template":"","format":"standard","meta":{"footnotes":""},"categories":[12],"tags":[20,21,24,25,15,22,23,13,30,28,29,14,16,26,27,42,43,44,45],"class_list":{"0":"post-81299","1":"post","2":"type-post","3":"status-publish","4":"format-standard","5":"has-post-thumbnail","7":"category-verden","8":"tag-breaking-news","9":"tag-breakingnews","10":"tag-featured-news","11":"tag-featurednews","12":"tag-headlines","13":"tag-latest-news","14":"tag-latestnews","15":"tag-news","16":"tag-no","17":"tag-norge","18":"tag-norway","19":"tag-nyheter","20":"tag-overskrifter","21":"tag-top-stories","22":"tag-topstories","23":"tag-verden","24":"tag-world","25":"tag-world-news","26":"tag-worldnews"},"share_on_mastodon":{"url":"https:\/\/pubeurope.com\/@no\/115510055099452468","error":""},"_links":{"self":[{"href":"https:\/\/www.europesays.com\/no\/wp-json\/wp\/v2\/posts\/81299","targetHints":{"allow":["GET"]}}],"collection":[{"href":"https:\/\/www.europesays.com\/no\/wp-json\/wp\/v2\/posts"}],"about":[{"href":"https:\/\/www.europesays.com\/no\/wp-json\/wp\/v2\/types\/post"}],"author":[{"embeddable":true,"href":"https:\/\/www.europesays.com\/no\/wp-json\/wp\/v2\/users\/2"}],"replies":[{"embeddable":true,"href":"https:\/\/www.europesays.com\/no\/wp-json\/wp\/v2\/comments?post=81299"}],"version-history":[{"count":0,"href":"https:\/\/www.europesays.com\/no\/wp-json\/wp\/v2\/posts\/81299\/revisions"}],"wp:featuredmedia":[{"embeddable":true,"href":"https:\/\/www.europesays.com\/no\/wp-json\/wp\/v2\/media\/81253"}],"wp:attachment":[{"href":"https:\/\/www.europesays.com\/no\/wp-json\/wp\/v2\/media?parent=81299"}],"wp:term":[{"taxonomy":"category","embeddable":true,"href":"https:\/\/www.europesays.com\/no\/wp-json\/wp\/v2\/categories?post=81299"},{"taxonomy":"post_tag","embeddable":true,"href":"https:\/\/www.europesays.com\/no\/wp-json\/wp\/v2\/tags?post=81299"}],"curies":[{"name":"wp","href":"https:\/\/api.w.org\/{rel}","templated":true}]}}