{"id":81306,"date":"2025-11-07T19:33:10","date_gmt":"2025-11-07T19:33:10","guid":{"rendered":"https:\/\/www.europesays.com\/no\/81306\/"},"modified":"2025-11-07T19:33:10","modified_gmt":"2025-11-07T19:33:10","slug":"laksedod-flekkefjord-alger-tok-livet-av-115-millioner-laks-det-har-vaert-en-tung-tid-avisen-agder","status":"publish","type":"post","link":"https:\/\/www.europesays.com\/no\/81306\/","title":{"rendered":"Laksed\u00f8d, Flekkefjord | Alger tok livet av 1,15 millioner laks: \u2013 Det har v\u00e6rt en tung tid! &#8211; Avisen Agder"},"content":{"rendered":"<ol>\n<li><a href=\"https:\/\/news.google.com\/rss\/articles\/CBMiqAFBVV95cUxQQ0J3WWZ0M25KOGVGa3NVOGdSUjhvemxqd3dqeEJVMkpsVmMtcW95RWs3cUtwYW50V3RXcGxKaUtBMFZoeXlWZjJyMlo2ZnBQazd2WG9hOGpqLWFpZFB2ZjYzRDZEVkxDc2JWQ3lzX2tuNnRzN0NRcWlZVGVSbUhKa2pLOEVTSW9WUVpsdWNiQjhjZzZDcEJJSU9NbDZaWm5OWXZPYU4zcDY?oc=5\" target=\"_blank\" rel=\"nofollow noopener\">Laksed\u00f8d, Flekkefjord | Alger tok livet av 1,15 millioner laks: \u2013 Det har v\u00e6rt en tung tid!<\/a>&nbsp;&nbsp;Avisen Agder<\/li>\n<li><a href=\"https:\/\/news.google.com\/rss\/articles\/CBMipAFBVV95cUxNcUt4ajItSUtjbVlUeU14b2ticmhnajZxUko3alRJWHVtYlpKMmN2UklrY0UxeXZUNVNvUGZiaEUwOUh6bDF1VFpCWXZOdzZFZW5aN2l3bU9iMTVteUY0Zlc5dVg1b3B4ei04NHlOYzZnZGxRbTd2RnhLVExmY0RibWFQa3BHVlM4STZIS2RSY2phV1ptVkU3T0hETHdBN3BnMmVzMg?oc=5\" target=\"_blank\" rel=\"nofollow noopener\">(+) \u2013 Vi har aldri opplevd dette p\u00e5 h\u00f8sten f\u00f8r<\/a>&nbsp;&nbsp;fvn.no<\/li>\n<li><a href=\"https:\/\/news.google.com\/rss\/articles\/CBMinwFBVV95cUxOc3F4RnE2RWxKcEFHVGxRWF9mSFhPVHU5TFFhckYyZUFVcl91ajlydTBYZHl4WVVrbWljNVV5NWxib1RXdjBlb1pwNWpaY3FNbWJ2ZkljaHJ3ZE1YOWlQZWdCbzJoRWxMaXU4LVBXVmRUSkNOQk9kWF9ZeVpjS21hZFlPQXkxbHBNRmxzNUFITExOOFE5RWxaMVdidThRNUE?oc=5\" target=\"_blank\" rel=\"nofollow noopener\">Over en million laks str\u00f8k med i Mowi-anlegg<\/a>&nbsp;&nbsp;Finansavisen<\/li>\n<li><a href=\"https:\/\/news.google.com\/rss\/articles\/CBMijAFBVV95cUxOazRCZ1YxMkFPc0g2WGZMT1A5R2RZZm43WnBJblBCeXVwckpaZlBDeFlKSUo1N3Z2Q2xCWlhkTTRVNDZPYk9KZHA3QmZYdkJlTm14QjI4cDBhemU3T0xhOFdFOW1XNkNQWlRBbTF0d25MMlE0MDR4ZXVzWjVOMDUtM3R2LXl6WDFQM00xXw?oc=5\" target=\"_blank\" rel=\"nofollow noopener\">1,15 millioner Mowi-laks gikk tapt etter algeangrep ved Flekkefjord<\/a>&nbsp;&nbsp;iLaks<\/li>\n<li><a href=\"https:\/\/news.google.com\/rss\/articles\/CBMitgFBVV95cUxPNG93ZG9wOWxxMU12WWlNYU5RSmJqWHRCN0lmSlJtckFYWlR1UEE2VXV3ZXFlNHd5ZHpnZEVJZHJWVkpxVGQ1YkJ1ZDNjT0ZubERGaFVBNGZMcEI1bnJXWW03RkVObEwxNk9NQmZYeEcyMF9DcjFWcUJpcjMtcFY4SGRnYjZCcXVqVEp6MnNiVzIyRjVwYVVSeVJWVWdHdl9MV043UHhaOEk0cVA4SkVtcUVQS1lkUQ?oc=5\" target=\"_blank\" rel=\"nofollow noopener\">Over en million laks str\u00f8k med i Mowi-anlegg i Flekkefjord<\/a>&nbsp;&nbsp;MSN<\/li>\n<\/ol>\n","protected":false},"excerpt":{"rendered":"Laksed\u00f8d, Flekkefjord | Alger tok livet av 1,15 millioner laks: \u2013 Det har v\u00e6rt en tung tid!&nbsp;&nbsp;Avisen Agder&hellip;\n","protected":false},"author":2,"featured_media":81307,"comment_status":"","ping_status":"","sticky":false,"template":"","format":"standard","meta":{"footnotes":""},"categories":[10],"tags":[20,21,24,25,15,22,23,13,30,28,29,14,16,26,27],"class_list":{"0":"post-81306","1":"post","2":"type-post","3":"status-publish","4":"format-standard","5":"has-post-thumbnail","7":"category-norge","8":"tag-breaking-news","9":"tag-breakingnews","10":"tag-featured-news","11":"tag-featurednews","12":"tag-headlines","13":"tag-latest-news","14":"tag-latestnews","15":"tag-news","16":"tag-no","17":"tag-norge","18":"tag-norway","19":"tag-nyheter","20":"tag-overskrifter","21":"tag-top-stories","22":"tag-topstories"},"share_on_mastodon":{"url":"https:\/\/pubeurope.com\/@no\/115510090294655586","error":""},"_links":{"self":[{"href":"https:\/\/www.europesays.com\/no\/wp-json\/wp\/v2\/posts\/81306","targetHints":{"allow":["GET"]}}],"collection":[{"href":"https:\/\/www.europesays.com\/no\/wp-json\/wp\/v2\/posts"}],"about":[{"href":"https:\/\/www.europesays.com\/no\/wp-json\/wp\/v2\/types\/post"}],"author":[{"embeddable":true,"href":"https:\/\/www.europesays.com\/no\/wp-json\/wp\/v2\/users\/2"}],"replies":[{"embeddable":true,"href":"https:\/\/www.europesays.com\/no\/wp-json\/wp\/v2\/comments?post=81306"}],"version-history":[{"count":0,"href":"https:\/\/www.europesays.com\/no\/wp-json\/wp\/v2\/posts\/81306\/revisions"}],"wp:featuredmedia":[{"embeddable":true,"href":"https:\/\/www.europesays.com\/no\/wp-json\/wp\/v2\/media\/81307"}],"wp:attachment":[{"href":"https:\/\/www.europesays.com\/no\/wp-json\/wp\/v2\/media?parent=81306"}],"wp:term":[{"taxonomy":"category","embeddable":true,"href":"https:\/\/www.europesays.com\/no\/wp-json\/wp\/v2\/categories?post=81306"},{"taxonomy":"post_tag","embeddable":true,"href":"https:\/\/www.europesays.com\/no\/wp-json\/wp\/v2\/tags?post=81306"}],"curies":[{"name":"wp","href":"https:\/\/api.w.org\/{rel}","templated":true}]}}