{"id":81310,"date":"2025-11-07T19:44:17","date_gmt":"2025-11-07T19:44:17","guid":{"rendered":"https:\/\/www.europesays.com\/no\/81310\/"},"modified":"2025-11-07T19:44:17","modified_gmt":"2025-11-07T19:44:17","slug":"stusser-over-ordbruk-og-temperatur-i-zipline-debatten","status":"publish","type":"post","link":"https:\/\/www.europesays.com\/no\/81310\/","title":{"rendered":"\u2013 Stusser over ordbruk og temperatur i zipline-debatten"},"content":{"rendered":"<p>Eg stussar litt over temperaturen og ordbruken i zipline-debatten i Rauma. I ei tid der ordskiftet b\u00e5de nasjonalt og internasjonalt er prega av sterk polarisering og svart-kvitt-argumentasjon er det viktigare enn nokon gong at vi her i Rauma ikkje bidrar til det same.<\/p>\n<p>N\u00e5r eit initiativ fr\u00e5 reiselivsselskapet Romsdalen AS blir sl\u00e5tt ganske hardt i bakken nesten f\u00f8r konseptet har f\u00e5tt presentert seg, s\u00e5 er eg redd det kan skape d\u00e5rlegare vilk\u00e5r for framtidige ordskifte og debattar.<br \/>\nBlant dei som har engasjert seg sterkt imot zipline-prosjektet er det mange innsiktsfulle og kloke folk, men i zipline-debatten har dei brukt ganske harde ord om reiselivsselskapet Romsdalens identitet, moral og motiv, slik eg les ordskiftet.<br \/>\nEg er neppe nokon stor tilhengar av ein zipline fr\u00e5 Nesaksla til Isfjorden. Eller kanskje er eg nettopp det? Poenget mitt er at eg som raumav\u00e6ring gjerne skulle blitt meir kjent med ideen f\u00f8r den blir sl\u00e5tt i bakken.<\/p>\n<p>Vi kan ikkje vere s\u00e5 redde for at eit prosjekt blir realisert at vi ikkje toler ein god og \u00e5pen diskusjon i verdige former.<br \/>\nEg blir litt bekymra n\u00e5r debatten raskt blir s\u00e5 polarisert at nyansane blir borte, og at folk enten kvir seg for \u00e5 melde seg p\u00e5 i diskusjonen eller f\u00f8ler seg snytt over at prosjektet stoppar opp allereie f\u00f8r ideen har blitt lytta til.<\/p>\n<p>Vi skal tole b\u00e5de engasjement og uenigheit i samfunnsdebatten i Rauma. Det er b\u00e5de sunt og viktig. Men eit verdig ordskifte st\u00e5r seg best over tid. Ikkje minst n\u00e5r ettertanken har senka seg.<\/p>\n<p><a href=\"https:\/\/www.andalsnes-avis.no\/nyheter\/n\/OoR6pO\/reagerer-sterkt-elendig-politisk-haandtering\" rel=\"nofollow noopener\" target=\"_blank\"> <img decoding=\"async\" src=\"data:image\/gif;base64,R0lGODlhEAAJAIAAAP\/\/\/wAAACH5BAEAAAAALAAAAAAQAAkAAAIKhI+py+0Po5yUFQA7\" alt=\"\"\/>   Reagerer sterkt: \u2013 Elendig politisk h\u00e5ndtering  <\/a> <a href=\"https:\/\/www.andalsnes-avis.no\/nyheter\/n\/739mA4\/for-meg-handler-det-om-baandleggingen-av-isfjorden\" rel=\"nofollow noopener\" target=\"_blank\"> <img decoding=\"async\" src=\"data:image\/gif;base64,R0lGODlhEAAJAIAAAP\/\/\/wAAACH5BAEAAAAALAAAAAAQAAkAAAIKhI+py+0Po5yUFQA7\" alt=\"\"\/>   \u2013 For meg handler det om b\u00e5ndleggingen av Isfjorden  <\/a> <a href=\"https:\/\/www.andalsnes-avis.no\/nyheter\/n\/wgyKLP\/stem-her-gledet-du-deg-til-zipline\" rel=\"nofollow noopener\" target=\"_blank\"> <img decoding=\"async\" src=\"data:image\/gif;base64,R0lGODlhEAAJAIAAAP\/\/\/wAAACH5BAEAAAAALAAAAAAQAAkAAAIKhI+py+0Po5yUFQA7\" alt=\"\"\/>   Stem her: Gledet du deg til zipline?  <\/a> <\/p>\n<p>\u00c5pen <\/p>\n","protected":false},"excerpt":{"rendered":"Eg stussar litt over temperaturen og ordbruken i zipline-debatten i Rauma. I ei tid der ordskiftet b\u00e5de nasjonalt&hellip;\n","protected":false},"author":2,"featured_media":81311,"comment_status":"","ping_status":"","sticky":false,"template":"","format":"standard","meta":{"footnotes":""},"categories":[10],"tags":[20,21,37,24,25,15,10893,22,23,13,30,28,29,14,16,26,27,10942],"class_list":{"0":"post-81310","1":"post","2":"type-post","3":"status-publish","4":"format-standard","5":"has-post-thumbnail","7":"category-norge","8":"tag-breaking-news","9":"tag-breakingnews","10":"tag-debatt","11":"tag-featured-news","12":"tag-featurednews","13":"tag-headlines","14":"tag-isfjorden","15":"tag-latest-news","16":"tag-latestnews","17":"tag-news","18":"tag-no","19":"tag-norge","20":"tag-norway","21":"tag-nyheter","22":"tag-overskrifter","23":"tag-top-stories","24":"tag-topstories","25":"tag-zipline"},"share_on_mastodon":{"url":"https:\/\/pubeurope.com\/@no\/115510133696791440","error":""},"_links":{"self":[{"href":"https:\/\/www.europesays.com\/no\/wp-json\/wp\/v2\/posts\/81310","targetHints":{"allow":["GET"]}}],"collection":[{"href":"https:\/\/www.europesays.com\/no\/wp-json\/wp\/v2\/posts"}],"about":[{"href":"https:\/\/www.europesays.com\/no\/wp-json\/wp\/v2\/types\/post"}],"author":[{"embeddable":true,"href":"https:\/\/www.europesays.com\/no\/wp-json\/wp\/v2\/users\/2"}],"replies":[{"embeddable":true,"href":"https:\/\/www.europesays.com\/no\/wp-json\/wp\/v2\/comments?post=81310"}],"version-history":[{"count":0,"href":"https:\/\/www.europesays.com\/no\/wp-json\/wp\/v2\/posts\/81310\/revisions"}],"wp:featuredmedia":[{"embeddable":true,"href":"https:\/\/www.europesays.com\/no\/wp-json\/wp\/v2\/media\/81311"}],"wp:attachment":[{"href":"https:\/\/www.europesays.com\/no\/wp-json\/wp\/v2\/media?parent=81310"}],"wp:term":[{"taxonomy":"category","embeddable":true,"href":"https:\/\/www.europesays.com\/no\/wp-json\/wp\/v2\/categories?post=81310"},{"taxonomy":"post_tag","embeddable":true,"href":"https:\/\/www.europesays.com\/no\/wp-json\/wp\/v2\/tags?post=81310"}],"curies":[{"name":"wp","href":"https:\/\/api.w.org\/{rel}","templated":true}]}}