{"id":81312,"date":"2025-11-07T19:45:12","date_gmt":"2025-11-07T19:45:12","guid":{"rendered":"https:\/\/www.europesays.com\/no\/81312\/"},"modified":"2025-11-07T19:45:12","modified_gmt":"2025-11-07T19:45:12","slug":"donald-trump-viktor-orban-donald-trump-med-advarsel-til-europa-veldig-farlig-spill","status":"publish","type":"post","link":"https:\/\/www.europesays.com\/no\/81312\/","title":{"rendered":"Donald Trump, Viktor Orban | Donald Trump med advarsel til Europa: \u2013 Veldig farlig spill"},"content":{"rendered":"\n<p>Fredag kveld reiste Ungarns statsminister Viktor Orban til Det hvite hus med ett form\u00e5l: \u00c5 be om fritak fra sanksjonene mot russisk olje og gass.<\/p>\n<p>M\u00f8tet var de f\u00f8rste fysiske m\u00f8tet statslederne har hatt ansikt til ansikt.<\/p>\n<p>   <img decoding=\"async\" width=\"3596\" height=\"2397\" fetchpriority=\"low\"  loading=\"lazy\"  src=\"https:\/\/www.europesays.com\/no\/wp-content\/uploads\/2025\/11\/cueres_scp-mangler_navn_fmBYMPe0G4Y.jpg\" alt=\"U.S. President Donald Trump hosts a bilateral lunch with Hungary's Prime Minister Viktor Orban at the White House in Washington, D.C., U.S., November 7, 2025. REUTERS\/Jonathan Ernst&#10;&#10;\" class=\"brick-c-cFOWSL\" style=\"--brick-image-ratio: 3596 \/ 2397;\"\/><\/p>\n<p>      VIKTIG BES\u00d8K: Viktor Orban p\u00e5 bes\u00f8k hos Donald Trump i Det hvite hus.<br \/>\n      Foto: Jonathan Ernst (Reuters)\n    <\/p>\n<p>  P\u00e5pekte feil fra Trump<\/p>\n<p>22. oktober oktober innf\u00f8rte Donald Trump sanksjoner mot de russiske oljegigantene Lukoil og Rosneft, med form\u00e5l om \u00e5 stenge Moskvas gjenv\u00e6rende oljer\u00f8rledninger til Europa.<\/p>\n<p>Disse sanksjonene skaper store utfordringer for Ungarn, som f\u00e5r mesteparten av oljen sin fra Russland.<\/p>\n<p>Orban har tidligere v\u00e6rt ute og omtalt Trumps sanksjoner mot Russland som \u00aben feil\u00bb.<\/p>\n<p>\u2013 Ungarn er sv\u00e6rt avhengig av russisk olje og gass. Og uten dem vil energiprisene skyte i v\u00e6ret og for\u00e5rsake mangel i v\u00e5re forsyninger, sa han forrige m\u00e5ned.<\/p>\n<p><b>Les ogs\u00e5: <\/b><a href=\"https:\/\/www.nettavisen.no\/nyheter\/trump-har-instruert-feil-departement-om-atomvapen\/s\/5-95-2715613\" rel=\"Follow nofollow noopener\" target=\"_blank\"><b>Full forvirring: Trump har instruert feil departement om atomv\u00e5pen<\/b><\/a><\/p>\n<p>Orban startet som ventet m\u00f8tet med \u00e5 be om unntak fra den nyeste runden med amerikanske oljesanksjoner mot Russland.<\/p>\n<p>\u2013 Vi ser p\u00e5 det, fordi det er veldig vanskelig for ham \u00e5 f\u00e5 olje og gass fra andre steder, sa Trump i Det ovale kontor fredag.<\/p>\n<p>    Vil du se neste video?<\/p>\n<p>    <a href=\"https:\/\/www.nettavisen.no\/nyheter\/trump-overrasker-drar-frem-liste-midt-i-intervjuet\/v\/5-95-2705919\" class=\"recommend-poster\" data-adp-clicklabel=\"video-recommend\" data-adp-clickvalue=\"poster\" rel=\"nofollow noopener\" target=\"_blank\"><br \/>\n      <img decoding=\"async\" width=\"200\" height=\"200\" loading=\"lazy\" src=\"https:\/\/www.europesays.com\/no\/wp-content\/uploads\/2025\/11\/Trump+til+cue.jpg\" alt=\"\" class=\"brick-c-cFOWSL\" style=\"--brick-image-ratio: 200 \/ 200;\"\/><\/p>\n<p>Trump overrasker: \u2013 Se p\u00e5 dette1:14<\/p>\n<p>    <\/a><\/p>\n<p>        Viktor Orb\u00e1n og Donald Trump m\u00f8ttes i Det hvite hus fredag.<br \/>\n        Advarsel til Europa<\/p>\n<p>Det tok derimot ikke lang tid f\u00f8r de to lederne styrte samtalene inn p\u00e5 noe helt annet.<\/p>\n<p>Trump bruker mye tid p\u00e5 \u00e5 hylle Orban, og snakker engasjert om hvordan alle de \u00f8vrige europeiske statslederne respekterer den ungarske statsministeren.<\/p>\n<p>\u2013 De liker han kanskje ikke, men de respekterer ham, sl\u00e5r Trump fast.<\/p>\n<p><b>Les ogs\u00e5: <a href=\"https:\/\/www.nettavisen.no\/russland-truer-med-a-sende-supervapen-til-usas-bakgard\/s\/5-95-2713148\" rel=\"nofollow noopener\" target=\"_blank\">Russland truer med \u00e5 sende superv\u00e5pen til USAs bakg\u00e5rd<\/a><\/b><\/p>\n<p>B\u00e5de Orban og Trump er kjent for \u00e5 f\u00f8re en streng innvandringspolitikk, og brukte mye tid i m\u00f8tet p\u00e5 \u00e5 hylle hverandre for det.<\/p>\n<p>Trump benyttet seg samtidig av mulighet til \u00e5 sende en advarsel til resten av Europa.<\/p>\n<p>\u2013 Han hadde rett om immigrering, og resten av Europa tok feil. Europa oversv\u00f8mmes av innvandrere, og er i ferd med \u00e5 bli et helt annet sted. Jeg sier det til dem hele tiden: Dere er n\u00f8dt til \u00e5 stoppe, ellers s\u00e5 kommer dere ikke til \u00e5 ha noe Europa lenger. Det er et veldig farlig spill de holder p\u00e5 med, advarer Trump.<\/p>\n","protected":false},"excerpt":{"rendered":"Fredag kveld reiste Ungarns statsminister Viktor Orban til Det hvite hus med ett form\u00e5l: \u00c5 be om fritak&hellip;\n","protected":false},"author":2,"featured_media":81313,"comment_status":"","ping_status":"","sticky":false,"template":"","format":"standard","meta":{"footnotes":""},"categories":[5],"tags":[20,21,24,25,15,19,22,23,17,18,13,30,28,29,14,16,26,27],"class_list":{"0":"post-81312","1":"post","2":"type-post","3":"status-publish","4":"format-standard","5":"has-post-thumbnail","7":"category-overskrifter","8":"tag-breaking-news","9":"tag-breakingnews","10":"tag-featured-news","11":"tag-featurednews","12":"tag-headlines","13":"tag-hovedoppslag","14":"tag-latest-news","15":"tag-latestnews","16":"tag-main-news","17":"tag-mainnews","18":"tag-news","19":"tag-no","20":"tag-norge","21":"tag-norway","22":"tag-nyheter","23":"tag-overskrifter","24":"tag-top-stories","25":"tag-topstories"},"share_on_mastodon":{"url":"https:\/\/pubeurope.com\/@no\/115510137641215851","error":""},"_links":{"self":[{"href":"https:\/\/www.europesays.com\/no\/wp-json\/wp\/v2\/posts\/81312","targetHints":{"allow":["GET"]}}],"collection":[{"href":"https:\/\/www.europesays.com\/no\/wp-json\/wp\/v2\/posts"}],"about":[{"href":"https:\/\/www.europesays.com\/no\/wp-json\/wp\/v2\/types\/post"}],"author":[{"embeddable":true,"href":"https:\/\/www.europesays.com\/no\/wp-json\/wp\/v2\/users\/2"}],"replies":[{"embeddable":true,"href":"https:\/\/www.europesays.com\/no\/wp-json\/wp\/v2\/comments?post=81312"}],"version-history":[{"count":0,"href":"https:\/\/www.europesays.com\/no\/wp-json\/wp\/v2\/posts\/81312\/revisions"}],"wp:featuredmedia":[{"embeddable":true,"href":"https:\/\/www.europesays.com\/no\/wp-json\/wp\/v2\/media\/81313"}],"wp:attachment":[{"href":"https:\/\/www.europesays.com\/no\/wp-json\/wp\/v2\/media?parent=81312"}],"wp:term":[{"taxonomy":"category","embeddable":true,"href":"https:\/\/www.europesays.com\/no\/wp-json\/wp\/v2\/categories?post=81312"},{"taxonomy":"post_tag","embeddable":true,"href":"https:\/\/www.europesays.com\/no\/wp-json\/wp\/v2\/tags?post=81312"}],"curies":[{"name":"wp","href":"https:\/\/api.w.org\/{rel}","templated":true}]}}