{"id":81314,"date":"2025-11-07T19:52:43","date_gmt":"2025-11-07T19:52:43","guid":{"rendered":"https:\/\/www.europesays.com\/no\/81314\/"},"modified":"2025-11-07T19:52:43","modified_gmt":"2025-11-07T19:52:43","slug":"tromso-kommune-helse-og-omsorg","status":"publish","type":"post","link":"https:\/\/www.europesays.com\/no\/81314\/","title":{"rendered":"Troms\u00f8 kommune, Helse og omsorg"},"content":{"rendered":"\n<p><b>For meg handler dette ikke bare tall p\u00e5 et ark. Det handler om mennesker \u2013 om trygghet. Og la oss legge kortene p\u00e5 bordet, jeg er p\u00e5r\u00f8rende til en bruker som blir sterkt ber\u00f8rt av nedskj\u00e6ringene i helse og omsorg hos Troms\u00f8 kommune. S\u00e5 ja, jeg snakker for min syke mor, bokstavelig talt, men dette er s\u00e5 mye st\u00f8rre enn en enkelt sak, dessverre.<\/b><\/p>\n<p><b>S\u00e5 til det<\/b> som oppr\u00f8rer meg kraftig med dette budsjettforslaget! Det er n\u00e5r strategien blir en festtale og brukes der det passer seg.<\/p>\n<p><b>Konstituert kommunedirekt\u00f8r <\/b>Mari Hult sa f\u00f8lgende etter fremlegging av budsjettforslaget:<\/p>\n<p>&laquo;Vi har en fersk vedtatt strategi som er veldig tydelig p\u00e5 at vi skal sette inn v\u00e5re tiltak nederst i denne omsorgstrappa, og det handler jo om det som vi har sagt tidligere, at v\u00e5res m\u00e5l er \u00e5 hjelpe folk s\u00e5 tidlig som mulig, og tilrettelegge for at folk kan bo hjemme lengst mulig og da er det en naturlig konsekvens av det at antall institusjonsplasser skal reduseres&raquo;.<\/p>\n<p><b>Det h\u00f8res flott ut<\/b> og helt sikker noe alle innbyggerne vil stille seg bak.<\/p>\n<p><b>Men i guds knepte hender: <\/b>den strategien m\u00e5 jo implanteres i eget hus! Mener Hult at kommunens ansatte p\u00e5 helse og omsorg har de rammene som trengs for \u00e5 faktisk leverer p\u00e5 ledelsens uttalte strategi? V\u00e5rt n\u00e6re tilfelle beskriver jo nettopp det stikk motsatte. Her tar kommunen vekk 7 timer omsorg i d\u00f8gnet som gj\u00f8r at en sterkt pleietrengende innbygger som b\u00e5de \u00f8nsker \u00e5 bo hjemme og som med den hjelpen kommunen har gitt frem til n\u00e5, har evnet \u00e5 bo hjemme, tvinges ut av hjemmet sitt og over p\u00e5 institusjon. Som kommunen for \u00f8vrig planlegger \u00e5 kutte ned p\u00e5 fordi folk skal bo hjemme lengere, folk skal f\u00e5 tilrettelegging for \u00e5 kunne bo hjemme lengre.<\/p>\n<p><b>I budsjettforslaget<\/b> for 2026 ser vi reduksjon i institusjonsplasser og nedtrekk i Nattjenesten. For de som ikke kjenner Nattjenesten: Nattjenesten er ikke noe luksus, men en livsviktig tjeneste for pleietrengende som bor hjemme. Den gir trygghet, omsorg og akutt hjelp n\u00e5r resten av kommunen sover. N\u00e5r denne tjenesten svekkes, rammes nettopp de menneskene strategien skulle hjelpe \u2013 de som \u00f8nsker \u00e5 bo hjemme, men som trenger st\u00f8tte for \u00e5 klare det.<\/p>\n<p><strong>Her ligger den store selvmotsigelsen: Strategien sier \u00abbo hjemme lengst mulig\u00bb. Budsjettet sier \u00abmindre hjelp til dem som bor hjemme\u00bb.<\/strong><\/p>\n<p><b>Hvordan skal<\/b> kommunens ansatte evne \u00e5 levere p\u00e5 m\u00e5lene ledelsen har satt, n\u00e5r rammene forsvinner? Hva skjer n\u00e5r politikerne og administrasjonen foresl\u00e5r kutt som gj\u00f8r dette m\u00e5let umulig \u00e5 n\u00e5? Hvordan henger dette sammen med strategien?<\/p>\n<p><b>Kommunedirekt\u00f8ren peker<\/b> p\u00e5 rekrutteringsproblemer som \u00e5rsak til nedskalering. Men er virkelig l\u00f8sningen \u00e5 redusere tilbudet? Eller er dette en m\u00e5te \u00e5 skjule at \u00f8konomien er presset og ROBEK truer i kulissene? Vi vet alle at kommunen ikke kan si at kutt skyldes penger \u2013 det ville v\u00e6re et lovbrudd. Men realiteten skinner gjennom: dette handler om \u00f8konomi.<\/p>\n<p><b>Jeg savner \u00e6rlighet. <\/b>Jeg savner politisk lederskap som t\u00f8r \u00e5 si hva som gjelder. Er m\u00e5let fortsatt at folk skal bo hjemme? Hvis ja \u2013 hvordan skal kommunen sikre det n\u00e5r Nattjenesten nedskj\u00e6res i stedet for \u00e5 bygges opp? Hvis nei \u2013 si det h\u00f8yt!<\/p>\n<p><b>Kj\u00e6re folkevalgte: <\/b>rydd opp i mismatchen mellom strategi og virkelighet. Gi oss et klart svar. For akkurat n\u00e5 er dette ikke omsorgspolitikk \u2013 det er festtaler og t\u00e5keprat.<\/p>\n","protected":false},"excerpt":{"rendered":"For meg handler dette ikke bare tall p\u00e5 et ark. Det handler om mennesker \u2013 om trygghet. Og&hellip;\n","protected":false},"author":2,"featured_media":81315,"comment_status":"","ping_status":"","sticky":false,"template":"","format":"standard","meta":{"footnotes":""},"categories":[5],"tags":[36,20,21,11014,24,25,15,39,19,806,22,23,17,18,13,30,28,29,14,1533,16,26,27,1424],"class_list":{"0":"post-81314","1":"post","2":"type-post","3":"status-publish","4":"format-standard","5":"has-post-thumbnail","7":"category-overskrifter","8":"tag-art","9":"tag-breaking-news","10":"tag-breakingnews","11":"tag-budsjettkutt","12":"tag-featured-news","13":"tag-featurednews","14":"tag-headlines","15":"tag-helse-og-omsorg","16":"tag-hovedoppslag","17":"tag-kommuneokonomi","18":"tag-latest-news","19":"tag-latestnews","20":"tag-main-news","21":"tag-mainnews","22":"tag-news","23":"tag-no","24":"tag-norge","25":"tag-norway","26":"tag-nyheter","27":"tag-opinion","28":"tag-overskrifter","29":"tag-top-stories","30":"tag-topstories","31":"tag-tromso-kommune"},"share_on_mastodon":{"url":"https:\/\/pubeurope.com\/@no\/115510165246849335","error":""},"_links":{"self":[{"href":"https:\/\/www.europesays.com\/no\/wp-json\/wp\/v2\/posts\/81314","targetHints":{"allow":["GET"]}}],"collection":[{"href":"https:\/\/www.europesays.com\/no\/wp-json\/wp\/v2\/posts"}],"about":[{"href":"https:\/\/www.europesays.com\/no\/wp-json\/wp\/v2\/types\/post"}],"author":[{"embeddable":true,"href":"https:\/\/www.europesays.com\/no\/wp-json\/wp\/v2\/users\/2"}],"replies":[{"embeddable":true,"href":"https:\/\/www.europesays.com\/no\/wp-json\/wp\/v2\/comments?post=81314"}],"version-history":[{"count":0,"href":"https:\/\/www.europesays.com\/no\/wp-json\/wp\/v2\/posts\/81314\/revisions"}],"wp:featuredmedia":[{"embeddable":true,"href":"https:\/\/www.europesays.com\/no\/wp-json\/wp\/v2\/media\/81315"}],"wp:attachment":[{"href":"https:\/\/www.europesays.com\/no\/wp-json\/wp\/v2\/media?parent=81314"}],"wp:term":[{"taxonomy":"category","embeddable":true,"href":"https:\/\/www.europesays.com\/no\/wp-json\/wp\/v2\/categories?post=81314"},{"taxonomy":"post_tag","embeddable":true,"href":"https:\/\/www.europesays.com\/no\/wp-json\/wp\/v2\/tags?post=81314"}],"curies":[{"name":"wp","href":"https:\/\/api.w.org\/{rel}","templated":true}]}}