{"id":81320,"date":"2025-11-07T19:57:27","date_gmt":"2025-11-07T19:57:27","guid":{"rendered":"https:\/\/www.europesays.com\/no\/81320\/"},"modified":"2025-11-07T19:57:27","modified_gmt":"2025-11-07T19:57:27","slug":"jenny-skavlan-shein-jenny-skavlan-hardt-ut-mot-klesgigant-har-ikke-livets-rett","status":"publish","type":"post","link":"https:\/\/www.europesays.com\/no\/81320\/","title":{"rendered":"Jenny Skavlan, Shein | Jenny Skavlan hardt ut mot klesgigant: \u2013 Har ikke livets rett"},"content":{"rendered":"\n<p>Tidligere denne uken ble det kjent at den asiatiske netthandelgiganten <a href=\"https:\/\/www.nettavisen.no\/nyheter\/frankrike-blokkerer-tilgang-til-sheins-nettbutikk-pa-grunn-av-sexdukke-salg\/s\/5-95-2711547\" rel=\"Follow nofollow noopener\" target=\"_blank\">Shein har \u00e5pnet sin f\u00f8rste fysiske butikk noensinne<\/a>.<\/p>\n<p>Shein er en av verdens st\u00f8rste produsenter av \u00abfast fashion\u00bb og har regelmessig blitt kritisert b\u00e5de for sin rabattbaserte forretningsmodell og innvirkningen p\u00e5 milj\u00f8et.<\/p>\n<p>Gigantens f\u00f8rste butikk er lagt til Frankrikes hovedstad Paris, bare noen hundre meter unna den ber\u00f8mte Notre-Dame-katedralen.<\/p>\n<p>    Vil du se neste video?<\/p>\n<p>    <a href=\"https:\/\/www.nettavisen.no\/nyheter\/trump-overrasker-drar-frem-liste-midt-i-intervjuet\/v\/5-95-2705919\" class=\"recommend-poster\" data-adp-clicklabel=\"video-recommend\" data-adp-clickvalue=\"poster\" rel=\"nofollow noopener\" target=\"_blank\"><br \/>\n      <img decoding=\"async\" width=\"200\" height=\"200\" loading=\"lazy\" src=\"https:\/\/www.europesays.com\/no\/wp-content\/uploads\/2025\/11\/Trump+til+cue.jpg\" alt=\"\" class=\"brick-c-cFOWSL\" style=\"--brick-image-ratio: 200 \/ 200;\"\/><\/p>\n<p>Klar tale: \u2013 Han er ferdig som president1:14<\/p>\n<p>    <\/a><\/p>\n<p>Klar tale: \u2013 Jeg er ekstrem<\/p>\n<p>\u00c5pningen av butikken kom samme dag som franske myndigheter blokkerte tilgangen til klesgigantens netthandel, etter at det ble avsl\u00f8rt at de solgte dukker av pornografisk art som ligner barn.<\/p>\n<p>Selskapet er f\u00f8rst og fremst kjent for \u00e5 selge kl\u00e6r, som i all hovedsak blir produsert i Kina.<\/p>\n<p><a href=\"https:\/\/www.nettavisen.no\/kjendis\/tinashe-williamson-med-klart-budskap-viktig-a-vise-hvilke-holdninger-jeg-har\/s\/5-95-2397726\" rel=\"Follow nofollow noopener\" target=\"_blank\">Tise-profil og gjenbrukstilhenger Jenny Skavlan (39)<\/a> sier at dette er kalkulert fra klesgigantens side.<\/p>\n<p>   <img decoding=\"async\" width=\"4884\" height=\"7326\" fetchpriority=\"low\"  loading=\"lazy\"  src=\"https:\/\/www.europesays.com\/no\/wp-content\/uploads\/2025\/11\/NTB_8jGzGS9Xlgo.jpg\" alt=\"Oslo 20251105. &#10;Jenny Skavlan p\u00e5 r\u00f8d l\u00f8per f\u00f8r Elle-gallaen 2025 p\u00e5 Theatercafeen.&#10;Foto: Stian Lysberg Solum \/ NTB\" class=\"brick-c-cFOWSL\" style=\"--brick-image-ratio: 4884 \/ 7326;\"\/><\/p>\n<p>      KRITISK: Nettavisen snakket med Jenny Skavlan p\u00e5 Elle-gallaen onsdag kveld.<br \/>\n      Foto: Stian Lysberg Solum (NTB)\n    <\/p>\n<p>\u2013 Det er et sneaky move, for Frankrike har jo forbudt reklame for ultra fast fashion. S\u00e5 dette er Sheins m\u00e5te \u00e5 fortsatt v\u00e6re til stede i Frankrike p\u00e5, sier hun til Nettavisen.<\/p>\n<p>Skavlan tror likevel det kan komme noe positivt ut av at den mye omtalte kleskjeden n\u00e5 \u00e5pner fysiske butikker: Nemlig at man kj\u00f8per f\u00e6rre plagg.<\/p>\n<p>\u2013 Det er jo faktisk alltid bedre \u00e5 fysisk kunne se et plagg f\u00f8r man kj\u00f8per det. I Sheins tilfelle tror jeg det vil v\u00e6re skuffende for veldig mange, for kl\u00e6rne derfra tar seg nok alltid bedre ut p\u00e5 internett enn i det virkelige liv, sier Jenny Skavlan.<\/p>\n<p><b>Les ogs\u00e5: <a rel=\"Follow nofollow noopener\" href=\"https:\/\/www.nettavisen.no\/nyheter\/frankrike-blokkerer-tilgang-til-sheins-nettbutikk-pa-grunn-av-sexdukke-salg\/s\/5-95-2711547\" target=\"_blank\">Frankrike blokkerer nettbutikk: Mener sexdukke ligner barn<\/a><\/b><\/p>\n<p>Den kjente gjenbruksprofilen er sv\u00e6rt kritisk til fast fashion og oppfordrer folk til \u00e5 generelt shoppe mindre.<\/p>\n<p>\u2013 Men med fysiske butikker kan du i hvert fall se kl\u00e6rne f\u00f8r du kj\u00f8per dem, s\u00e5 du ikke f\u00e5r masse dritt hjem som ikke passer. Jeg mener at ultra fast fashion ikke burde ha livets rett uansett, men jeg er jo selvf\u00f8lgelig ekstrem p\u00e5 det omr\u00e5det.<\/p>\n<p>    Vil du se neste video?<\/p>\n<p>    <a href=\"https:\/\/www.nettavisen.no\/nyheter\/trump-overrasker-drar-frem-liste-midt-i-intervjuet\/v\/5-95-2705919\" class=\"recommend-poster\" data-adp-clicklabel=\"video-recommend\" data-adp-clickvalue=\"poster\" rel=\"nofollow noopener\" target=\"_blank\"><br \/>\n      <img decoding=\"async\" width=\"200\" height=\"200\" loading=\"lazy\" src=\"https:\/\/www.europesays.com\/no\/wp-content\/uploads\/2025\/11\/Trump+til+cue.jpg\" alt=\"\" class=\"brick-c-cFOWSL\" style=\"--brick-image-ratio: 200 \/ 200;\"\/><\/p>\n<p>Klar tale: \u2013 Han er ferdig som president1:14<\/p>\n<p>    <\/a><\/p>\n<p>\u00d8nsker sanksjoner: \u2013 M\u00e5 ta aff\u00e6re<\/p>\n<p>Shein har de siste dagene v\u00e6rt i hardt v\u00e6r etter avsl\u00f8ringen om at det er blitt solgt sexdukker utformet som sm\u00e5 barn p\u00e5 plattformen.<\/p>\n<p>Selskapet uttalte kort tid etterp\u00e5 at dukkene ikke lenger var til salgs, og at de hadde iverksatt en intern granskning.<\/p>\n<p><b>Les ogs\u00e5: <a rel=\"Follow nofollow noopener\" href=\"https:\/\/www.nettavisen.no\/kjendis\/jenny-skavlan-og-thomas-gullestad-tok-grep-for-a-balansere-livet\/s\/5-95-2279492\" target=\"_blank\">Har gjort viktige endringer i hverdagen: \u2013 M\u00e5tte ta noen grep<\/a><\/b><\/p>\n<p>Shein har ogs\u00e5 uttalt at de vil samarbeide med politiet og dele navnene p\u00e5 kj\u00f8pere av sexdukker som framstiller barn.<\/p>\n<p>De har selv forbudt all salg av sexdukker som f\u00f8lge av saken, som har vekket kraftige reaksjoner i Frankrike med demonstrasjoner.<\/p>\n<p><b>Les ogs\u00e5: <a rel=\"Follow nofollow noopener\" href=\"https:\/\/www.nettavisen.no\/kjendis\/elle-gallaen-2025-egor-filipenko-med-skal-vi-danse-avsloring-blitt-spurt\/s\/5-95-2711719\" target=\"_blank\">Klar beskjed: \u2013 Kommer aldri til \u00e5 skje<\/a><\/b><\/p>\n<p>Torsdag ba Frankrikes utenriksminister Jean-No\u00ebl Barrot EU-kommisjonen om \u00e5 innf\u00f8re sanksjoner mot den asiatiske netthandelgiganten.<\/p>\n<p>\u2013 Jeg mener plattformen helt klart har brutt europeiske regler som ble vedtatt i 2022 p\u00e5 initiativ fra Frankrike. Jeg mener at EU-kommisjonen m\u00e5 ta aff\u00e6re. Det kan ikke vente lenger, sier Barrot i et intervju med radiokanalen <a href=\"https:\/\/www.franceinfo.fr\/economie\/entreprises\/shein-les-plateformes-qui-ne-respectent-pas-nos-regles-n-ont-rien-a-faire-chez-nous-declare-l-ancienne-ministre-clara-chappaz-qui-affirme-que-la-france-a-saisi-l-europe_7598822.html\" rel=\"noopener nofollow\" target=\"_blank\">Franceinfo<\/a> torsdag.<\/p>\n","protected":false},"excerpt":{"rendered":"Tidligere denne uken ble det kjent at den asiatiske netthandelgiganten Shein har \u00e5pnet sin f\u00f8rste fysiske butikk noensinne.&hellip;\n","protected":false},"author":2,"featured_media":81321,"comment_status":"","ping_status":"","sticky":false,"template":"","format":"standard","meta":{"footnotes":""},"categories":[12],"tags":[20,21,24,25,15,22,23,13,30,28,29,14,16,26,27,42,43,44,45],"class_list":{"0":"post-81320","1":"post","2":"type-post","3":"status-publish","4":"format-standard","5":"has-post-thumbnail","7":"category-verden","8":"tag-breaking-news","9":"tag-breakingnews","10":"tag-featured-news","11":"tag-featurednews","12":"tag-headlines","13":"tag-latest-news","14":"tag-latestnews","15":"tag-news","16":"tag-no","17":"tag-norge","18":"tag-norway","19":"tag-nyheter","20":"tag-overskrifter","21":"tag-top-stories","22":"tag-topstories","23":"tag-verden","24":"tag-world","25":"tag-world-news","26":"tag-worldnews"},"share_on_mastodon":{"url":"https:\/\/pubeurope.com\/@no\/115510185071460415","error":""},"_links":{"self":[{"href":"https:\/\/www.europesays.com\/no\/wp-json\/wp\/v2\/posts\/81320","targetHints":{"allow":["GET"]}}],"collection":[{"href":"https:\/\/www.europesays.com\/no\/wp-json\/wp\/v2\/posts"}],"about":[{"href":"https:\/\/www.europesays.com\/no\/wp-json\/wp\/v2\/types\/post"}],"author":[{"embeddable":true,"href":"https:\/\/www.europesays.com\/no\/wp-json\/wp\/v2\/users\/2"}],"replies":[{"embeddable":true,"href":"https:\/\/www.europesays.com\/no\/wp-json\/wp\/v2\/comments?post=81320"}],"version-history":[{"count":0,"href":"https:\/\/www.europesays.com\/no\/wp-json\/wp\/v2\/posts\/81320\/revisions"}],"wp:featuredmedia":[{"embeddable":true,"href":"https:\/\/www.europesays.com\/no\/wp-json\/wp\/v2\/media\/81321"}],"wp:attachment":[{"href":"https:\/\/www.europesays.com\/no\/wp-json\/wp\/v2\/media?parent=81320"}],"wp:term":[{"taxonomy":"category","embeddable":true,"href":"https:\/\/www.europesays.com\/no\/wp-json\/wp\/v2\/categories?post=81320"},{"taxonomy":"post_tag","embeddable":true,"href":"https:\/\/www.europesays.com\/no\/wp-json\/wp\/v2\/tags?post=81320"}],"curies":[{"name":"wp","href":"https:\/\/api.w.org\/{rel}","templated":true}]}}