{"id":81342,"date":"2025-11-07T20:16:12","date_gmt":"2025-11-07T20:16:12","guid":{"rendered":"https:\/\/www.europesays.com\/no\/81342\/"},"modified":"2025-11-07T20:16:12","modified_gmt":"2025-11-07T20:16:12","slug":"frierbrevene-renner-inn-darlig-timing","status":"publish","type":"post","link":"https:\/\/www.europesays.com\/no\/81342\/","title":{"rendered":"Frierbrevene renner inn: &#8211; D\u00e5rlig timing"},"content":{"rendered":"<p>Forrige uke ble en sv\u00e6rt personlig sending for deltagerne i \u00abSkal vi danse\u00bb, hvor de blant annet \u00e5pnet seg om tapet av n\u00e6re venner, utenforskap og familie.\u00a0<\/p>\n<p>Carina Dahl fortalte \u00e6rlig om ensomhet, og hvordan hun savner en \u00e5 dele livet med.<\/p>\n<p>Til sin nye l\u00e5t \u00abHoppe inn med hjertet f\u00f8rst\u00bb, danset hun til nesten full pott fra dommerne, hele 39 poeng av 40 mulige.<\/p>\n<p>\u2013 \u00c5h, herregud! Jeg har f\u00e5tt s\u00e5 mange meldinger. Det har v\u00e6rt tatt helt av. Var det virkelig s\u00e5 bra? Jeg tror jeg m\u00e5 ha truffet en nerve med hele pakken, og det var jo det vi h\u00e5pet p\u00e5. Jeg har f\u00e5tt s\u00e5 mange kommentarer og meldinger, som har v\u00e6rt skikkelig fint. Kunne ikke dr\u00f8mt om mer.<\/p>\n<p>    <a class=\"article__link\" data-ga-active-label=\"\" data-ga-active-label-animation=\"\" href=\"https:\/\/www.tv2.no\/underholdning\/kjenner-pa-ensomhet\/18239692\/\" rel=\"nofollow noopener\" target=\"_blank\"><\/p>\n<p>    <img class=\"image__img lazyload\" itemprop=\"image\" title=\"\" alt=\"\" width=\"978\" height=\"411\" bad-src=\"https:\/\/www.europesays.com\/no\/wp-content\/uploads\/2025\/11\/18239707.webp\" fetchpriority=\"auto\" \/><\/p>\n<p>\n            \u2013 Kjenner p\u00e5 ensomhet\n        <\/p>\n<p>    <\/a><\/p>\n<p>\u2013 Str\u00f8mmer p\u00e5<\/p>\n<p>Det er ikke bare dansen Dahl har f\u00e5tt meldinger p\u00e5. For under sendingen la hun inn en spontan kontaktannonse p\u00e5 sine egne vegne.\u00a0<\/p>\n<p class=\"italic m-italic\" data-lab-italic=\"italic\">\u2013 Hvordan ser innboksen din ut etter noe slikt?<\/p>\n<p>\u2013 Det str\u00f8mmer p\u00e5, ja. Og det er ikke bare p\u00e5 sosiale medier.\u00a0Det kommer jo foresp\u00f8rsler p\u00e5 eposten min og alt ogs\u00e5.\u00a0<\/p>\n<p>Artisten avsl\u00f8rer at det er folk i alle aldre som tar kontakt, og at de virkelig pr\u00f8ver.\u00a0<\/p>\n<p>\u2013 Det er litt d\u00e5rlig timing. Jeg ser jo det n\u00e5. For jeg orker jo ikke \u00e5 sette meg ned med det akkurat n\u00e5. S\u00e5 vi f\u00e5r ta det neste \u00e5r, ler Dahl.\u00a0<\/p>\n<p>Hun har f\u00e5tt veldig mange morsomme tilbud.<\/p>\n<p>\u2013 Jeg m\u00e5 si at jeg synes guttene er t\u00f8ffe som t\u00f8r. Det er kult. For jeg tipper det ogs\u00e5 er mange som syns det er vanskelig \u00e5 ta kontakt, kanskje spesielt med noen som er profilert. S\u00e5 det er t\u00f8ft at de t\u00f8r, selv om jeg nok ikke er den beste p\u00e5 \u00e5 svare akkurat n\u00e5.<\/p>\n<p>    <a class=\"article__link\" data-ga-active-label=\"\" data-ga-active-label-animation=\"\" href=\"https:\/\/www.tv2.no\/underholdning\/skal-vi-danse-profil-deler-gladnyhet\/18248697\/\" rel=\"nofollow noopener\" target=\"_blank\"><\/p>\n<p>    <img class=\"image__img lazyload\" itemprop=\"image\" title=\"\" alt=\"\" width=\"587\" height=\"247\" bad-src=\"https:\/\/www.europesays.com\/no\/wp-content\/uploads\/2025\/11\/18156084.webp\" fetchpriority=\"auto\" \/><\/p>\n<p>\n            \u00abSkal vi danse\u00bb-profil deler gladnyhet\n        <\/p>\n<p>    <\/a><\/p>\n<p>Ikke tid til dating<\/p>\n<p>Dahl er nemlig veldig opptatt for tiden, noe som kanskje ikke er s\u00e5 overraskende med tanke p\u00e5 \u00abSkal vi danse\u00bb-deltagelsen.<\/p>\n<p>\u2013 Det blir ikke noe dating for min del akkurat n\u00e5, men neste \u00e5r! Det er nytt\u00e5rsforsettet mitt. Da skal jeg opp p\u00e5 hesten, igjen.<\/p>\n<p class=\"italic m-italic\" data-lab-italic=\"italic\"> \u2013 Hva skal egentlig til for \u00e5 skille seg ut i mengden av meldinger du f\u00e5r?<\/p>\n<p>\u2013 For meg\u00a0sitter det s\u00e5 langt inne \u00e5 m\u00f8te noen som skriver til meg i innboksen min, i utgangspunktet. Jeg gj\u00f8r jo aldri det. S\u00e5 s\u00e5nn sett var det egentlig en litt dum id\u00e9 \u00e5 be folk melde meg. For jeg er jo altfor nerv\u00f8s til \u00e5 gj\u00f8re det.<\/p>\n<p>\u2013 Jeg tror det beste er \u00e5 ta direkte kontakt med meg i virkeligheten, rett og slett.<\/p>\n<p class=\"italic m-italic\" data-lab-italic=\"italic\">\u2013 S\u00e5 p\u00e5 gata?\u00a0<\/p>\n<p>\u2013 P\u00e5 gata, p\u00e5 Kiwi. Nei, jeg vet ikke helt. Jeg h\u00e5per selvf\u00f8lgelig at jeg m\u00f8ter noen p\u00e5 en litt naturlig m\u00e5te og ikke n\u00f8dvendigvis fra en innboks, men hvem vet. Vi f\u00e5r se, ler artisten.<\/p>\n","protected":false},"excerpt":{"rendered":"Forrige uke ble en sv\u00e6rt personlig sending for deltagerne i \u00abSkal vi danse\u00bb, hvor de blant annet \u00e5pnet&hellip;\n","protected":false},"author":2,"featured_media":81343,"comment_status":"","ping_status":"","sticky":false,"template":"","format":"standard","meta":{"footnotes":""},"categories":[58],"tags":[71,30,28,29,72],"class_list":{"0":"post-81342","1":"post","2":"type-post","3":"status-publish","4":"format-standard","5":"has-post-thumbnail","7":"category-underholdning","8":"tag-entertainment","9":"tag-no","10":"tag-norge","11":"tag-norway","12":"tag-underholdning"},"share_on_mastodon":{"url":"https:\/\/pubeurope.com\/@no\/115510259417273507","error":""},"_links":{"self":[{"href":"https:\/\/www.europesays.com\/no\/wp-json\/wp\/v2\/posts\/81342","targetHints":{"allow":["GET"]}}],"collection":[{"href":"https:\/\/www.europesays.com\/no\/wp-json\/wp\/v2\/posts"}],"about":[{"href":"https:\/\/www.europesays.com\/no\/wp-json\/wp\/v2\/types\/post"}],"author":[{"embeddable":true,"href":"https:\/\/www.europesays.com\/no\/wp-json\/wp\/v2\/users\/2"}],"replies":[{"embeddable":true,"href":"https:\/\/www.europesays.com\/no\/wp-json\/wp\/v2\/comments?post=81342"}],"version-history":[{"count":0,"href":"https:\/\/www.europesays.com\/no\/wp-json\/wp\/v2\/posts\/81342\/revisions"}],"wp:featuredmedia":[{"embeddable":true,"href":"https:\/\/www.europesays.com\/no\/wp-json\/wp\/v2\/media\/81343"}],"wp:attachment":[{"href":"https:\/\/www.europesays.com\/no\/wp-json\/wp\/v2\/media?parent=81342"}],"wp:term":[{"taxonomy":"category","embeddable":true,"href":"https:\/\/www.europesays.com\/no\/wp-json\/wp\/v2\/categories?post=81342"},{"taxonomy":"post_tag","embeddable":true,"href":"https:\/\/www.europesays.com\/no\/wp-json\/wp\/v2\/tags?post=81342"}],"curies":[{"name":"wp","href":"https:\/\/api.w.org\/{rel}","templated":true}]}}