{"id":81378,"date":"2025-11-07T20:54:10","date_gmt":"2025-11-07T20:54:10","guid":{"rendered":"https:\/\/www.europesays.com\/no\/81378\/"},"modified":"2025-11-07T20:54:10","modified_gmt":"2025-11-07T20:54:10","slug":"tilbakekalling-mat-tilbakekaller-norsk-julefavoritt","status":"publish","type":"post","link":"https:\/\/www.europesays.com\/no\/81378\/","title":{"rendered":"Tilbakekalling, Mat | Tilbakekaller norsk julefavoritt"},"content":{"rendered":"\n<p>Goman tilbakekaller Britts brune pinner solgt i Coop sine butikker. \u00c5rsaken er at produktet inneholder mandler, mens det p\u00e5 ingredienslisten til produkter kun st\u00e5r \u00abkan inneholde spor av n\u00f8tter\u00bb.<\/p>\n<p>Det melder Coop Norge i en pressemelding.<\/p>\n<p>Ved en feiltagelse har et mindre parti Britts brune pinner f\u00e5tt bakside-etiketten til Britts runde. Dette produktet er kun merket med \u00abkan inneholde spor av n\u00f8tter\u00bb. Britts brune pinner inneholder imidlertid mandler.<\/p>\n<p>\u2013 Allergener skal v\u00e6re tydelig merket i ingredienslisten til produktet. Dessverre har enkelte pakker med Britts brune pinner f\u00e5tt feil etikett og vi tilbakekaller derfor produktet, sier Harald Kristiansen, kommunikasjonsdirekt\u00f8r i Coop Norge.<\/p>\n<p>Kunder som har kj\u00f8pt produktet og \u00f8nsker \u00e5 returnere det, f\u00e5r selvsagt pengene tilbake.<\/p>\n<p>Feilmerkede produkter er fjernet fra butikk.<\/p>\n<p>   <img decoding=\"async\" width=\"600\" height=\"416\" fetchpriority=\"low\"  loading=\"lazy\"  src=\"https:\/\/www.europesays.com\/no\/wp-content\/uploads\/2025\/11\/pinner.jpg\" alt=\"\" class=\"brick-c-cFOWSL\" style=\"--brick-image-ratio: 600 \/ 416;\"\/><\/p>\n","protected":false},"excerpt":{"rendered":"Goman tilbakekaller Britts brune pinner solgt i Coop sine butikker. \u00c5rsaken er at produktet inneholder mandler, mens det&hellip;\n","protected":false},"author":2,"featured_media":1273,"comment_status":"","ping_status":"","sticky":false,"template":"","format":"standard","meta":{"footnotes":""},"categories":[10],"tags":[36,20,21,24,25,823,15,22,23,737,13,30,28,29,14,16,1510,4079,26,27],"class_list":{"0":"post-81378","1":"post","2":"type-post","3":"status-publish","4":"format-standard","5":"has-post-thumbnail","7":"category-norge","8":"tag-art","9":"tag-breaking-news","10":"tag-breakingnews","11":"tag-featured-news","12":"tag-featurednews","13":"tag-forbruker","14":"tag-headlines","15":"tag-latest-news","16":"tag-latestnews","17":"tag-mat","18":"tag-news","19":"tag-no","20":"tag-norge","21":"tag-norway","22":"tag-nyheter","23":"tag-overskrifter","24":"tag-story","25":"tag-tilbakekalling","26":"tag-top-stories","27":"tag-topstories"},"share_on_mastodon":{"url":"https:\/\/pubeurope.com\/@no\/115510408912440347","error":""},"_links":{"self":[{"href":"https:\/\/www.europesays.com\/no\/wp-json\/wp\/v2\/posts\/81378","targetHints":{"allow":["GET"]}}],"collection":[{"href":"https:\/\/www.europesays.com\/no\/wp-json\/wp\/v2\/posts"}],"about":[{"href":"https:\/\/www.europesays.com\/no\/wp-json\/wp\/v2\/types\/post"}],"author":[{"embeddable":true,"href":"https:\/\/www.europesays.com\/no\/wp-json\/wp\/v2\/users\/2"}],"replies":[{"embeddable":true,"href":"https:\/\/www.europesays.com\/no\/wp-json\/wp\/v2\/comments?post=81378"}],"version-history":[{"count":0,"href":"https:\/\/www.europesays.com\/no\/wp-json\/wp\/v2\/posts\/81378\/revisions"}],"wp:featuredmedia":[{"embeddable":true,"href":"https:\/\/www.europesays.com\/no\/wp-json\/wp\/v2\/media\/1273"}],"wp:attachment":[{"href":"https:\/\/www.europesays.com\/no\/wp-json\/wp\/v2\/media?parent=81378"}],"wp:term":[{"taxonomy":"category","embeddable":true,"href":"https:\/\/www.europesays.com\/no\/wp-json\/wp\/v2\/categories?post=81378"},{"taxonomy":"post_tag","embeddable":true,"href":"https:\/\/www.europesays.com\/no\/wp-json\/wp\/v2\/tags?post=81378"}],"curies":[{"name":"wp","href":"https:\/\/api.w.org\/{rel}","templated":true}]}}