{"id":81403,"date":"2025-11-07T21:39:11","date_gmt":"2025-11-07T21:39:11","guid":{"rendered":"https:\/\/www.europesays.com\/no\/81403\/"},"modified":"2025-11-07T21:39:11","modified_gmt":"2025-11-07T21:39:11","slug":"tyrkia-utsteder-arrestordre-pa-netanyahu-2","status":"publish","type":"post","link":"https:\/\/www.europesays.com\/no\/81403\/","title":{"rendered":"Tyrkia utsteder arrestordre p\u00e5 Netanyahu"},"content":{"rendered":"\n<p class=\"_lead_o9xde_2 _lead_xtcu6_50 layout-component text-serif-m layout-normal text-serif-l layout-component layout-wide layout-padded _wide_17hqh_1 layout-padded\">Tyrkisk p\u00e5talemyndighet anklager Israels statsminister og 36 andre h\u00f8ytst\u00e5ende tjenestemenn for folkemord i Gaza.<\/p>\n<p><img alt=\" Foto: HANDOUT \/ AFP \/ NTB\" class=\"_image_qp4xg_65 layout-component layout-wide\" data-fullscreen- data-track-element-type=\"Article image fullscreen\" data-track-name=\"ImageFullscreen\" fetchpriority=\"high\" decoding=\"sync\" loading=\"eager\" height=\"1522\" itemprop=\"image\"  src=\"https:\/\/www.europesays.com\/no\/wp-content\/uploads\/2025\/11\/fb2ad187-fdd0-43af-b2a7-8bb8ac622461\"  style=\"object-position:0% 0%\" width=\"2522\"\/> Foto: HANDOUT \/ AFP \/ NTB<\/p>\n<ul aria-hidden=\"true\" class=\"_images_18f0k_111\">\n<li><a class=\"_link_18f0k_116\" href=\"https:\/\/www.vg.no\/forfatter\/isak-loeve-pilskog-loe\" style=\"z-index:1\" title=\"Isak L\u00f8ve Pilskog Loe\" rel=\"nofollow noopener\" target=\"_blank\"><img alt=\"Bilde av Isak L\u00f8ve Pilskog Loe\" class=\"_image_18f0k_93\" fetchpriority=\"low\" loading=\"lazy\" decoding=\"async\" itemprop=\"image\"  src=\"https:\/\/www.europesays.com\/no\/wp-content\/uploads\/2025\/11\/1762551549_490_8b0354e3-bf53-460c-9c1c-790321a0c923\"  width=\"480\"\/><\/a><\/li>\n<\/ul>\n<p> Oppdatert fredag 7. november kl. 21:54     <\/p>\n<p class=\"_paragraph_o9xde_4 _paragraph_xtcu6_10 layout-component text-serif-m layout-normal text-serif-m layout-padded\">Statsadvokaten i Istanbul har <a href=\"https:\/\/x.com\/istanbulCBS\/status\/1986842710276186127\" class=\"_link_o9xde_39\" rel=\"nofollow\">utstedt<\/a> arrestordre p\u00e5 37 israelske tjenestemenn, blant dem statsminister Benjamin Netanyahu..<\/p>\n<p class=\"_paragraph_o9xde_4 _paragraph_xtcu6_10 layout-component text-serif-m layout-normal text-serif-m layout-padded\">De er anklaget for \u00abfolkemord\u00bb og \u00abforbrytelser mot menneskeheten\u00bb i Gaza.<\/p>\n<p class=\"_paragraph_o9xde_4 _paragraph_xtcu6_10 layout-component text-serif-m layout-normal text-serif-m layout-padded\">Blant de andre som er siktet, er forsvarsminister Israel Katz, nasjonal sikkerhetsminister Itamar Ben-Gvir, forsvarssjef Eyal Zamir og marinekommand\u00f8r David Saar Salama.<\/p>\n<p class=\"_paragraph_o9xde_4 _paragraph_xtcu6_10 layout-component text-serif-m layout-normal text-serif-m layout-padded\">Israels utenriksminister Gideon Sa\u2019ar skriver p\u00e5 X at regjeringen \u00abmed forakt\u00bb avviser \u00abdet siste PR-stuntet til tyrannen Erdogan\u00bb.<\/p>\n<p class=\"_paragraph_o9xde_4 _paragraph_xtcu6_10 layout-component text-serif-m layout-normal text-serif-m layout-padded\">Recep Tayyip Erdogan er Tyrkias president.<\/p>\n<p>\u00abSystematiske angrep\u00bb mot sivile<\/p>\n<p class=\"_paragraph_o9xde_4 _paragraph_xtcu6_10 layout-component text-serif-m layout-normal text-serif-m layout-padded\">P\u00e5talemyndigheten viser til \u00absystematiske angrep\u00bb mot sivile siden 7. oktober 2023. De trekker spesielt fram angrepet p\u00e5 el-Ahli Baptist-sykehuset, hvor det ble rapportert om flere hundre drepte, samt bombingen av det Tyrkisk-Palestinske Vennskapssykehuset.<\/p>\n<p class=\"_paragraph_o9xde_4 _paragraph_xtcu6_10 layout-component text-serif-m layout-normal text-serif-m layout-padded\">Saken omfatter ogs\u00e5 Israels aksjon mot hjelpefl\u00e5ten Global Sumud, som skulle frakte n\u00f8dhjelp til Gaza men som hevder \u00e5 ha blitt angrepet p\u00e5 veien. Overlevende fra fl\u00e5ten ble fraktet tilbake til Tyrkia i oktober hvor de skal ha gitt forklaring til politiet.<\/p>\n<p>Viser til FN-konvensjon<\/p>\n<p class=\"_paragraph_o9xde_4 _paragraph_xtcu6_10 layout-component text-serif-m layout-normal text-serif-m layout-padded\">P\u00e5talemyndigheten sier angrepet skjedde i internasjonalt farvann og var et brudd p\u00e5 FNs havrettskonvensjon.<\/p>\n<p class=\"_paragraph_o9xde_4 _paragraph_xtcu6_10 layout-component text-serif-m layout-normal text-serif-m layout-padded\">Istanbul tingrett godkjente arrestordrene 7. november etter begj\u00e6ring fra statsadvokatembetet.<\/p>\n<p class=\"_paragraph_o9xde_4 _paragraph_xtcu6_10 layout-component text-serif-m layout-normal text-serif-m layout-padded\">Etterforskningen p\u00e5g\u00e5r fortsatt, opplyser tyrkiske myndigheter.<\/p>\n<p>    <img decoding=\"async\" alt=\"Tips oss illustrasjon\" src=\"https:\/\/www.europesays.com\/no\/wp-content\/uploads\/2025\/10\/pssst-small.webp.webp\"\/>    <\/p>\n<p class=\"title-serif-s\">Har du tips?<\/p>\n<p class=\"text-sans-m\">Send oss informasjon, bilder eller video.<\/p>\n<p>  <a href=\"https:\/\/www.vg.no\/tips-oss\" rel=\"nofollow noopener\" target=\"_blank\"> Tips oss <\/a>      <\/p>\n","protected":false},"excerpt":{"rendered":"Tyrkisk p\u00e5talemyndighet anklager Israels statsminister og 36 andre h\u00f8ytst\u00e5ende tjenestemenn for folkemord i Gaza. Foto: HANDOUT \/ AFP&hellip;\n","protected":false},"author":2,"featured_media":81404,"comment_status":"","ping_status":"","sticky":false,"template":"","format":"standard","meta":{"footnotes":""},"categories":[5],"tags":[31,20,21,24,25,15,19,22,23,17,18,13,30,28,29,14,16,26,27],"class_list":{"0":"post-81403","1":"post","2":"type-post","3":"status-publish","4":"format-standard","5":"has-post-thumbnail","7":"category-overskrifter","8":"tag-breaking","9":"tag-breaking-news","10":"tag-breakingnews","11":"tag-featured-news","12":"tag-featurednews","13":"tag-headlines","14":"tag-hovedoppslag","15":"tag-latest-news","16":"tag-latestnews","17":"tag-main-news","18":"tag-mainnews","19":"tag-news","20":"tag-no","21":"tag-norge","22":"tag-norway","23":"tag-nyheter","24":"tag-overskrifter","25":"tag-top-stories","26":"tag-topstories"},"share_on_mastodon":{"url":"https:\/\/pubeurope.com\/@no\/115510585953211053","error":""},"_links":{"self":[{"href":"https:\/\/www.europesays.com\/no\/wp-json\/wp\/v2\/posts\/81403","targetHints":{"allow":["GET"]}}],"collection":[{"href":"https:\/\/www.europesays.com\/no\/wp-json\/wp\/v2\/posts"}],"about":[{"href":"https:\/\/www.europesays.com\/no\/wp-json\/wp\/v2\/types\/post"}],"author":[{"embeddable":true,"href":"https:\/\/www.europesays.com\/no\/wp-json\/wp\/v2\/users\/2"}],"replies":[{"embeddable":true,"href":"https:\/\/www.europesays.com\/no\/wp-json\/wp\/v2\/comments?post=81403"}],"version-history":[{"count":0,"href":"https:\/\/www.europesays.com\/no\/wp-json\/wp\/v2\/posts\/81403\/revisions"}],"wp:featuredmedia":[{"embeddable":true,"href":"https:\/\/www.europesays.com\/no\/wp-json\/wp\/v2\/media\/81404"}],"wp:attachment":[{"href":"https:\/\/www.europesays.com\/no\/wp-json\/wp\/v2\/media?parent=81403"}],"wp:term":[{"taxonomy":"category","embeddable":true,"href":"https:\/\/www.europesays.com\/no\/wp-json\/wp\/v2\/categories?post=81403"},{"taxonomy":"post_tag","embeddable":true,"href":"https:\/\/www.europesays.com\/no\/wp-json\/wp\/v2\/tags?post=81403"}],"curies":[{"name":"wp","href":"https:\/\/api.w.org\/{rel}","templated":true}]}}