{"id":81407,"date":"2025-11-07T21:41:12","date_gmt":"2025-11-07T21:41:12","guid":{"rendered":"https:\/\/www.europesays.com\/no\/81407\/"},"modified":"2025-11-07T21:41:12","modified_gmt":"2025-11-07T21:41:12","slug":"gikk-ned-nesten-50-kg-pa-seks-maneder","status":"publish","type":"post","link":"https:\/\/www.europesays.com\/no\/81407\/","title":{"rendered":"Gikk ned nesten 50 kg p\u00e5 seks m\u00e5neder"},"content":{"rendered":"<p class=\"kicker \" style=\"\">\u00abCharter-Gry\u00bb:<\/p>\n<p>  &#8211; Jeg kan ikke slutte med alt, sier \u00abCharter-Gry\u00bb etter stor endring.<\/p>\n<p>\n    FORANDRING: \u00abCharter\u00bb-Gry har gjort store endringer i livet sitt. Foto: Privat\n  <\/p>\n<p>Gry Bjarnesdatter Pedersen, best kjent som den Irish Coffee-drikkende, dressingselskende \u00abCharter-Gry\u00bb, har de siste m\u00e5nedene v\u00e6rt gjennom en stor livsstilsendring<\/p>\n<p>    <a itemprop=\"url\" href=\"https:\/\/www.seher.no\/kjendis\/vi-har-et-naert-forhold\/83730425\" rel=\"nofollow noopener\" target=\"_blank\"><\/p>\n<p>      <img loading=\"lazy\" decoding=\"async\" src=\"https:\/\/www.europesays.com\/no\/wp-content\/uploads\/2025\/11\/83730435.webp\" width=\"980\" height=\"441\" title=\"- Vi har et n\u00e6rt forhold\" alt=\"\" class=\"lazyload\" style=\"--aspect-ratio-image: 2.22; \"\/><\/p>\n<p>        &#8211; Vi har et n\u00e6rt forhold<\/p>\n<p>    <\/a><\/p>\n<p>I et innlegg p\u00e5 <a href=\"https:\/\/www.facebook.com\/gry.lofsberg\/posts\/pfbid0xaLqiwUjy1fbb3ZdayLZE31RjdUmddcPKpmE5qNySXPA7Htjuwt3CqCodpiHSFVTl\" rel=\"nofollow noopener\" target=\"_blank\">Facebook <\/a>deler hun nyheten om at hun har g\u00e5tt ned n\u00e6rmere 50 kg p\u00e5 seks m\u00e5neder.<\/p>\n<p>\u00abSeks m\u00e5neder siden veien til et bedre liv startet. Og jeg ser det selv! Minus 48 kg gj\u00f8r noe med en (heldigvis)\u00bb, st\u00e5r det i innlegget.<\/p>\n<p>Slankeoperasjon\t<\/p>\n<p>Etter mange \u00e5r med jojo-slanking, fem \u00e5r p\u00e5 overvektklinikken og en helse som stadig gikk nedover, ble hun til slutt enig med klinikken om \u00e5 gjennomf\u00f8re slankeoperasjon.<\/p>\n<p>          <img loading=\"lazy\" decoding=\"async\" src=\"https:\/\/www.europesays.com\/no\/wp-content\/uploads\/2025\/11\/83824148.webp\" width=\"980\" height=\"559\" title=\"S\u00d8STRE: Gry Bjarnesdatter Pedersen er for mange kjent fra Viaplay-serien \u00abCharterfeber\u00bb sammen med s\u00f8steren Nina Pedersen Ellevog. Foto: Viaplay\" alt=\"\" class=\"\" style=\"--aspect-ratio-image: 1.75; \"\/><\/p>\n<p>\n          S\u00d8STRE: Gry Bjarnesdatter Pedersen er for mange kjent fra Viaplay-serien \u00abCharterfeber\u00bb sammen med s\u00f8steren Nina Pedersen Ellevog. Foto: Viaplay\n      <\/p>\n<p>&#8211; N\u00e5r det er s\u00e5 mange kilo s\u00e5 er det vanskelig \u00e5 g\u00e5 ned. Derfor ble det operasjon da, forteller hun til Se og H\u00f8r.<\/p>\n<p>Tiden etter operasjonen sier hun har v\u00e6rt helt super. Det har ikke v\u00e6rt noen komplikasjoner og hun har ikke hatt noen andre plager.<\/p>\n<p>    <a itemprop=\"url\" href=\"https:\/\/www.seher.no\/kjendis\/ekskjaeresten-avslorer-datet-begge-to\/83802659\" rel=\"nofollow noopener\" target=\"_blank\"><\/p>\n<p>      <img loading=\"lazy\" decoding=\"async\" src=\"https:\/\/www.europesays.com\/no\/wp-content\/uploads\/2025\/11\/1762551671_715_83713248.webp\" width=\"980\" height=\"441\" title=\"Ekskj\u00e6resten avsl\u00f8rer: Datet begge to!\" alt=\"\" class=\"lazyload\" style=\"--aspect-ratio-image: 2.22; \"\/><\/p>\n<p>        Ekskj\u00e6resten avsl\u00f8rer: Datet begge to!<\/p>\n<p>    <\/a><\/p>\n<p>&#8211; Jeg har ingenting \u00e5 klage over, sier en forn\u00f8yd Pedersen.<\/p>\n<p>Kl\u00e6rne passer ikke\t<\/p>\n<p>Pedersen er kort sagt str\u00e5lende forn\u00f8yd med vektreduksjonen. Helsen har blitt bedre og blodtrykket er akkurat som det skal v\u00e6re.<\/p>\n<p>    <a itemprop=\"url\" href=\"https:\/\/www.seher.no\/kjendis\/klinte-til-foran-kameraene\/83821979\" rel=\"nofollow noopener\" target=\"_blank\"><\/p>\n<p>      <img loading=\"lazy\" decoding=\"async\" src=\"https:\/\/www.europesays.com\/no\/wp-content\/uploads\/2025\/11\/83818400.webp\" width=\"980\" height=\"441\" title=\"Klinte til foran kameraene\" alt=\"\" class=\"lazyload\" style=\"--aspect-ratio-image: 2.22; \"\/><\/p>\n<p>        Klinte til foran kameraene<\/p>\n<p>    <\/a><\/p>\n<p>\u00abDet stiger bare litt i samv\u00e6r med idioter, men det er det heldigvis ikke s\u00e5 ofte jeg omg\u00e5s\u00bb, skriver hun p\u00e5 Facebook etterfulgt av en latter-emoji.<\/p>\n<p class=\"font-weight-bold m-font-weight-bold\" data-lab-font_weight=\"font-weight-bold\">Med unntak av sokkene, passer ikke lenger noen av kl\u00e6rne hennes.<\/p>\n<p>Nye rutiner &#8211; men noe forblir\t<\/p>\n<p>Selv om en slankeoperasjon hjelper med \u00e5 fjerne vekt, er man fremdeles n\u00f8dt til \u00e5 endre mye selv i etterkant. Pedersen har lagt om kostholdet og blitt en sunnere versjon av seg selv.<\/p>\n<p>        I SENGA: \u00abJakten\u00bb-bonden Magnus Mikkelhaug og frier Sandra blir bokstavelig talt tatt p\u00e5 senga av programleder Jan Thomas. Video: TV 2\/ R\u00f8d L\u00f8per<\/p>\n<p>&#8211; Hvis man ikke legger til seg gode vaner, s\u00e5 g\u00e5r man jo opp igjen. Det vil jeg jo ikke.<\/p>\n<p class=\"font-weight-bold m-font-weight-bold\" data-lab-font_weight=\"font-weight-bold\">Men hun skal ikke slutte \u00e5 leve livet selv om man har endret livsstilen.<\/p>\n<p>          <img loading=\"lazy\" decoding=\"async\" src=\"https:\/\/www.europesays.com\/no\/wp-content\/uploads\/2025\/11\/83824102.webp\" width=\"980\" height=\"559\" title=\"IRISH: De tre \u00abCharter\u00bb-damene er kjent for \u00e5 elske irish coffee. Foto: Morten Eik\" alt=\"\" class=\"\" style=\"--aspect-ratio-image: 1.75; \"\/><\/p>\n<p>\n          IRISH: De tre \u00abCharter\u00bb-damene er kjent for \u00e5 elske irish coffee. Foto: Morten Eik\n      <\/p>\n<p> Helgekosen med familien best\u00e5r. S\u00e5 holder hun seg sunn p\u00e5 hverdagene. <\/p>\n<p>B\u00e5de Irish Coffee og Strawberry Dacquiry skal hun ogs\u00e5 fortsette \u00e5 unne seg p\u00e5 ferier og i godt lag. Dressingen blir heller ikke lagt helt p\u00e5 hylla.<\/p>\n<p>&#8211; Jeg kan jo ikke slutte med alt. Og jeg tror ikke det er farlig i moderate mengder, avslutter \u00abCharterfeber\u00bb-profilen.<\/p>\n","protected":false},"excerpt":{"rendered":"\u00abCharter-Gry\u00bb: &#8211; Jeg kan ikke slutte med alt, sier \u00abCharter-Gry\u00bb etter stor endring. FORANDRING: \u00abCharter\u00bb-Gry har gjort store&hellip;\n","protected":false},"author":2,"featured_media":81408,"comment_status":"","ping_status":"","sticky":false,"template":"","format":"standard","meta":{"footnotes":""},"categories":[58],"tags":[6800,71,479,2543,30,28,29,72,6584],"class_list":{"0":"post-81407","1":"post","2":"type-post","3":"status-publish","4":"format-standard","5":"has-post-thumbnail","7":"category-underholdning","8":"tag-charterfeber","9":"tag-entertainment","10":"tag-kjendis","11":"tag-kjendisdesken","12":"tag-no","13":"tag-norge","14":"tag-norway","15":"tag-underholdning","16":"tag-vektnedgang"},"share_on_mastodon":{"url":"https:\/\/pubeurope.com\/@no\/115510593751402496","error":""},"_links":{"self":[{"href":"https:\/\/www.europesays.com\/no\/wp-json\/wp\/v2\/posts\/81407","targetHints":{"allow":["GET"]}}],"collection":[{"href":"https:\/\/www.europesays.com\/no\/wp-json\/wp\/v2\/posts"}],"about":[{"href":"https:\/\/www.europesays.com\/no\/wp-json\/wp\/v2\/types\/post"}],"author":[{"embeddable":true,"href":"https:\/\/www.europesays.com\/no\/wp-json\/wp\/v2\/users\/2"}],"replies":[{"embeddable":true,"href":"https:\/\/www.europesays.com\/no\/wp-json\/wp\/v2\/comments?post=81407"}],"version-history":[{"count":0,"href":"https:\/\/www.europesays.com\/no\/wp-json\/wp\/v2\/posts\/81407\/revisions"}],"wp:featuredmedia":[{"embeddable":true,"href":"https:\/\/www.europesays.com\/no\/wp-json\/wp\/v2\/media\/81408"}],"wp:attachment":[{"href":"https:\/\/www.europesays.com\/no\/wp-json\/wp\/v2\/media?parent=81407"}],"wp:term":[{"taxonomy":"category","embeddable":true,"href":"https:\/\/www.europesays.com\/no\/wp-json\/wp\/v2\/categories?post=81407"},{"taxonomy":"post_tag","embeddable":true,"href":"https:\/\/www.europesays.com\/no\/wp-json\/wp\/v2\/tags?post=81407"}],"curies":[{"name":"wp","href":"https:\/\/api.w.org\/{rel}","templated":true}]}}